{"id":26610,"date":"2020-01-10T17:36:21","date_gmt":"2020-01-10T17:36:21","guid":{"rendered":"https:\/\/www.achimbrueckner.de\/dxradio\/php\/wordpress\/?p=26610"},"modified":"2020-01-10T17:36:21","modified_gmt":"2020-01-10T17:36:21","slug":"plex-mochte-andere-streaming-dienste-integrieren-und-eure-medien-zentrale-werden","status":"publish","type":"post","link":"https:\/\/www.achimbrueckner.de\/dxradio\/php\/wordpress\/?p=26610","title":{"rendered":"Plex m\u00f6chte andere Streaming-Dienste integrieren und eure Medien-Zentrale werden"},"content":{"rendered":"<p><a href=\"https:\/\/stadt-bremerhaven.de\/plex-moechte-andere-streaming-dienste-integrieren-und-eure-medien-zentrale-werden\/\" rel=\"noopener noreferrer\" target=\"_blank\">https:\/\/stadt-bremerhaven.de\/plex-moechte-andere-streaming-dienste-integrieren-und-eure-medien-zentrale-werden\/<\/a><\/p>\n","protected":false},"excerpt":{"rendered":"<p>https:\/\/stadt-bremerhaven.de\/plex-moechte-andere-streaming-dienste-integrieren-und-eure-medien-zentrale-werden\/<\/p>\n","protected":false},"author":1,"featured_media":0,"comment_status":"closed","ping_status":"open","sticky":false,"template":"","format":"standard","meta":{"_jetpack_memberships_contains_paid_content":false,"footnotes":"","jetpack_publicize_message":"","jetpack_publicize_feature_enabled":true,"jetpack_social_post_already_shared":true,"jetpack_social_options":{"image_generator_settings":{"template":"highway","default_image_id":0,"font":"","enabled":false},"version":2}},"categories":[1,15],"tags":[24,45],"class_list":["post-26610","post","type-post","status-publish","format-standard","hentry","category-deutsch","category-medien","tag-am","tag-medien"],"jetpack_publicize_connections":[],"jetpack_featured_media_url":"","jetpack_sharing_enabled":true,"jetpack_shortlink":"https:\/\/wp.me\/p5CDmr-6Vc","jetpack-related-posts":[{"id":20223,"url":"https:\/\/www.achimbrueckner.de\/dxradio\/php\/wordpress\/?p=20223","url_meta":{"origin":26610,"position":0},"title":"Medienkonsum 12-19 Jahre &#8211; Whatsapp, Youtube und Netflix dominieren, Facebook st\u00fcrzt stark ab","author":"Administrator","date":"December 1, 2018","format":false,"excerpt":"https:\/\/www.gamestar.de\/artikel\/netflix-co-streaming-dienste-dominieren-medienkonsum-jugendlicher-facebook-stuerzt-ab,3337703.html","rel":"","context":"In &quot;Deutsch&quot;","block_context":{"text":"Deutsch","link":"https:\/\/www.achimbrueckner.de\/dxradio\/php\/wordpress\/?cat=1"},"img":{"alt_text":"","src":"","width":0,"height":0},"classes":[]},{"id":5887,"url":"https:\/\/www.achimbrueckner.de\/dxradio\/php\/wordpress\/?p=5887","url_meta":{"origin":26610,"position":1},"title":"50 Jahre ARD\/ZDF-Studie Massenkommunikation: Fernsehen und Radio weiter zentrale Medien","author":"Administrator","date":"September 10, 2015","format":false,"excerpt":"http:\/\/www.radiowoche.de\/50-jahre-ardzdf-studie-massenkommunikation-fernsehen-und-radio-weiter-zentrale-medien\/","rel":"","context":"In &quot;Deutsch&quot;","block_context":{"text":"Deutsch","link":"https:\/\/www.achimbrueckner.de\/dxradio\/php\/wordpress\/?cat=1"},"img":{"alt_text":"","src":"","width":0,"height":0},"classes":[]},{"id":36675,"url":"https:\/\/www.achimbrueckner.de\/dxradio\/php\/wordpress\/?p=36675","url_meta":{"origin":26610,"position":2},"title":"Comscore: Werbefinanziertes Streaming \u00fcberholt Abo-Dienste","author":"Administrator","date":"June 23, 2022","format":false,"excerpt":"https:\/\/www.teltarif.de\/streaming-werbung-medien-werbefrei\/news\/88526.html","rel":"","context":"In &quot;Deutsch&quot;","block_context":{"text":"Deutsch","link":"https:\/\/www.achimbrueckner.de\/dxradio\/php\/wordpress\/?cat=1"},"img":{"alt_text":"","src":"","width":0,"height":0},"classes":[]},{"id":5955,"url":"https:\/\/www.achimbrueckner.de\/dxradio\/php\/wordpress\/?p=5955","url_meta":{"origin":26610,"position":3},"title":"ARD\/ZDF-Studie: Fernsehen und Radio zentrale Medien vor dem Internet","author":"Administrator","date":"September 15, 2015","format":false,"excerpt":"http:\/\/www.ibusiness.de\/aktuell\/db\/980558SUR.html","rel":"","context":"In &quot;Deutsch&quot;","block_context":{"text":"Deutsch","link":"https:\/\/www.achimbrueckner.de\/dxradio\/php\/wordpress\/?cat=1"},"img":{"alt_text":"","src":"","width":0,"height":0},"classes":[]},{"id":29550,"url":"https:\/\/www.achimbrueckner.de\/dxradio\/php\/wordpress\/?p=29550","url_meta":{"origin":26610,"position":4},"title":"Streaming: Plex f\u00fcgt mehr als 80 freie Live-TV-Kan\u00e4le hinzu","author":"Administrator","date":"July 24, 2020","format":false,"excerpt":"https:\/\/stadt-bremerhaven.de\/streaming-plex-fuegt-mehr-als-80-freie-live-tv-kanaele-hinzu\/","rel":"","context":"In &quot;Deutsch&quot;","block_context":{"text":"Deutsch","link":"https:\/\/www.achimbrueckner.de\/dxradio\/php\/wordpress\/?cat=1"},"img":{"alt_text":"","src":"","width":0,"height":0},"classes":[]},{"id":4424,"url":"https:\/\/www.achimbrueckner.de\/dxradio\/php\/wordpress\/?p=4424","url_meta":{"origin":26610,"position":5},"title":"SAT- und DX\u00e9r Magazins der SATzentrale 21.04.2015","author":"Administrator","date":"April 20, 2015","format":false,"excerpt":"Hallo liebe Radio und DX\u00e9r Freunde, am 21.04.2015 ist es wieder soweit. An diesem Tag l\u00e4uft um 21:00 Uhr MEZ eine neue Ausgabe des SAT- und DX\u00e9r Magazins der SATzentrale. In der mittlerweile 13. Ausgabe gibt es wieder interessante Themen: Im Mai und Juni finden wieder zahlreiche DX\u00e9r Treffen statt.\u2026","rel":"","context":"In &quot;Deutsch&quot;","block_context":{"text":"Deutsch","link":"https:\/\/www.achimbrueckner.de\/dxradio\/php\/wordpress\/?cat=1"},"img":{"alt_text":"","src":"","width":0,"height":0},"classes":[]}],"_links":{"self":[{"href":"https:\/\/www.achimbrueckner.de\/dxradio\/php\/wordpress\/index.php?rest_route=\/wp\/v2\/posts\/26610","targetHints":{"allow":["GET"]}}],"collection":[{"href":"https:\/\/www.achimbrueckner.de\/dxradio\/php\/wordpress\/index.php?rest_route=\/wp\/v2\/posts"}],"about":[{"href":"https:\/\/www.achimbrueckner.de\/dxradio\/php\/wordpress\/index.php?rest_route=\/wp\/v2\/types\/post"}],"author":[{"embeddable":true,"href":"https:\/\/www.achimbrueckner.de\/dxradio\/php\/wordpress\/index.php?rest_route=\/wp\/v2\/users\/1"}],"replies":[{"embeddable":true,"href":"https:\/\/www.achimbrueckner.de\/dxradio\/php\/wordpress\/index.php?rest_route=%2Fwp%2Fv2%2Fcomments&post=26610"}],"version-history":[{"count":0,"href":"https:\/\/www.achimbrueckner.de\/dxradio\/php\/wordpress\/index.php?rest_route=\/wp\/v2\/posts\/26610\/revisions"}],"wp:attachment":[{"href":"https:\/\/www.achimbrueckner.de\/dxradio\/php\/wordpress\/index.php?rest_route=%2Fwp%2Fv2%2Fmedia&parent=26610"}],"wp:term":[{"taxonomy":"category","embeddable":true,"href":"https:\/\/www.achimbrueckner.de\/dxradio\/php\/wordpress\/index.php?rest_route=%2Fwp%2Fv2%2Fcategories&post=26610"},{"taxonomy":"post_tag","embeddable":true,"href":"https:\/\/www.achimbrueckner.de\/dxradio\/php\/wordpress\/index.php?rest_route=%2Fwp%2Fv2%2Ftags&post=26610"}],"curies":[{"name":"wp","href":"https:\/\/api.w.org\/{rel}","templated":true}]}}