{"id":26622,"date":"2020-01-12T10:10:29","date_gmt":"2020-01-12T10:10:29","guid":{"rendered":"https:\/\/www.achimbrueckner.de\/dxradio\/php\/wordpress\/?p=26622"},"modified":"2020-01-12T10:10:29","modified_gmt":"2020-01-12T10:10:29","slug":"deutschsprachige-kiwisdr-gruppe","status":"publish","type":"post","link":"https:\/\/www.achimbrueckner.de\/dxradio\/php\/wordpress\/?p=26622","title":{"rendered":"Deutschsprachige KiwiSDR Gruppe"},"content":{"rendered":"<p>Chris, DL7AG hat eine deutschsprachige KiwiSDR Gruppe auf Facebook gegr\u00fcndet um hier den Freunden dieses zukunftsweisenden SDRs eine Plattform zum Informationsaustausch zu erm\u00f6glichen. So hat er auch das Handbuch gro\u00dfteils auf Deutsch \u00fcbersetzt um hier Hilfe zu bieten.<\/p>\n<p>Kann man allen Kiwifans die auch auf Facebook vertreten sind nur empfehlen!<\/p>\n<p><a href=\"https:\/\/www.facebook.com\/groups\/kiwisdr\/\" rel=\"noopener noreferrer\" target=\"_blank\">https:\/\/www.facebook.com\/groups\/kiwisdr\/<\/a><\/p>\n<p>Info via <a href=\"http:\/\/www.ratzer.at\" rel=\"noopener noreferrer\" target=\"_blank\">A-DX<\/a><\/p>\n","protected":false},"excerpt":{"rendered":"<p>Chris, DL7AG hat eine deutschsprachige KiwiSDR Gruppe auf Facebook gegr\u00fcndet um hier den Freunden dieses zukunftsweisenden SDRs eine Plattform zum Informationsaustausch zu erm\u00f6glichen. So hat er auch das Handbuch gro\u00dfteils auf Deutsch \u00fcbersetzt um hier Hilfe zu bieten. Kann man allen Kiwifans die auch auf Facebook vertreten sind nur empfehlen! https:\/\/www.facebook.com\/groups\/kiwisdr\/ Info via A-DX<\/p>\n","protected":false},"author":1,"featured_media":0,"comment_status":"closed","ping_status":"open","sticky":false,"template":"","format":"standard","meta":{"_jetpack_memberships_contains_paid_content":false,"footnotes":"","jetpack_publicize_message":"","jetpack_publicize_feature_enabled":true,"jetpack_social_post_already_shared":true,"jetpack_social_options":{"image_generator_settings":{"template":"highway","default_image_id":0,"font":"","enabled":false},"version":2}},"categories":[1,14],"tags":[40],"class_list":["post-26622","post","type-post","status-publish","format-standard","hentry","category-deutsch","category-dx","tag-dx"],"jetpack_publicize_connections":[],"jetpack_featured_media_url":"","jetpack_sharing_enabled":true,"jetpack_shortlink":"https:\/\/wp.me\/p5CDmr-6Vo","jetpack-related-posts":[{"id":26357,"url":"https:\/\/www.achimbrueckner.de\/dxradio\/php\/wordpress\/?p=26357","url_meta":{"origin":26622,"position":0},"title":"KiwiSDR mit DRM","author":"Administrator","date":"December 26, 2019","format":false,"excerpt":"Ein Software-Update bringt einen integrierten DRM-Empf\u00e4nger (Digital Radio Mondiale) auf Basis von Dream 2.1.1 in alle KiwiSDRs. BeagleBone-Gr\u00fcn\/Schwarz basierte Kiwis unterst\u00fctzen einen DRM-Kanal, BeagleBone-AI Kiwis unterst\u00fctzen vier. Die Entwicklungsarbeit geht weiter, meldet KiwiSDR auf Twitter am \"Boxing Day\".(Y) In der discord-HF-Gruppe war zu lesen: \".....but they now have DRM and\u2026","rel":"","context":"In &quot;Deutsch&quot;","block_context":{"text":"Deutsch","link":"https:\/\/www.achimbrueckner.de\/dxradio\/php\/wordpress\/?cat=1"},"img":{"alt_text":"","src":"","width":0,"height":0},"classes":[]},{"id":2610,"url":"https:\/\/www.achimbrueckner.de\/dxradio\/php\/wordpress\/?p=2610","url_meta":{"origin":26622,"position":1},"title":"Heute Wiederholung Sendung: Jubi deutschsprachige Sendungen aus Quito","author":"Administrator","date":"August 17, 2013","format":false,"excerpt":"Hallo zusammen, anl\u00e4sslich des Jubil\u00e4ums \"60 Jahre deutschsprachige Sendungen aus Quito\" wiederholen wir heute Abend nochmal die Sondersendung vom Dienstag, heute Abend 17.08.2013, 20.30 UTC ( 22.30 MESZ) auf 3995 kHz und nat\u00fcrlich auch per Internetstream und Phonecast. Anschliessend dann wie \u00fcblich die DX Sendung. Mehr Infos siehe unten. 73,\u2026","rel":"","context":"In &quot;Deutsch&quot;","block_context":{"text":"Deutsch","link":"https:\/\/www.achimbrueckner.de\/dxradio\/php\/wordpress\/?cat=1"},"img":{"alt_text":"","src":"","width":0,"height":0},"classes":[]},{"id":1425,"url":"https:\/\/www.achimbrueckner.de\/dxradio\/php\/wordpress\/?p=1425","url_meta":{"origin":26622,"position":2},"title":"HCJB Deutsch Podcast","author":"Administrator","date":"March 26, 2011","format":false,"excerpt":"zu den bei Radio 700.info verf\u00fcgbaren Podcasts z\u00e4hlt jetzt auch das deutschsprachige Programm von Radio HCJB. Infos zum Programm und den Podcast-Link findet man hier: http:\/\/radio700.info\/index.php?option=com_content&view=article&id=56&Itemid=64 Info via A-DX","rel":"","context":"In &quot;Deutsch&quot;","block_context":{"text":"Deutsch","link":"https:\/\/www.achimbrueckner.de\/dxradio\/php\/wordpress\/?cat=1"},"img":{"alt_text":"","src":"","width":0,"height":0},"classes":[]},{"id":1863,"url":"https:\/\/www.achimbrueckner.de\/dxradio\/php\/wordpress\/?p=1863","url_meta":{"origin":26622,"position":3},"title":"\u00e2\u20ac\u017eRadiofreunde NRW\u00e2\u20ac\u0153 &#8211; eine neue Interessengemeinschaft im Westen.","author":"Administrator","date":"October 28, 2011","format":false,"excerpt":"\u00e2\u20ac\u017eRadiofreunde NRW\u00e2\u20ac\u0153 - eine neue Interessengemeinschaft im Westen. Wer sind wir? Die RADIOFREUNDE NRW sind eine lose Gruppe von Kurzwellenh\u00f6rern, DXern und Rundfunkinteressierten. Unser Fokus liegt auf dem Empfang auf Lang-, Mittel- und Kurzwelle. Auch f\u00fcr andere Empfangsbereiche und Kommunikationswege sind wir offen und laden Interessierte ein, sich mit uns\u2026","rel":"","context":"In &quot;Deutsch&quot;","block_context":{"text":"Deutsch","link":"https:\/\/www.achimbrueckner.de\/dxradio\/php\/wordpress\/?cat=1"},"img":{"alt_text":"","src":"","width":0,"height":0},"classes":[]},{"id":42018,"url":"https:\/\/www.achimbrueckner.de\/dxradio\/php\/wordpress\/?p=42018","url_meta":{"origin":26622,"position":4},"title":"Abschiedssendung des Kurzwellensenders Moosbrunn 31.12.2024","author":"Administrator","date":"December 4, 2024","format":false,"excerpt":"Mit gro\u00dfer Freude darf ich euch hier in unserer A-DX Gruppe berichten, dass es eine Abschiedssendung des Kurzwellensenders Moosbrunn bei Wien geben wird: Als Abschiedssendung am 31.12.2024, 9 - 12 Uhr UTC, ist auf 6055 kHz mit 100 kW Sendeleistung ist folgendes Programm geplant: \u2022 Kurzwellen-Panorama von Herbert Richard Leutgeb\u2026","rel":"","context":"In &quot;Deutsch&quot;","block_context":{"text":"Deutsch","link":"https:\/\/www.achimbrueckner.de\/dxradio\/php\/wordpress\/?cat=1"},"img":{"alt_text":"","src":"","width":0,"height":0},"classes":[]},{"id":3140,"url":"https:\/\/www.achimbrueckner.de\/dxradio\/php\/wordpress\/?p=3140","url_meta":{"origin":26622,"position":5},"title":"Diplomkontest des RTI Hoererklubs Ottenau aus Anlass des 33. ueberregionalen DX-Treffens in Ottenau","author":"Administrator","date":"May 5, 2014","format":false,"excerpt":"Aus Anlass des 33. \u00fcberregionalen DX-Treffens und RTI H\u00f6rertreffens am 10. Mai 2014 im Steakhouse Strauss in Ottenau (Treffpunkt ab 13 Uhr mitteleurop\u00e4ischer Sommerzeit in der Marxstrasse 12) f\u00fchrt unser RTI H\u00f6rerklub Ottenau auch in diesem Jahr wieder einen Diplomkontest durch. Zu empfangen sind im Zeitraum zwischen Freitag 9. und\u2026","rel":"","context":"In &quot;contests&quot;","block_context":{"text":"contests","link":"https:\/\/www.achimbrueckner.de\/dxradio\/php\/wordpress\/?cat=6"},"img":{"alt_text":"","src":"","width":0,"height":0},"classes":[]}],"_links":{"self":[{"href":"https:\/\/www.achimbrueckner.de\/dxradio\/php\/wordpress\/index.php?rest_route=\/wp\/v2\/posts\/26622","targetHints":{"allow":["GET"]}}],"collection":[{"href":"https:\/\/www.achimbrueckner.de\/dxradio\/php\/wordpress\/index.php?rest_route=\/wp\/v2\/posts"}],"about":[{"href":"https:\/\/www.achimbrueckner.de\/dxradio\/php\/wordpress\/index.php?rest_route=\/wp\/v2\/types\/post"}],"author":[{"embeddable":true,"href":"https:\/\/www.achimbrueckner.de\/dxradio\/php\/wordpress\/index.php?rest_route=\/wp\/v2\/users\/1"}],"replies":[{"embeddable":true,"href":"https:\/\/www.achimbrueckner.de\/dxradio\/php\/wordpress\/index.php?rest_route=%2Fwp%2Fv2%2Fcomments&post=26622"}],"version-history":[{"count":0,"href":"https:\/\/www.achimbrueckner.de\/dxradio\/php\/wordpress\/index.php?rest_route=\/wp\/v2\/posts\/26622\/revisions"}],"wp:attachment":[{"href":"https:\/\/www.achimbrueckner.de\/dxradio\/php\/wordpress\/index.php?rest_route=%2Fwp%2Fv2%2Fmedia&parent=26622"}],"wp:term":[{"taxonomy":"category","embeddable":true,"href":"https:\/\/www.achimbrueckner.de\/dxradio\/php\/wordpress\/index.php?rest_route=%2Fwp%2Fv2%2Fcategories&post=26622"},{"taxonomy":"post_tag","embeddable":true,"href":"https:\/\/www.achimbrueckner.de\/dxradio\/php\/wordpress\/index.php?rest_route=%2Fwp%2Fv2%2Ftags&post=26622"}],"curies":[{"name":"wp","href":"https:\/\/api.w.org\/{rel}","templated":true}]}}