{"id":26647,"date":"2020-01-14T17:46:42","date_gmt":"2020-01-14T17:46:42","guid":{"rendered":"https:\/\/www.achimbrueckner.de\/dxradio\/php\/wordpress\/?p=26647"},"modified":"2020-01-14T17:46:42","modified_gmt":"2020-01-14T17:46:42","slug":"die-geschichte-der-langwelle-in-deutschland","status":"publish","type":"post","link":"https:\/\/www.achimbrueckner.de\/dxradio\/php\/wordpress\/?p=26647","title":{"rendered":"Die Geschichte der Langwelle in Deutschland"},"content":{"rendered":"<p><a href=\"https:\/\/soundcloud.com\/user-778506161\/die-geschichte-der-langwelle-onm\" rel=\"noopener noreferrer\" target=\"_blank\">https:\/\/soundcloud.com\/user-778506161\/die-geschichte-der-langwelle-onm<\/a><\/p>\n","protected":false},"excerpt":{"rendered":"<p>https:\/\/soundcloud.com\/user-778506161\/die-geschichte-der-langwelle-onm<\/p>\n","protected":false},"author":1,"featured_media":0,"comment_status":"closed","ping_status":"open","sticky":false,"template":"","format":"standard","meta":{"_jetpack_memberships_contains_paid_content":false,"footnotes":"","jetpack_publicize_message":"","jetpack_publicize_feature_enabled":true,"jetpack_social_post_already_shared":true,"jetpack_social_options":{"image_generator_settings":{"template":"highway","default_image_id":0,"font":"","enabled":false},"version":2}},"categories":[1],"tags":[],"class_list":["post-26647","post","type-post","status-publish","format-standard","hentry","category-deutsch"],"jetpack_publicize_connections":[],"jetpack_featured_media_url":"","jetpack_sharing_enabled":true,"jetpack_shortlink":"https:\/\/wp.me\/p5CDmr-6VN","jetpack-related-posts":[{"id":660,"url":"https:\/\/www.achimbrueckner.de\/dxradio\/php\/wordpress\/?p=660","url_meta":{"origin":26647,"position":0},"title":"Deutschlandrundfahrt &#8211; &#8220;An der Wiege des Rundfunks&#8221;","author":"Administrator","date":"November 1, 2009","format":false,"excerpt":"Sa., 21.11.2009 15:05-16:00 MEZ Deutschlandradio Kultur Deutschlandrundfahrt - \"An der Wiege des Rundfunks\" Zur Feier der 750. Sendung besucht die \"Deutschlandrundfahrt\" einen rundfunkhistorischen Ort: K\u00f6nigs Wusterhausen. Hier nahm 1920 der erste deutsche Rundfunksender den Betrieb mit der Ausstrahlung eines Weihnachtskonzerts \u00fcber Langwelle auf. Heute erinnert ein Museum an diesen Teil\u2026","rel":"","context":"In &quot;Deutsch&quot;","block_context":{"text":"Deutsch","link":"https:\/\/www.achimbrueckner.de\/dxradio\/php\/wordpress\/?cat=1"},"img":{"alt_text":"","src":"","width":0,"height":0},"classes":[]},{"id":26535,"url":"https:\/\/www.achimbrueckner.de\/dxradio\/php\/wordpress\/?p=26535","url_meta":{"origin":26647,"position":1},"title":"Europe 1 auf Langwelle ist Geschichte","author":"Administrator","date":"January 4, 2020","format":false,"excerpt":"https:\/\/www.smartphonefan.de\/2020\/01\/04\/europe-1-auf-langwelle-ist-geschichte\/","rel":"","context":"In &quot;Deutsch&quot;","block_context":{"text":"Deutsch","link":"https:\/\/www.achimbrueckner.de\/dxradio\/php\/wordpress\/?cat=1"},"img":{"alt_text":"","src":"","width":0,"height":0},"classes":[]},{"id":16697,"url":"https:\/\/www.achimbrueckner.de\/dxradio\/php\/wordpress\/?p=16697","url_meta":{"origin":26647,"position":2},"title":"Drahtlos aus K\u00f6nigs Wusterhausen &#8211; Als die Langwelle entdeckt wurde","author":"Administrator","date":"March 1, 2018","format":false,"excerpt":"10. M\u00e4rz 2018 Deutschlandfunk Kultur 05:05 Uhr Aus den Archivenaufnehmen Drahtlos aus K\u00f6nigs Wusterhausen - Als die Langwelle entdeckt wurde Aus der Kinderstube des Rundfunks in Deutschland DLF 1973 http:\/\/www.deutschlandfunkkultur.de\/aus-den-archiven.1260.de.html","rel":"","context":"In &quot;Deutsch&quot;","block_context":{"text":"Deutsch","link":"https:\/\/www.achimbrueckner.de\/dxradio\/php\/wordpress\/?cat=1"},"img":{"alt_text":"","src":"","width":0,"height":0},"classes":[]},{"id":35531,"url":"https:\/\/www.achimbrueckner.de\/dxradio\/php\/wordpress\/?p=35531","url_meta":{"origin":26647,"position":3},"title":"Die Geschichte des Privatradios in Deutschland &#8211; Von der Servicewelle zum Dudelfunk","author":"Administrator","date":"April 2, 2022","format":false,"excerpt":"https:\/\/www.podcast.de\/episode\/587927370\/die-geschichte-des-privatradios-in-deutschland-von-der-servicewelle-zum-dudelfunk","rel":"","context":"In &quot;Deutsch&quot;","block_context":{"text":"Deutsch","link":"https:\/\/www.achimbrueckner.de\/dxradio\/php\/wordpress\/?cat=1"},"img":{"alt_text":"","src":"","width":0,"height":0},"classes":[]},{"id":34076,"url":"https:\/\/www.achimbrueckner.de\/dxradio\/php\/wordpress\/?p=34076","url_meta":{"origin":26647,"position":4},"title":"Thomas Riegler Geschichte des Rundfunks","author":"Administrator","date":"November 25, 2021","format":false,"excerpt":"Buchtipp: Thomas Riegler hat ein 239-Seiten B\u00fcchlein zur Geschichte des Rundfunks rausgebracht, das bei Amazon erh\u00e4ltlich ist. Die Geschichte des Rundfunks beginnt 1873 mit dem Nachweis der elektromagnetischen Wellen und der Erforschung ihrer Eigenschaften. Erste erfolgreiche Funkversuche erfolgten um 1894. Nur zehn Jahre sp\u00e4ter wurden die ersten T\u00f6ne \u00fcbertragen. Womit\u2026","rel":"","context":"In &quot;Deutsch&quot;","block_context":{"text":"Deutsch","link":"https:\/\/www.achimbrueckner.de\/dxradio\/php\/wordpress\/?cat=1"},"img":{"alt_text":"","src":"","width":0,"height":0},"classes":[]},{"id":1186,"url":"https:\/\/www.achimbrueckner.de\/dxradio\/php\/wordpress\/?p=1186","url_meta":{"origin":26647,"position":5},"title":"Radio unterm Hakenkreuz 1933 &#8211; 1945","author":"Administrator","date":"October 16, 2010","format":false,"excerpt":"Feature Die Geschichte des Rundfunks in Deutschland Radio unterm Hakenkreuz 1933 - 1945 (1. Teil) Von Hans Sarkowicz Im Zuge der mit aller Macht betriebenen Gleichschaltung kam dem Radio schon fr\u00fch eine nicht zu untersch\u00e4tzende Rolle zu. Der Rundfunk in Deutschland hatte einen wesentlichen Anteil an der Eroberung auch der\u2026","rel":"","context":"In &quot;Deutsch&quot;","block_context":{"text":"Deutsch","link":"https:\/\/www.achimbrueckner.de\/dxradio\/php\/wordpress\/?cat=1"},"img":{"alt_text":"","src":"","width":0,"height":0},"classes":[]}],"_links":{"self":[{"href":"https:\/\/www.achimbrueckner.de\/dxradio\/php\/wordpress\/index.php?rest_route=\/wp\/v2\/posts\/26647","targetHints":{"allow":["GET"]}}],"collection":[{"href":"https:\/\/www.achimbrueckner.de\/dxradio\/php\/wordpress\/index.php?rest_route=\/wp\/v2\/posts"}],"about":[{"href":"https:\/\/www.achimbrueckner.de\/dxradio\/php\/wordpress\/index.php?rest_route=\/wp\/v2\/types\/post"}],"author":[{"embeddable":true,"href":"https:\/\/www.achimbrueckner.de\/dxradio\/php\/wordpress\/index.php?rest_route=\/wp\/v2\/users\/1"}],"replies":[{"embeddable":true,"href":"https:\/\/www.achimbrueckner.de\/dxradio\/php\/wordpress\/index.php?rest_route=%2Fwp%2Fv2%2Fcomments&post=26647"}],"version-history":[{"count":0,"href":"https:\/\/www.achimbrueckner.de\/dxradio\/php\/wordpress\/index.php?rest_route=\/wp\/v2\/posts\/26647\/revisions"}],"wp:attachment":[{"href":"https:\/\/www.achimbrueckner.de\/dxradio\/php\/wordpress\/index.php?rest_route=%2Fwp%2Fv2%2Fmedia&parent=26647"}],"wp:term":[{"taxonomy":"category","embeddable":true,"href":"https:\/\/www.achimbrueckner.de\/dxradio\/php\/wordpress\/index.php?rest_route=%2Fwp%2Fv2%2Fcategories&post=26647"},{"taxonomy":"post_tag","embeddable":true,"href":"https:\/\/www.achimbrueckner.de\/dxradio\/php\/wordpress\/index.php?rest_route=%2Fwp%2Fv2%2Ftags&post=26647"}],"curies":[{"name":"wp","href":"https:\/\/api.w.org\/{rel}","templated":true}]}}