{"id":26996,"date":"2020-02-04T16:58:51","date_gmt":"2020-02-04T16:58:51","guid":{"rendered":"https:\/\/www.achimbrueckner.de\/dxradio\/php\/wordpress\/?p=26996"},"modified":"2020-02-04T16:58:51","modified_gmt":"2020-02-04T16:58:51","slug":"das-unfaire-musik-streaming-geschaft","status":"publish","type":"post","link":"https:\/\/www.achimbrueckner.de\/dxradio\/php\/wordpress\/?p=26996","title":{"rendered":"Das unfaire Musik-Streaming-Gesch\u00e4ft"},"content":{"rendered":"<p><a href=\"https:\/\/www.dance-charts.de\/2020020312453\/das-unfaire-musik-streaming-geschaeft\" rel=\"noopener noreferrer\" target=\"_blank\">https:\/\/www.dance-charts.de\/2020020312453\/das-unfaire-musik-streaming-geschaeft<\/a><\/p>\n","protected":false},"excerpt":{"rendered":"<p>https:\/\/www.dance-charts.de\/2020020312453\/das-unfaire-musik-streaming-geschaeft<\/p>\n","protected":false},"author":1,"featured_media":0,"comment_status":"closed","ping_status":"open","sticky":false,"template":"","format":"standard","meta":{"_jetpack_memberships_contains_paid_content":false,"footnotes":"","jetpack_publicize_message":"","jetpack_publicize_feature_enabled":true,"jetpack_social_post_already_shared":true,"jetpack_social_options":{"image_generator_settings":{"template":"highway","default_image_id":0,"font":"","enabled":false},"version":2}},"categories":[1],"tags":[24],"class_list":["post-26996","post","type-post","status-publish","format-standard","hentry","category-deutsch","tag-am"],"jetpack_publicize_connections":[],"jetpack_featured_media_url":"","jetpack_sharing_enabled":true,"jetpack_shortlink":"https:\/\/wp.me\/p5CDmr-71q","jetpack-related-posts":[{"id":26449,"url":"https:\/\/www.achimbrueckner.de\/dxradio\/php\/wordpress\/?p=26449","url_meta":{"origin":26996,"position":0},"title":"Folgen f\u00fcr Musik und K\u00fcnstler Wie das Streaming die Musikbranche ver\u00e4ndert hat","author":"Administrator","date":"December 30, 2019","format":false,"excerpt":"https:\/\/www.faz.net\/2.1690\/spotify-und-co-wie-das-streaming-die-musikbranche-veraendert-hat-16555135.html","rel":"","context":"In &quot;English&quot;","block_context":{"text":"English","link":"https:\/\/www.achimbrueckner.de\/dxradio\/php\/wordpress\/?cat=2"},"img":{"alt_text":"","src":"","width":0,"height":0},"classes":[]},{"id":34415,"url":"https:\/\/www.achimbrueckner.de\/dxradio\/php\/wordpress\/?p=34415","url_meta":{"origin":26996,"position":1},"title":"teltarif.de-Talk: Schafft sich das Radio selbst ab?","author":"Administrator","date":"January 14, 2022","format":false,"excerpt":"https:\/\/www.teltarif.de\/radio-podcast-musik-streaming\/news\/86911.html","rel":"","context":"In &quot;Deutsch&quot;","block_context":{"text":"Deutsch","link":"https:\/\/www.achimbrueckner.de\/dxradio\/php\/wordpress\/?cat=1"},"img":{"alt_text":"","src":"","width":0,"height":0},"classes":[]},{"id":33246,"url":"https:\/\/www.achimbrueckner.de\/dxradio\/php\/wordpress\/?p=33246","url_meta":{"origin":26996,"position":2},"title":"Desaster f\u00fcr viele K\u00fcnstler :Wohin flie\u00dft das Geld aus dem Musikstreaming?","author":"Administrator","date":"August 4, 2021","format":false,"excerpt":"https:\/\/amp.zdf.de\/nachrichten\/digitales\/musik-streaming-maffay-kritik-100.html","rel":"","context":"In &quot;Deutsch&quot;","block_context":{"text":"Deutsch","link":"https:\/\/www.achimbrueckner.de\/dxradio\/php\/wordpress\/?cat=1"},"img":{"alt_text":"","src":"","width":0,"height":0},"classes":[]},{"id":29831,"url":"https:\/\/www.achimbrueckner.de\/dxradio\/php\/wordpress\/?p=29831","url_meta":{"origin":26996,"position":3},"title":"MelodyVR \u00fcbernimmt Musik-Streaming-Dienst Napster","author":"Administrator","date":"August 26, 2020","format":false,"excerpt":"https:\/\/www.heise.de\/news\/MelodyVR-uebernimmt-Musik-Streaming-Dienst-Napster-4879344.html","rel":"","context":"In &quot;Deutsch&quot;","block_context":{"text":"Deutsch","link":"https:\/\/www.achimbrueckner.de\/dxradio\/php\/wordpress\/?cat=1"},"img":{"alt_text":"","src":"","width":0,"height":0},"classes":[]},{"id":22894,"url":"https:\/\/www.achimbrueckner.de\/dxradio\/php\/wordpress\/?p=22894","url_meta":{"origin":26996,"position":4},"title":"Amazon soll &#8220;Hi-Def&#8221; Musik-Streaming vorbereiten","author":"Administrator","date":"April 26, 2019","format":false,"excerpt":"https:\/\/www.areadvd.de\/news\/amazon-soll-hi-def-musik-streaming-vorbereiten\/","rel":"","context":"In &quot;Deutsch&quot;","block_context":{"text":"Deutsch","link":"https:\/\/www.achimbrueckner.de\/dxradio\/php\/wordpress\/?cat=1"},"img":{"alt_text":"","src":"","width":0,"height":0},"classes":[]},{"id":26422,"url":"https:\/\/www.achimbrueckner.de\/dxradio\/php\/wordpress\/?p=26422","url_meta":{"origin":26996,"position":5},"title":"Musik-Streaming: Neues Audioformat verspricht exakteres H\u00f6rerlebnis","author":"Administrator","date":"December 28, 2019","format":false,"excerpt":"https:\/\/www.rnd.de\/digital\/musik-streaming-neues-audioformat-verspricht-exakteres-horerlebnis-EUZWQQM3D6SBM4Z7BY3ZMSQZXE.html","rel":"","context":"In &quot;audio&quot;","block_context":{"text":"audio","link":"https:\/\/www.achimbrueckner.de\/dxradio\/php\/wordpress\/?cat=47"},"img":{"alt_text":"","src":"","width":0,"height":0},"classes":[]}],"_links":{"self":[{"href":"https:\/\/www.achimbrueckner.de\/dxradio\/php\/wordpress\/index.php?rest_route=\/wp\/v2\/posts\/26996","targetHints":{"allow":["GET"]}}],"collection":[{"href":"https:\/\/www.achimbrueckner.de\/dxradio\/php\/wordpress\/index.php?rest_route=\/wp\/v2\/posts"}],"about":[{"href":"https:\/\/www.achimbrueckner.de\/dxradio\/php\/wordpress\/index.php?rest_route=\/wp\/v2\/types\/post"}],"author":[{"embeddable":true,"href":"https:\/\/www.achimbrueckner.de\/dxradio\/php\/wordpress\/index.php?rest_route=\/wp\/v2\/users\/1"}],"replies":[{"embeddable":true,"href":"https:\/\/www.achimbrueckner.de\/dxradio\/php\/wordpress\/index.php?rest_route=%2Fwp%2Fv2%2Fcomments&post=26996"}],"version-history":[{"count":0,"href":"https:\/\/www.achimbrueckner.de\/dxradio\/php\/wordpress\/index.php?rest_route=\/wp\/v2\/posts\/26996\/revisions"}],"wp:attachment":[{"href":"https:\/\/www.achimbrueckner.de\/dxradio\/php\/wordpress\/index.php?rest_route=%2Fwp%2Fv2%2Fmedia&parent=26996"}],"wp:term":[{"taxonomy":"category","embeddable":true,"href":"https:\/\/www.achimbrueckner.de\/dxradio\/php\/wordpress\/index.php?rest_route=%2Fwp%2Fv2%2Fcategories&post=26996"},{"taxonomy":"post_tag","embeddable":true,"href":"https:\/\/www.achimbrueckner.de\/dxradio\/php\/wordpress\/index.php?rest_route=%2Fwp%2Fv2%2Ftags&post=26996"}],"curies":[{"name":"wp","href":"https:\/\/api.w.org\/{rel}","templated":true}]}}