{"id":27414,"date":"2020-03-03T18:35:43","date_gmt":"2020-03-03T18:35:43","guid":{"rendered":"https:\/\/www.achimbrueckner.de\/dxradio\/php\/wordpress\/?p=27414"},"modified":"2020-03-03T18:35:43","modified_gmt":"2020-03-03T18:35:43","slug":"tv-monat-februar-nur-noch-53-im-gesamtpublikum-sat-1-fallt-auf-30-jahres-tief","status":"publish","type":"post","link":"https:\/\/www.achimbrueckner.de\/dxradio\/php\/wordpress\/?p=27414","title":{"rendered":"TV-Monat Februar: nur noch 5,3% im Gesamtpublikum \u2013 Sat.1 f\u00e4llt auf 30-Jahres-Tief"},"content":{"rendered":"<p><a href=\"https:\/\/meedia.de\/2020\/03\/02\/tv-monat-februar-nur-noch-53-im-gesamtpublikum-sat-1-faellt-auf-30-jahres-tief\/\" rel=\"noopener noreferrer\" target=\"_blank\">https:\/\/meedia.de\/2020\/03\/02\/tv-monat-februar-nur-noch-53-im-gesamtpublikum-sat-1-faellt-auf-30-jahres-tief\/<\/a><\/p>\n","protected":false},"excerpt":{"rendered":"<p>https:\/\/meedia.de\/2020\/03\/02\/tv-monat-februar-nur-noch-53-im-gesamtpublikum-sat-1-faellt-auf-30-jahres-tief\/<\/p>\n","protected":false},"author":1,"featured_media":0,"comment_status":"closed","ping_status":"open","sticky":false,"template":"","format":"standard","meta":{"_jetpack_memberships_contains_paid_content":false,"footnotes":"","jetpack_publicize_message":"","jetpack_publicize_feature_enabled":true,"jetpack_social_post_already_shared":true,"jetpack_social_options":{"image_generator_settings":{"template":"highway","default_image_id":0,"font":"","enabled":false},"version":2}},"categories":[1],"tags":[24],"class_list":["post-27414","post","type-post","status-publish","format-standard","hentry","category-deutsch","tag-am"],"jetpack_publicize_connections":[],"jetpack_featured_media_url":"","jetpack_sharing_enabled":true,"jetpack_shortlink":"https:\/\/wp.me\/p5CDmr-78a","jetpack-related-posts":[{"id":2384,"url":"https:\/\/www.achimbrueckner.de\/dxradio\/php\/wordpress\/?p=2384","url_meta":{"origin":27414,"position":0},"title":"DSWCI Tropical Bands Monitor","author":"Administrator","date":"February 3, 2013","format":false,"excerpt":"Der \"Tropical Bands Monitor 2012\" des Danish Shortwave Club International kann ab sofort von jedermann kostenlos heruntergeladen werden: www.dswci.org\/tbm Die Ausgabe ist fast top-aktuell, d. h. bis Dezember 2012 nachgef\u00fchrt. Auch die Ausgaben der fr\u00fcheren Jahre stehen auf dieser Seite zur Verf\u00fcgung. Eine Riesenarbeit von Anker Petersen, welche die Empfangbarkeit\u2026","rel":"","context":"In &quot;Deutsch&quot;","block_context":{"text":"Deutsch","link":"https:\/\/www.achimbrueckner.de\/dxradio\/php\/wordpress\/?cat=1"},"img":{"alt_text":"","src":"","width":0,"height":0},"classes":[]},{"id":31294,"url":"https:\/\/www.achimbrueckner.de\/dxradio\/php\/wordpress\/?p=31294","url_meta":{"origin":27414,"position":1},"title":"Ein Jahr DAZN f\u00fcr rechnerisch 8,33 Euro im Monat","author":"Administrator","date":"December 22, 2020","format":false,"excerpt":"https:\/\/www.teltarif.de\/dazn-jahres-abonnement-guenstiger\/news\/82978.html","rel":"","context":"In &quot;Deutsch&quot;","block_context":{"text":"Deutsch","link":"https:\/\/www.achimbrueckner.de\/dxradio\/php\/wordpress\/?cat=1"},"img":{"alt_text":"","src":"","width":0,"height":0},"classes":[]},{"id":324,"url":"https:\/\/www.achimbrueckner.de\/dxradio\/php\/wordpress\/?p=324","url_meta":{"origin":27414,"position":2},"title":"Rundfunkszene","author":"Administrator","date":"May 2, 2007","format":false,"excerpt":"Auf Stadtradio G\u00f6ttingen l\u00e4uft heute um 1800 Uhr Lokalzeit das interessante Medienprogramm Rundfunkszene. Es wird u.a. \u00fcber das letzte Treffen des UKW\/TV-Arbeitskreises in Bad Salzdetfurth berichtet. Zuh\u00f6ren kann man auf UKW im Raum G\u00f6ttingen oder via webstream jeden ersten Mittwoch im Monat. \u00c4ltere Ausgaben sind hier eventuell noch downloadbar.","rel":"","context":"In &quot;Deutsch&quot;","block_context":{"text":"Deutsch","link":"https:\/\/www.achimbrueckner.de\/dxradio\/php\/wordpress\/?cat=1"},"img":{"alt_text":"","src":"","width":0,"height":0},"classes":[]},{"id":1523,"url":"https:\/\/www.achimbrueckner.de\/dxradio\/php\/wordpress\/?p=1523","url_meta":{"origin":27414,"position":3},"title":"&#8220;Radioreinemachen&#8221; auf den Kanaren","author":"Administrator","date":"May 3, 2011","format":false,"excerpt":"\"Radioreinemachen\" auf den Kanaren - die Ausschreibung f\u00fcr zuk\u00fcnftig nur noch 156 Lizenzen l\u00e4uft noch einen Monat: Weiter Warten auf die begehrten Radio-Lizenzen http:\/\/www.comprendes-grancanaria.de\/news\/newsdetails\/datum\/2011\/05\/02\/weiter-warten-auf-die-begehrten-radio-lizenzen\/ Info via Twitter","rel":"","context":"In &quot;Deutsch&quot;","block_context":{"text":"Deutsch","link":"https:\/\/www.achimbrueckner.de\/dxradio\/php\/wordpress\/?cat=1"},"img":{"alt_text":"","src":"","width":0,"height":0},"classes":[]},{"id":657,"url":"https:\/\/www.achimbrueckner.de\/dxradio\/php\/wordpress\/?p=657","url_meta":{"origin":27414,"position":4},"title":"OE1 International","author":"Administrator","date":"October 29, 2009","format":false,"excerpt":"OE1 International garantiert den Betrieb auf Kurzwelle nur noch bis Ende des Jahres. http:\/\/oe1.orf.at\/service\/international Info via A-DX","rel":"","context":"In &quot;Deutsch&quot;","block_context":{"text":"Deutsch","link":"https:\/\/www.achimbrueckner.de\/dxradio\/php\/wordpress\/?cat=1"},"img":{"alt_text":"","src":"","width":0,"height":0},"classes":[]},{"id":38859,"url":"https:\/\/www.achimbrueckner.de\/dxradio\/php\/wordpress\/?p=38859","url_meta":{"origin":27414,"position":5},"title":"RAE Deutsch 15 Februar 2023","author":"Administrator","date":"February 17, 2023","format":false,"excerpt":"https:\/\/www.radionacional.com.ar\/rae-deutsch-15-02-2023\/ Die erste Sendung des Jahres von RAE Deutsch Info via A-DX Facebook","rel":"","context":"In &quot;Deutsch&quot;","block_context":{"text":"Deutsch","link":"https:\/\/www.achimbrueckner.de\/dxradio\/php\/wordpress\/?cat=1"},"img":{"alt_text":"","src":"","width":0,"height":0},"classes":[]}],"_links":{"self":[{"href":"https:\/\/www.achimbrueckner.de\/dxradio\/php\/wordpress\/index.php?rest_route=\/wp\/v2\/posts\/27414","targetHints":{"allow":["GET"]}}],"collection":[{"href":"https:\/\/www.achimbrueckner.de\/dxradio\/php\/wordpress\/index.php?rest_route=\/wp\/v2\/posts"}],"about":[{"href":"https:\/\/www.achimbrueckner.de\/dxradio\/php\/wordpress\/index.php?rest_route=\/wp\/v2\/types\/post"}],"author":[{"embeddable":true,"href":"https:\/\/www.achimbrueckner.de\/dxradio\/php\/wordpress\/index.php?rest_route=\/wp\/v2\/users\/1"}],"replies":[{"embeddable":true,"href":"https:\/\/www.achimbrueckner.de\/dxradio\/php\/wordpress\/index.php?rest_route=%2Fwp%2Fv2%2Fcomments&post=27414"}],"version-history":[{"count":0,"href":"https:\/\/www.achimbrueckner.de\/dxradio\/php\/wordpress\/index.php?rest_route=\/wp\/v2\/posts\/27414\/revisions"}],"wp:attachment":[{"href":"https:\/\/www.achimbrueckner.de\/dxradio\/php\/wordpress\/index.php?rest_route=%2Fwp%2Fv2%2Fmedia&parent=27414"}],"wp:term":[{"taxonomy":"category","embeddable":true,"href":"https:\/\/www.achimbrueckner.de\/dxradio\/php\/wordpress\/index.php?rest_route=%2Fwp%2Fv2%2Fcategories&post=27414"},{"taxonomy":"post_tag","embeddable":true,"href":"https:\/\/www.achimbrueckner.de\/dxradio\/php\/wordpress\/index.php?rest_route=%2Fwp%2Fv2%2Ftags&post=27414"}],"curies":[{"name":"wp","href":"https:\/\/api.w.org\/{rel}","templated":true}]}}