{"id":27418,"date":"2020-03-03T18:57:26","date_gmt":"2020-03-03T18:57:26","guid":{"rendered":"https:\/\/www.achimbrueckner.de\/dxradio\/php\/wordpress\/?p=27418"},"modified":"2020-03-03T18:57:26","modified_gmt":"2020-03-03T18:57:26","slug":"eifeler-radiotage-2019","status":"publish","type":"post","link":"https:\/\/www.achimbrueckner.de\/dxradio\/php\/wordpress\/?p=27418","title":{"rendered":"Eifeler Radiotage 2019"},"content":{"rendered":"<p><a href=\"https:\/\/www.youtube.com\/watch?v=0MUk44nRZyw\" rel=\"noopener noreferrer\" target=\"_blank\">https:\/\/www.youtube.com\/watch?v=0MUk44nRZyw<\/a><\/p>\n","protected":false},"excerpt":{"rendered":"<p>https:\/\/www.youtube.com\/watch?v=0MUk44nRZyw<\/p>\n","protected":false},"author":1,"featured_media":0,"comment_status":"closed","ping_status":"open","sticky":false,"template":"","format":"standard","meta":{"_jetpack_memberships_contains_paid_content":false,"footnotes":"","jetpack_publicize_message":"","jetpack_publicize_feature_enabled":true,"jetpack_social_post_already_shared":true,"jetpack_social_options":{"image_generator_settings":{"template":"highway","default_image_id":0,"font":"","enabled":false},"version":2}},"categories":[1],"tags":[],"class_list":["post-27418","post","type-post","status-publish","format-standard","hentry","category-deutsch"],"jetpack_publicize_connections":[],"jetpack_featured_media_url":"","jetpack_sharing_enabled":true,"jetpack_shortlink":"https:\/\/wp.me\/p5CDmr-78e","jetpack-related-posts":[{"id":25695,"url":"https:\/\/www.achimbrueckner.de\/dxradio\/php\/wordpress\/?p=25695","url_meta":{"origin":27418,"position":0},"title":"Livestream von Eifeler Radiotage","author":"Administrator","date":"November 9, 2019","format":false,"excerpt":"https:\/\/www.youtube.com\/watch?v=-dbRzcgDnxo","rel":"","context":"In &quot;Deutsch&quot;","block_context":{"text":"Deutsch","link":"https:\/\/www.achimbrueckner.de\/dxradio\/php\/wordpress\/?cat=1"},"img":{"alt_text":"","src":"","width":0,"height":0},"classes":[]},{"id":23804,"url":"https:\/\/www.achimbrueckner.de\/dxradio\/php\/wordpress\/?p=23804","url_meta":{"origin":27418,"position":1},"title":"Eifeler Radiotage &#8211; Radio from a bunker in Kall-Krekel","author":"Administrator","date":"July 15, 2019","format":false,"excerpt":"https:\/\/www.youtube.com\/watch?v=pLRAZgAZZyU","rel":"","context":"In &quot;Deutsch&quot;","block_context":{"text":"Deutsch","link":"https:\/\/www.achimbrueckner.de\/dxradio\/php\/wordpress\/?cat=1"},"img":{"alt_text":"","src":"","width":0,"height":0},"classes":[]},{"id":23571,"url":"https:\/\/www.achimbrueckner.de\/dxradio\/php\/wordpress\/?p=23571","url_meta":{"origin":27418,"position":2},"title":"Eifeler Radiotage am 06. und 07. Juli 2019","author":"Administrator","date":"June 30, 2019","format":false,"excerpt":"https:\/\/www.infosat.de\/technik\/eifeler-radiotage-am-06-und-07-juli-2019","rel":"","context":"In &quot;Deutsch&quot;","block_context":{"text":"Deutsch","link":"https:\/\/www.achimbrueckner.de\/dxradio\/php\/wordpress\/?cat=1"},"img":{"alt_text":"","src":"","width":0,"height":0},"classes":[]},{"id":22057,"url":"https:\/\/www.achimbrueckner.de\/dxradio\/php\/wordpress\/?p=22057","url_meta":{"origin":27418,"position":3},"title":"Save the Date: Eifeler Radiotage 2019","author":"Administrator","date":"March 10, 2019","format":false,"excerpt":"Liebe Radiofreunde und -freundinnen, aus der im letzten Jahr geborenen Idee zum 70sten Geburtstags der Radios ein Event zu machen, ist zwischenzeitlich etwas konkretes geworden. Am Wochenende 06. und 07. Juli 2019 gibt es in der Gemeinde Kall die \"Eifeler Radiotage\". In den n\u00e4chsten Tagen wird die Webseite https:\/\/www.eifeler-radiotage.de\/ freigeschaltet.\u2026","rel":"","context":"In &quot;camps&quot;","block_context":{"text":"camps","link":"https:\/\/www.achimbrueckner.de\/dxradio\/php\/wordpress\/?cat=5"},"img":{"alt_text":"","src":"","width":0,"height":0},"classes":[]},{"id":24066,"url":"https:\/\/www.achimbrueckner.de\/dxradio\/php\/wordpress\/?p=24066","url_meta":{"origin":27418,"position":4},"title":"Eifeler Radiotage 9\/10 November 2019","author":"Administrator","date":"August 2, 2019","format":false,"excerpt":"\u201eDas tritt nach meiner Kenntnis \u2026 ist das sofort, unverz\u00fcglich.\u201c sagte G\u00fcnter Schabowski am 09. November 1989. Zum 30sten Jubil\u00e4um des Mauerfalls, am 09. und 10. November 2019 kommen die Eifeler Radiotage zur\u00fcck - mit Radiogeschichten aus Ost und West. Save the date! Info via Facebook","rel":"","context":"In &quot;Deutsch&quot;","block_context":{"text":"Deutsch","link":"https:\/\/www.achimbrueckner.de\/dxradio\/php\/wordpress\/?cat=1"},"img":{"alt_text":"","src":"","width":0,"height":0},"classes":[]},{"id":41895,"url":"https:\/\/www.achimbrueckner.de\/dxradio\/php\/wordpress\/?p=41895","url_meta":{"origin":27418,"position":5},"title":"Eifeler Radiotage kommen zur\u00fcck","author":"Administrator","date":"November 1, 2024","format":false,"excerpt":"https:\/\/www.radioblog.eu\/2024\/10\/31\/eifeler-radiotage-kommen-zurueck\/","rel":"","context":"In &quot;Deutsch&quot;","block_context":{"text":"Deutsch","link":"https:\/\/www.achimbrueckner.de\/dxradio\/php\/wordpress\/?cat=1"},"img":{"alt_text":"","src":"","width":0,"height":0},"classes":[]}],"_links":{"self":[{"href":"https:\/\/www.achimbrueckner.de\/dxradio\/php\/wordpress\/index.php?rest_route=\/wp\/v2\/posts\/27418","targetHints":{"allow":["GET"]}}],"collection":[{"href":"https:\/\/www.achimbrueckner.de\/dxradio\/php\/wordpress\/index.php?rest_route=\/wp\/v2\/posts"}],"about":[{"href":"https:\/\/www.achimbrueckner.de\/dxradio\/php\/wordpress\/index.php?rest_route=\/wp\/v2\/types\/post"}],"author":[{"embeddable":true,"href":"https:\/\/www.achimbrueckner.de\/dxradio\/php\/wordpress\/index.php?rest_route=\/wp\/v2\/users\/1"}],"replies":[{"embeddable":true,"href":"https:\/\/www.achimbrueckner.de\/dxradio\/php\/wordpress\/index.php?rest_route=%2Fwp%2Fv2%2Fcomments&post=27418"}],"version-history":[{"count":0,"href":"https:\/\/www.achimbrueckner.de\/dxradio\/php\/wordpress\/index.php?rest_route=\/wp\/v2\/posts\/27418\/revisions"}],"wp:attachment":[{"href":"https:\/\/www.achimbrueckner.de\/dxradio\/php\/wordpress\/index.php?rest_route=%2Fwp%2Fv2%2Fmedia&parent=27418"}],"wp:term":[{"taxonomy":"category","embeddable":true,"href":"https:\/\/www.achimbrueckner.de\/dxradio\/php\/wordpress\/index.php?rest_route=%2Fwp%2Fv2%2Fcategories&post=27418"},{"taxonomy":"post_tag","embeddable":true,"href":"https:\/\/www.achimbrueckner.de\/dxradio\/php\/wordpress\/index.php?rest_route=%2Fwp%2Fv2%2Ftags&post=27418"}],"curies":[{"name":"wp","href":"https:\/\/api.w.org\/{rel}","templated":true}]}}