{"id":27439,"date":"2020-03-05T20:00:37","date_gmt":"2020-03-05T20:00:37","guid":{"rendered":"https:\/\/www.achimbrueckner.de\/dxradio\/php\/wordpress\/?p=27439"},"modified":"2020-03-05T20:00:37","modified_gmt":"2020-03-05T20:00:37","slug":"mittelwelle-mit-dem-radio-empfangen-3","status":"publish","type":"post","link":"https:\/\/www.achimbrueckner.de\/dxradio\/php\/wordpress\/?p=27439","title":{"rendered":"Mittelwelle mit dem Radio empfangen"},"content":{"rendered":"<p><a href=\"https:\/\/www.youtube.com\/watch?v=uFmPc6w1L4g\" rel=\"noopener noreferrer\" target=\"_blank\">https:\/\/www.youtube.com\/watch?v=uFmPc6w1L4g<\/a><\/p>\n","protected":false},"excerpt":{"rendered":"<p>https:\/\/www.youtube.com\/watch?v=uFmPc6w1L4g<\/p>\n","protected":false},"author":1,"featured_media":0,"comment_status":"closed","ping_status":"open","sticky":false,"template":"","format":"standard","meta":{"_jetpack_memberships_contains_paid_content":false,"footnotes":"","jetpack_publicize_message":"","jetpack_publicize_feature_enabled":true,"jetpack_social_post_already_shared":true,"jetpack_social_options":{"image_generator_settings":{"template":"highway","default_image_id":0,"font":"","enabled":false},"version":2}},"categories":[1,3],"tags":[42,28],"class_list":["post-27439","post","type-post","status-publish","format-standard","hentry","category-deutsch","category-empfang","tag-empfang","tag-fm"],"jetpack_publicize_connections":[],"jetpack_featured_media_url":"","jetpack_sharing_enabled":true,"jetpack_shortlink":"https:\/\/wp.me\/p5CDmr-78z","jetpack-related-posts":[{"id":19619,"url":"https:\/\/www.achimbrueckner.de\/dxradio\/php\/wordpress\/?p=19619","url_meta":{"origin":27439,"position":0},"title":"Mittelwelle mit dem Radio empfangen","author":"Administrator","date":"October 18, 2018","format":false,"excerpt":"https:\/\/www.youtube.com\/watch?v=uFmPc6w1L4g","rel":"","context":"In &quot;Deutsch&quot;","block_context":{"text":"Deutsch","link":"https:\/\/www.achimbrueckner.de\/dxradio\/php\/wordpress\/?cat=1"},"img":{"alt_text":"","src":"","width":0,"height":0},"classes":[]},{"id":6787,"url":"https:\/\/www.achimbrueckner.de\/dxradio\/php\/wordpress\/?p=6787","url_meta":{"origin":27439,"position":1},"title":"Mittelwelle mit dem Radio empfangen","author":"Administrator","date":"December 7, 2015","format":false,"excerpt":"https:\/\/www.youtube.com\/watch?v=uFmPc6w1L4g&feature=youtu.be","rel":"","context":"In &quot;Deutsch&quot;","block_context":{"text":"Deutsch","link":"https:\/\/www.achimbrueckner.de\/dxradio\/php\/wordpress\/?cat=1"},"img":{"alt_text":"","src":"","width":0,"height":0},"classes":[]},{"id":27509,"url":"https:\/\/www.achimbrueckner.de\/dxradio\/php\/wordpress\/?p=27509","url_meta":{"origin":27439,"position":2},"title":"Digitalradio mit dem Computer empfangen","author":"Administrator","date":"March 9, 2020","format":false,"excerpt":"https:\/\/www.youtube.com\/watch?v=gJ0uqBezslA","rel":"","context":"In &quot;Deutsch&quot;","block_context":{"text":"Deutsch","link":"https:\/\/www.achimbrueckner.de\/dxradio\/php\/wordpress\/?cat=1"},"img":{"alt_text":"","src":"","width":0,"height":0},"classes":[]},{"id":18409,"url":"https:\/\/www.achimbrueckner.de\/dxradio\/php\/wordpress\/?p=18409","url_meta":{"origin":27439,"position":3},"title":"INSEL RADIO Mallorca auf Deutsch empfangen in Belgien !","author":"Administrator","date":"June 29, 2018","format":false,"excerpt":"https:\/\/www.youtube.com\/watch?v=3OwXcHK_Js8&feature=youtu.be","rel":"","context":"In &quot;Deutsch&quot;","block_context":{"text":"Deutsch","link":"https:\/\/www.achimbrueckner.de\/dxradio\/php\/wordpress\/?cat=1"},"img":{"alt_text":"","src":"","width":0,"height":0},"classes":[]},{"id":957,"url":"https:\/\/www.achimbrueckner.de\/dxradio\/php\/wordpress\/?p=957","url_meta":{"origin":27439,"position":4},"title":"Radio Bremen 936 Khz","author":"Administrator","date":"March 13, 2010","format":false,"excerpt":"Radio Bremen plant aus wirtschaftlichen Gr\u00fcnden (es geht um Kostensenkung) die Mittelwelle abzuschalten. Unser Programm ist ja neben UKW, Kabel und Satellit auch mittlerweile via Internet weltweit zu empfangen, so dass vermutlich die Mittelwelle nur noch von wenigen H\u00f6rerinnen und H\u00f6rern genutzt wird. Wir hoffen, dass Sie nicht ausschlie\u00dflich auf\u2026","rel":"","context":"In &quot;Deutsch&quot;","block_context":{"text":"Deutsch","link":"https:\/\/www.achimbrueckner.de\/dxradio\/php\/wordpress\/?cat=1"},"img":{"alt_text":"","src":"","width":0,"height":0},"classes":[]},{"id":32319,"url":"https:\/\/www.achimbrueckner.de\/dxradio\/php\/wordpress\/?p=32319","url_meta":{"origin":27439,"position":5},"title":"Wir empfangen Kurzwellensender || Meister Jambo","author":"Administrator","date":"March 21, 2021","format":false,"excerpt":"https:\/\/www.youtube.com\/watch?v=nvsH8WMvLZs","rel":"","context":"In &quot;Deutsch&quot;","block_context":{"text":"Deutsch","link":"https:\/\/www.achimbrueckner.de\/dxradio\/php\/wordpress\/?cat=1"},"img":{"alt_text":"","src":"","width":0,"height":0},"classes":[]}],"_links":{"self":[{"href":"https:\/\/www.achimbrueckner.de\/dxradio\/php\/wordpress\/index.php?rest_route=\/wp\/v2\/posts\/27439","targetHints":{"allow":["GET"]}}],"collection":[{"href":"https:\/\/www.achimbrueckner.de\/dxradio\/php\/wordpress\/index.php?rest_route=\/wp\/v2\/posts"}],"about":[{"href":"https:\/\/www.achimbrueckner.de\/dxradio\/php\/wordpress\/index.php?rest_route=\/wp\/v2\/types\/post"}],"author":[{"embeddable":true,"href":"https:\/\/www.achimbrueckner.de\/dxradio\/php\/wordpress\/index.php?rest_route=\/wp\/v2\/users\/1"}],"replies":[{"embeddable":true,"href":"https:\/\/www.achimbrueckner.de\/dxradio\/php\/wordpress\/index.php?rest_route=%2Fwp%2Fv2%2Fcomments&post=27439"}],"version-history":[{"count":0,"href":"https:\/\/www.achimbrueckner.de\/dxradio\/php\/wordpress\/index.php?rest_route=\/wp\/v2\/posts\/27439\/revisions"}],"wp:attachment":[{"href":"https:\/\/www.achimbrueckner.de\/dxradio\/php\/wordpress\/index.php?rest_route=%2Fwp%2Fv2%2Fmedia&parent=27439"}],"wp:term":[{"taxonomy":"category","embeddable":true,"href":"https:\/\/www.achimbrueckner.de\/dxradio\/php\/wordpress\/index.php?rest_route=%2Fwp%2Fv2%2Fcategories&post=27439"},{"taxonomy":"post_tag","embeddable":true,"href":"https:\/\/www.achimbrueckner.de\/dxradio\/php\/wordpress\/index.php?rest_route=%2Fwp%2Fv2%2Ftags&post=27439"}],"curies":[{"name":"wp","href":"https:\/\/api.w.org\/{rel}","templated":true}]}}