{"id":27450,"date":"2020-03-06T17:06:10","date_gmt":"2020-03-06T17:06:10","guid":{"rendered":"https:\/\/www.achimbrueckner.de\/dxradio\/php\/wordpress\/?p=27450"},"modified":"2020-03-06T17:06:10","modified_gmt":"2020-03-06T17:06:10","slug":"coronavirus-abstand-halten-gilt-besonders-fur-die-offentlich-rechtlichen-medien","status":"publish","type":"post","link":"https:\/\/www.achimbrueckner.de\/dxradio\/php\/wordpress\/?p=27450","title":{"rendered":"Coronavirus: \u00abAbstand halten\u00bb gilt besonders f\u00fcr die \u00f6ffentlich-rechtlichen Medien"},"content":{"rendered":"<p><a href=\"https:\/\/medienwoche.ch\/2020\/03\/06\/coronavirus-abstand-halten-gilt-auch-fuer-die-oeffentlich-rechtlichen-medien\/\" rel=\"noopener noreferrer\" target=\"_blank\">https:\/\/medienwoche.ch\/2020\/03\/06\/coronavirus-abstand-halten-gilt-auch-fuer-die-oeffentlich-rechtlichen-medien\/<\/a><\/p>\n","protected":false},"excerpt":{"rendered":"<p>https:\/\/medienwoche.ch\/2020\/03\/06\/coronavirus-abstand-halten-gilt-auch-fuer-die-oeffentlich-rechtlichen-medien\/<\/p>\n","protected":false},"author":1,"featured_media":0,"comment_status":"closed","ping_status":"open","sticky":false,"template":"","format":"standard","meta":{"_jetpack_memberships_contains_paid_content":false,"footnotes":"","jetpack_publicize_message":"","jetpack_publicize_feature_enabled":true,"jetpack_social_post_already_shared":true,"jetpack_social_options":{"image_generator_settings":{"template":"highway","default_image_id":0,"font":"","enabled":false},"version":2}},"categories":[1,15],"tags":[45],"class_list":["post-27450","post","type-post","status-publish","format-standard","hentry","category-deutsch","category-medien","tag-medien"],"jetpack_publicize_connections":[],"jetpack_featured_media_url":"","jetpack_sharing_enabled":true,"jetpack_shortlink":"https:\/\/wp.me\/p5CDmr-78K","jetpack-related-posts":[{"id":20578,"url":"https:\/\/www.achimbrueckner.de\/dxradio\/php\/wordpress\/?p=20578","url_meta":{"origin":27450,"position":0},"title":"Sparen m\u00fcssen alle Medien \u2013 auch die \u00d6ffentlich-Rechtlichen","author":"Administrator","date":"December 27, 2018","format":false,"excerpt":"https:\/\/www.welt.de\/debatte\/kommentare\/plus186180778\/Rundfunkbeitrag-Der-Sparzwang-gilt-auch-fuer-die-Oeffentlich-Rechtlichen.html","rel":"","context":"In &quot;Deutsch&quot;","block_context":{"text":"Deutsch","link":"https:\/\/www.achimbrueckner.de\/dxradio\/php\/wordpress\/?cat=1"},"img":{"alt_text":"","src":"","width":0,"height":0},"classes":[]},{"id":16773,"url":"https:\/\/www.achimbrueckner.de\/dxradio\/php\/wordpress\/?p=16773","url_meta":{"origin":27450,"position":1},"title":"Schweiz beh\u00e4lt die \u00f6ffentlich-rechtlichen Medien","author":"Administrator","date":"March 5, 2018","format":false,"excerpt":"https:\/\/www.heise.de\/tp\/features\/Schweiz-behaelt-die-oeffentlich-rechtlichen-Medien-3986043.html","rel":"","context":"In &quot;Deutsch&quot;","block_context":{"text":"Deutsch","link":"https:\/\/www.achimbrueckner.de\/dxradio\/php\/wordpress\/?cat=1"},"img":{"alt_text":"","src":"","width":0,"height":0},"classes":[]},{"id":18244,"url":"https:\/\/www.achimbrueckner.de\/dxradio\/php\/wordpress\/?p=18244","url_meta":{"origin":27450,"position":2},"title":"Was die \u00f6ffentlich-rechtlichen Sender zuk\u00fcnftig im Internet d\u00fcrfen","author":"Administrator","date":"June 15, 2018","format":false,"excerpt":"http:\/\/www.sueddeutsche.de\/medien\/neues-telemediengesetz-was-die-oeffentlich-rechtlichen-sender-zukuenftig-im-internet-duerfen-1.4015924","rel":"","context":"In &quot;Deutsch&quot;","block_context":{"text":"Deutsch","link":"https:\/\/www.achimbrueckner.de\/dxradio\/php\/wordpress\/?cat=1"},"img":{"alt_text":"","src":"","width":0,"height":0},"classes":[]},{"id":24707,"url":"https:\/\/www.achimbrueckner.de\/dxradio\/php\/wordpress\/?p=24707","url_meta":{"origin":27450,"position":3},"title":"Wie die \u00d6ffentlich-Rechtlichen ihre eigene Relevanz riskieren","author":"Administrator","date":"September 10, 2019","format":false,"excerpt":"https:\/\/www.welt.de\/kultur\/medien\/plus200021362\/ARD-und-ZDF-Wie-die-Oeffentlich-Rechtlichen-ihre-eigene-Relevanz-riskieren.html","rel":"","context":"In &quot;Deutsch&quot;","block_context":{"text":"Deutsch","link":"https:\/\/www.achimbrueckner.de\/dxradio\/php\/wordpress\/?cat=1"},"img":{"alt_text":"","src":"","width":0,"height":0},"classes":[]},{"id":29349,"url":"https:\/\/www.achimbrueckner.de\/dxradio\/php\/wordpress\/?p=29349","url_meta":{"origin":27450,"position":4},"title":"\u201eGrundfunk\u201c: Das AfD-Konzept gegen die \u00d6ffentlich-Rechtlichen","author":"Administrator","date":"July 6, 2020","format":false,"excerpt":"https:\/\/www.digitalfernsehen.de\/news\/medien-news\/politik\/grundfunk-das-afd-konzept-gegen-die-oeffentlich-rechtlichen-558060\/","rel":"","context":"In &quot;Deutsch&quot;","block_context":{"text":"Deutsch","link":"https:\/\/www.achimbrueckner.de\/dxradio\/php\/wordpress\/?cat=1"},"img":{"alt_text":"","src":"","width":0,"height":0},"classes":[]},{"id":16754,"url":"https:\/\/www.achimbrueckner.de\/dxradio\/php\/wordpress\/?p=16754","url_meta":{"origin":27450,"position":5},"title":"Zweite Chance f\u00fcr die \u00d6ffentlich-Rechtlichen in der Schweiz","author":"Administrator","date":"March 4, 2018","format":false,"excerpt":"http:\/\/www.sueddeutsche.de\/medien\/volksabstimmung-ueber-no-billag-zweite-chance-fuer-die-oeffentlich-rechtlichen-in-der-schweiz-1.3892307","rel":"","context":"In &quot;Deutsch&quot;","block_context":{"text":"Deutsch","link":"https:\/\/www.achimbrueckner.de\/dxradio\/php\/wordpress\/?cat=1"},"img":{"alt_text":"","src":"","width":0,"height":0},"classes":[]}],"_links":{"self":[{"href":"https:\/\/www.achimbrueckner.de\/dxradio\/php\/wordpress\/index.php?rest_route=\/wp\/v2\/posts\/27450","targetHints":{"allow":["GET"]}}],"collection":[{"href":"https:\/\/www.achimbrueckner.de\/dxradio\/php\/wordpress\/index.php?rest_route=\/wp\/v2\/posts"}],"about":[{"href":"https:\/\/www.achimbrueckner.de\/dxradio\/php\/wordpress\/index.php?rest_route=\/wp\/v2\/types\/post"}],"author":[{"embeddable":true,"href":"https:\/\/www.achimbrueckner.de\/dxradio\/php\/wordpress\/index.php?rest_route=\/wp\/v2\/users\/1"}],"replies":[{"embeddable":true,"href":"https:\/\/www.achimbrueckner.de\/dxradio\/php\/wordpress\/index.php?rest_route=%2Fwp%2Fv2%2Fcomments&post=27450"}],"version-history":[{"count":0,"href":"https:\/\/www.achimbrueckner.de\/dxradio\/php\/wordpress\/index.php?rest_route=\/wp\/v2\/posts\/27450\/revisions"}],"wp:attachment":[{"href":"https:\/\/www.achimbrueckner.de\/dxradio\/php\/wordpress\/index.php?rest_route=%2Fwp%2Fv2%2Fmedia&parent=27450"}],"wp:term":[{"taxonomy":"category","embeddable":true,"href":"https:\/\/www.achimbrueckner.de\/dxradio\/php\/wordpress\/index.php?rest_route=%2Fwp%2Fv2%2Fcategories&post=27450"},{"taxonomy":"post_tag","embeddable":true,"href":"https:\/\/www.achimbrueckner.de\/dxradio\/php\/wordpress\/index.php?rest_route=%2Fwp%2Fv2%2Ftags&post=27450"}],"curies":[{"name":"wp","href":"https:\/\/api.w.org\/{rel}","templated":true}]}}