{"id":2748,"date":"2013-11-05T17:50:50","date_gmt":"2013-11-05T17:50:50","guid":{"rendered":"https:\/\/www.achimbrueckner.de\/dxradio\/php\/wordpress\/?p=2748"},"modified":"2013-11-05T17:50:50","modified_gmt":"2013-11-05T17:50:50","slug":"julie-fm-weltweit-erste-radionovela-ist-auf-sendung","status":"publish","type":"post","link":"https:\/\/www.achimbrueckner.de\/dxradio\/php\/wordpress\/?p=2748","title":{"rendered":"Julie Fm: Weltweit erste Radionovela ist auf Sendung"},"content":{"rendered":"<p><a href=\"http:\/\/www.radioszene.de\/61873\/julie-fm-weltweit-erste-radionovela-ist-auf-sendung.html\" target=\"_blank\">http:\/\/www.radioszene.de\/61873\/julie-fm-weltweit-erste-radionovela-ist-auf-sendung.html<\/a><\/p>\n","protected":false},"excerpt":{"rendered":"<p>http:\/\/www.radioszene.de\/61873\/julie-fm-weltweit-erste-radionovela-ist-auf-sendung.html<\/p>\n","protected":false},"author":1,"featured_media":0,"comment_status":"open","ping_status":"open","sticky":false,"template":"","format":"standard","meta":{"_jetpack_memberships_contains_paid_content":false,"footnotes":"","jetpack_publicize_message":"","jetpack_publicize_feature_enabled":true,"jetpack_social_post_already_shared":false,"jetpack_social_options":{"image_generator_settings":{"template":"highway","default_image_id":0,"font":"","enabled":false},"version":2}},"categories":[1],"tags":[28,41],"class_list":["post-2748","post","type-post","status-publish","format-standard","hentry","category-deutsch","tag-fm","tag-radioszene"],"jetpack_publicize_connections":[],"jetpack_featured_media_url":"","jetpack_sharing_enabled":true,"jetpack_shortlink":"https:\/\/wp.me\/p5CDmr-Ik","jetpack-related-posts":[{"id":26046,"url":"https:\/\/www.achimbrueckner.de\/dxradio\/php\/wordpress\/?p=26046","url_meta":{"origin":2748,"position":0},"title":"Alpin FM: Erste Lebenszeichen","author":"Administrator","date":"December 5, 2019","format":false,"excerpt":"https:\/\/www.smartphonefan.de\/2019\/12\/05\/alpin-fm-erste-lebenszeichen\/","rel":"","context":"In &quot;Deutsch&quot;","block_context":{"text":"Deutsch","link":"https:\/\/www.achimbrueckner.de\/dxradio\/php\/wordpress\/?cat=1"},"img":{"alt_text":"","src":"","width":0,"height":0},"classes":[]},{"id":5032,"url":"https:\/\/www.achimbrueckner.de\/dxradio\/php\/wordpress\/?p=5032","url_meta":{"origin":2748,"position":1},"title":"FM Kompakt feiert Jubil\u00e4um &#8211; 30 Jahre FMK &#8211; 1985 bis 2015","author":"Administrator","date":"June 27, 2015","format":false,"excerpt":"FM Kompakt feiert Jubil\u00e4um - 30 Jahre FMK - 1985 bis 2015 Die erste Ausgabe erschien im Juli 1985 - damals noch unter dem Namen \"FM\/-KW und Kabelnews\" - Anf\u00e4nglich versendete ich das Infoblatt an ca. 10 Interessenten - im Lauf der Jahre hatte FM Kompakt dann \u00fcber 30 Abonennten.\u2026","rel":"","context":"In &quot;Deutsch&quot;","block_context":{"text":"Deutsch","link":"https:\/\/www.achimbrueckner.de\/dxradio\/php\/wordpress\/?cat=1"},"img":{"alt_text":"","src":"","width":0,"height":0},"classes":[]},{"id":18853,"url":"https:\/\/www.achimbrueckner.de\/dxradio\/php\/wordpress\/?p=18853","url_meta":{"origin":2748,"position":2},"title":"Channel 4 FM: Erste Radiostation aus den Emiraten mit Geoblocking","author":"Administrator","date":"August 19, 2018","format":false,"excerpt":"https:\/\/www.smartphonefan.de\/2018\/08\/18\/channel-4-fm-erste-radiostation-aus-den-emiraten-mit-geoblocking\/","rel":"","context":"In &quot;Deutsch&quot;","block_context":{"text":"Deutsch","link":"https:\/\/www.achimbrueckner.de\/dxradio\/php\/wordpress\/?cat=1"},"img":{"alt_text":"","src":"","width":0,"height":0},"classes":[]},{"id":30780,"url":"https:\/\/www.achimbrueckner.de\/dxradio\/php\/wordpress\/?p=30780","url_meta":{"origin":2748,"position":3},"title":"Darum ist Holland FM Gran Canaria jetzt auch auf Fuerteventura zu empfangen","author":"Administrator","date":"November 12, 2020","format":false,"excerpt":"https:\/\/www.smartphonefan.de\/2020\/11\/11\/darum-ist-holland-fm-gran-canaria-jetzt-auch-auf-fuerteventura-zu-empfangen\/","rel":"","context":"In &quot;Deutsch&quot;","block_context":{"text":"Deutsch","link":"https:\/\/www.achimbrueckner.de\/dxradio\/php\/wordpress\/?cat=1"},"img":{"alt_text":"","src":"","width":0,"height":0},"classes":[]},{"id":2836,"url":"https:\/\/www.achimbrueckner.de\/dxradio\/php\/wordpress\/?p=2836","url_meta":{"origin":2748,"position":4},"title":"1.Ausgabe FMK-RTI-H\u00f6rerclubmagazin","author":"Administrator","date":"January 3, 2014","format":false,"excerpt":"Liebe Radiofreunde, morgen am Samstag den 04.01.14 um 11:00 Uhr geht es los. Im Rahmen des Radio Brenner Streams (http:\/\/laut.fm\/kompakt) wird das erste \u201eFMK-RTI-H\u00f6rerclubmagazin\u201c ausgestrahlt. Mit dabei sind die H\u00f6rerclubecke des RTI-H\u00f6rerclubs, die DX-Tipps von Hans-Werner Lange und Bernd Seiser sowie Beitr\u00e4ge aus den Archiven von Kunos-Radiothek, FM Kompakt und\u2026","rel":"","context":"In &quot;Deutsch&quot;","block_context":{"text":"Deutsch","link":"https:\/\/www.achimbrueckner.de\/dxradio\/php\/wordpress\/?cat=1"},"img":{"alt_text":"","src":"","width":0,"height":0},"classes":[]},{"id":41003,"url":"https:\/\/www.achimbrueckner.de\/dxradio\/php\/wordpress\/?p=41003","url_meta":{"origin":2748,"position":5},"title":"Westk\u00fcste FM ist auf DAB+ gestartet","author":"Administrator","date":"March 2, 2024","format":false,"excerpt":"https:\/\/www.radiowoche.de\/westkueste-fm-ist-auf-dab-gestartet\/","rel":"","context":"In &quot;Deutsch&quot;","block_context":{"text":"Deutsch","link":"https:\/\/www.achimbrueckner.de\/dxradio\/php\/wordpress\/?cat=1"},"img":{"alt_text":"","src":"","width":0,"height":0},"classes":[]}],"_links":{"self":[{"href":"https:\/\/www.achimbrueckner.de\/dxradio\/php\/wordpress\/index.php?rest_route=\/wp\/v2\/posts\/2748","targetHints":{"allow":["GET"]}}],"collection":[{"href":"https:\/\/www.achimbrueckner.de\/dxradio\/php\/wordpress\/index.php?rest_route=\/wp\/v2\/posts"}],"about":[{"href":"https:\/\/www.achimbrueckner.de\/dxradio\/php\/wordpress\/index.php?rest_route=\/wp\/v2\/types\/post"}],"author":[{"embeddable":true,"href":"https:\/\/www.achimbrueckner.de\/dxradio\/php\/wordpress\/index.php?rest_route=\/wp\/v2\/users\/1"}],"replies":[{"embeddable":true,"href":"https:\/\/www.achimbrueckner.de\/dxradio\/php\/wordpress\/index.php?rest_route=%2Fwp%2Fv2%2Fcomments&post=2748"}],"version-history":[{"count":0,"href":"https:\/\/www.achimbrueckner.de\/dxradio\/php\/wordpress\/index.php?rest_route=\/wp\/v2\/posts\/2748\/revisions"}],"wp:attachment":[{"href":"https:\/\/www.achimbrueckner.de\/dxradio\/php\/wordpress\/index.php?rest_route=%2Fwp%2Fv2%2Fmedia&parent=2748"}],"wp:term":[{"taxonomy":"category","embeddable":true,"href":"https:\/\/www.achimbrueckner.de\/dxradio\/php\/wordpress\/index.php?rest_route=%2Fwp%2Fv2%2Fcategories&post=2748"},{"taxonomy":"post_tag","embeddable":true,"href":"https:\/\/www.achimbrueckner.de\/dxradio\/php\/wordpress\/index.php?rest_route=%2Fwp%2Fv2%2Ftags&post=2748"}],"curies":[{"name":"wp","href":"https:\/\/api.w.org\/{rel}","templated":true}]}}