{"id":27687,"date":"2020-03-21T13:26:48","date_gmt":"2020-03-21T13:26:48","guid":{"rendered":"https:\/\/www.achimbrueckner.de\/dxradio\/php\/wordpress\/?p=27687"},"modified":"2020-03-21T13:26:48","modified_gmt":"2020-03-21T13:26:48","slug":"rotes-kreuz-henri-fm-your-social-radio-sorgt-fur-unterhaltung","status":"publish","type":"post","link":"https:\/\/www.achimbrueckner.de\/dxradio\/php\/wordpress\/?p=27687","title":{"rendered":"Rotes Kreuz: HENRI.FM \u2013 your social radio sorgt f\u00fcr Unterhaltung"},"content":{"rendered":"<p><a href=\"http:\/\/www.radiowoche.de\/rotes-kreuz-henri-fm-your-social-radio-sorgt-fuer-unterhaltung\/\" rel=\"noopener noreferrer\" target=\"_blank\">http:\/\/www.radiowoche.de\/rotes-kreuz-henri-fm-your-social-radio-sorgt-fuer-unterhaltung\/<\/a><\/p>\n","protected":false},"excerpt":{"rendered":"<p>http:\/\/www.radiowoche.de\/rotes-kreuz-henri-fm-your-social-radio-sorgt-fuer-unterhaltung\/<\/p>\n","protected":false},"author":1,"featured_media":0,"comment_status":"closed","ping_status":"open","sticky":false,"template":"","format":"standard","meta":{"_jetpack_memberships_contains_paid_content":false,"footnotes":"","jetpack_publicize_message":"","jetpack_publicize_feature_enabled":true,"jetpack_social_post_already_shared":true,"jetpack_social_options":{"image_generator_settings":{"template":"highway","default_image_id":0,"font":"","enabled":false},"version":2}},"categories":[1],"tags":[28],"class_list":["post-27687","post","type-post","status-publish","format-standard","hentry","category-deutsch","tag-fm"],"jetpack_publicize_connections":[],"jetpack_featured_media_url":"","jetpack_sharing_enabled":true,"jetpack_shortlink":"https:\/\/wp.me\/p5CDmr-7cz","jetpack-related-posts":[{"id":28656,"url":"https:\/\/www.achimbrueckner.de\/dxradio\/php\/wordpress\/?p=28656","url_meta":{"origin":27687,"position":0},"title":"Radio nach dem Krieg Der Rotfunk in West-Berlin","author":"Administrator","date":"May 13, 2020","format":false,"excerpt":"https:\/\/www.spiegel.de\/geschichte\/berliner-rundfunk-rotes-radio-in-west-berlin-nach-dem-2-weltkrieg-a-93c99ace-13de-4860-800b-8de4fff79bb1","rel":"","context":"In &quot;Deutsch&quot;","block_context":{"text":"Deutsch","link":"https:\/\/www.achimbrueckner.de\/dxradio\/php\/wordpress\/?cat=1"},"img":{"alt_text":"","src":"","width":0,"height":0},"classes":[]},{"id":32249,"url":"https:\/\/www.achimbrueckner.de\/dxradio\/php\/wordpress\/?p=32249","url_meta":{"origin":27687,"position":1},"title":"ByteFM: \u201eMusik ist ja viel mehr als Unterhaltung\u201c","author":"Administrator","date":"March 12, 2021","format":false,"excerpt":"https:\/\/www.radioszene.de\/152999\/bytefm.html","rel":"","context":"In &quot;Deutsch&quot;","block_context":{"text":"Deutsch","link":"https:\/\/www.achimbrueckner.de\/dxradio\/php\/wordpress\/?cat=1"},"img":{"alt_text":"","src":"","width":0,"height":0},"classes":[]},{"id":34550,"url":"https:\/\/www.achimbrueckner.de\/dxradio\/php\/wordpress\/?p=34550","url_meta":{"origin":27687,"position":2},"title":"Flashback FM Der neue Radiosender f\u00fcr alle Nostalgiker","author":"Administrator","date":"February 1, 2022","format":false,"excerpt":"https:\/\/www.fm1today.ch\/unterhaltung\/der-neue-radiosender-fuer-alle-nostalgiker-145302734","rel":"","context":"In &quot;Deutsch&quot;","block_context":{"text":"Deutsch","link":"https:\/\/www.achimbrueckner.de\/dxradio\/php\/wordpress\/?cat=1"},"img":{"alt_text":"","src":"","width":0,"height":0},"classes":[]},{"id":21723,"url":"https:\/\/www.achimbrueckner.de\/dxradio\/php\/wordpress\/?p=21723","url_meta":{"origin":27687,"position":3},"title":"Unterhaltung garantiert, wenn Fans Radio machen","author":"Administrator","date":"February 19, 2019","format":false,"excerpt":"https:\/\/www.nachrichten.at\/oberoesterreich\/linz\/unterhaltung-garantiert-wenn-fans-radio-machen;art66,3102755","rel":"","context":"In &quot;Deutsch&quot;","block_context":{"text":"Deutsch","link":"https:\/\/www.achimbrueckner.de\/dxradio\/php\/wordpress\/?cat=1"},"img":{"alt_text":"","src":"","width":0,"height":0},"classes":[]},{"id":33672,"url":"https:\/\/www.achimbrueckner.de\/dxradio\/php\/wordpress\/?p=33672","url_meta":{"origin":27687,"position":4},"title":"Katja Berg: Grenzenlose Unterhaltung: Radio Luxemburg","author":"Administrator","date":"September 29, 2021","format":false,"excerpt":"Buch-Tipp: Auf und Ab der Radiolegende Radio Luxemburg war der gro\u00dfe kommerzielle \u00fcberregionale Sender der 50er- bis 80er-Jahre. In Deutschland wurde er im Saarland und in Nordrhein-Westfalen wegen der N\u00e4he zum Nachbarland und dem damit einhergehenden guten Empfang besonders viel geh\u00f6rt und wird dort heute noch oft nostalgisch verkl\u00e4rt. Das\u2026","rel":"","context":"In &quot;Deutsch&quot;","block_context":{"text":"Deutsch","link":"https:\/\/www.achimbrueckner.de\/dxradio\/php\/wordpress\/?cat=1"},"img":{"alt_text":"","src":"","width":0,"height":0},"classes":[]},{"id":26028,"url":"https:\/\/www.achimbrueckner.de\/dxradio\/php\/wordpress\/?p=26028","url_meta":{"origin":27687,"position":5},"title":"Gesundheitliche Gr\u00fcnde    Thomas Gottschalk beendet \u00fcberraschend TV- und Radio-Show","author":"Administrator","date":"December 2, 2019","format":false,"excerpt":"https:\/\/www.t-online.de\/unterhaltung\/stars\/id_86924624\/thomas-gottschalk-beendet-radio-show-gesundheitliche-gruende.html","rel":"","context":"In &quot;Deutsch&quot;","block_context":{"text":"Deutsch","link":"https:\/\/www.achimbrueckner.de\/dxradio\/php\/wordpress\/?cat=1"},"img":{"alt_text":"","src":"","width":0,"height":0},"classes":[]}],"_links":{"self":[{"href":"https:\/\/www.achimbrueckner.de\/dxradio\/php\/wordpress\/index.php?rest_route=\/wp\/v2\/posts\/27687","targetHints":{"allow":["GET"]}}],"collection":[{"href":"https:\/\/www.achimbrueckner.de\/dxradio\/php\/wordpress\/index.php?rest_route=\/wp\/v2\/posts"}],"about":[{"href":"https:\/\/www.achimbrueckner.de\/dxradio\/php\/wordpress\/index.php?rest_route=\/wp\/v2\/types\/post"}],"author":[{"embeddable":true,"href":"https:\/\/www.achimbrueckner.de\/dxradio\/php\/wordpress\/index.php?rest_route=\/wp\/v2\/users\/1"}],"replies":[{"embeddable":true,"href":"https:\/\/www.achimbrueckner.de\/dxradio\/php\/wordpress\/index.php?rest_route=%2Fwp%2Fv2%2Fcomments&post=27687"}],"version-history":[{"count":0,"href":"https:\/\/www.achimbrueckner.de\/dxradio\/php\/wordpress\/index.php?rest_route=\/wp\/v2\/posts\/27687\/revisions"}],"wp:attachment":[{"href":"https:\/\/www.achimbrueckner.de\/dxradio\/php\/wordpress\/index.php?rest_route=%2Fwp%2Fv2%2Fmedia&parent=27687"}],"wp:term":[{"taxonomy":"category","embeddable":true,"href":"https:\/\/www.achimbrueckner.de\/dxradio\/php\/wordpress\/index.php?rest_route=%2Fwp%2Fv2%2Fcategories&post=27687"},{"taxonomy":"post_tag","embeddable":true,"href":"https:\/\/www.achimbrueckner.de\/dxradio\/php\/wordpress\/index.php?rest_route=%2Fwp%2Fv2%2Ftags&post=27687"}],"curies":[{"name":"wp","href":"https:\/\/api.w.org\/{rel}","templated":true}]}}