{"id":27818,"date":"2020-03-28T17:01:24","date_gmt":"2020-03-28T17:01:24","guid":{"rendered":"https:\/\/www.achimbrueckner.de\/dxradio\/php\/wordpress\/?p=27818"},"modified":"2020-03-28T17:01:24","modified_gmt":"2020-03-28T17:01:24","slug":"horfunk-im-einzelhandel-was-einkaufsradio-im-supermarkt-jetzt-leistet","status":"publish","type":"post","link":"https:\/\/www.achimbrueckner.de\/dxradio\/php\/wordpress\/?p=27818","title":{"rendered":"H\u00f6rfunk im Einzelhandel: Was Einkaufsradio im Supermarkt jetzt leistet"},"content":{"rendered":"<p><a href=\"https:\/\/www.wuv.de\/medien\/was_einkaufsradio_im_supermarkt_jetzt_leistet\" rel=\"noopener noreferrer\" target=\"_blank\">https:\/\/www.wuv.de\/medien\/was_einkaufsradio_im_supermarkt_jetzt_leistet<\/a><\/p>\n","protected":false},"excerpt":{"rendered":"<p>https:\/\/www.wuv.de\/medien\/was_einkaufsradio_im_supermarkt_jetzt_leistet<\/p>\n","protected":false},"author":1,"featured_media":0,"comment_status":"closed","ping_status":"open","sticky":false,"template":"","format":"standard","meta":{"_jetpack_memberships_contains_paid_content":false,"footnotes":"","jetpack_publicize_message":"","jetpack_publicize_feature_enabled":true,"jetpack_social_post_already_shared":true,"jetpack_social_options":{"image_generator_settings":{"template":"highway","default_image_id":0,"font":"","enabled":false},"version":2}},"categories":[1,15],"tags":[25,45],"class_list":["post-27818","post","type-post","status-publish","format-standard","hentry","category-deutsch","category-medien","tag-horfunk","tag-medien"],"jetpack_publicize_connections":[],"jetpack_featured_media_url":"","jetpack_sharing_enabled":true,"jetpack_shortlink":"https:\/\/wp.me\/p5CDmr-7eG","jetpack-related-posts":[{"id":8513,"url":"https:\/\/www.achimbrueckner.de\/dxradio\/php\/wordpress\/?p=8513","url_meta":{"origin":27818,"position":0},"title":"Krimi im H\u00f6rfunk Polizeifunk","author":"Administrator","date":"June 15, 2016","format":false,"excerpt":"http:\/\/www.sueddeutsche.de\/medien\/krimi-im-hoerfunk-polizeifunk-1.3032873","rel":"","context":"In &quot;Deutsch&quot;","block_context":{"text":"Deutsch","link":"https:\/\/www.achimbrueckner.de\/dxradio\/php\/wordpress\/?cat=1"},"img":{"alt_text":"","src":"","width":0,"height":0},"classes":[]},{"id":13021,"url":"https:\/\/www.achimbrueckner.de\/dxradio\/php\/wordpress\/?p=13021","url_meta":{"origin":27818,"position":1},"title":"Warum Aldi im H\u00f6rfunk wirbt","author":"Administrator","date":"April 30, 2017","format":false,"excerpt":"https:\/\/www.wuv.de\/medien\/warum_aldi_im_hoerfunk_wirbt","rel":"","context":"In &quot;Deutsch&quot;","block_context":{"text":"Deutsch","link":"https:\/\/www.achimbrueckner.de\/dxradio\/php\/wordpress\/?cat=1"},"img":{"alt_text":"","src":"","width":0,"height":0},"classes":[]},{"id":8081,"url":"https:\/\/www.achimbrueckner.de\/dxradio\/php\/wordpress\/?p=8081","url_meta":{"origin":27818,"position":2},"title":"Digitalisierung im H\u00f6rfunk Genug geredet, das digitale Radio dreht jetzt auf","author":"Administrator","date":"April 21, 2016","format":false,"excerpt":"http:\/\/www.faz.net\/aktuell\/feuilleton\/medien\/dab-digitales-radio-bei-ard-und-deutschlandfunk-14187752.html","rel":"","context":"In &quot;Deutsch&quot;","block_context":{"text":"Deutsch","link":"https:\/\/www.achimbrueckner.de\/dxradio\/php\/wordpress\/?cat=1"},"img":{"alt_text":"","src":"","width":0,"height":0},"classes":[]},{"id":8681,"url":"https:\/\/www.achimbrueckner.de\/dxradio\/php\/wordpress\/?p=8681","url_meta":{"origin":27818,"position":3},"title":"Programmvielfalt im H\u00f6rfunk, das UKW-Monopol und die Debatte \u00fcber DAB plus","author":"Administrator","date":"July 1, 2016","format":false,"excerpt":"http:\/\/www.medienkorrespondenz.de\/leitartikel\/artikel\/handlungsauftrag.html","rel":"","context":"In &quot;Deutsch&quot;","block_context":{"text":"Deutsch","link":"https:\/\/www.achimbrueckner.de\/dxradio\/php\/wordpress\/?cat=1"},"img":{"alt_text":"","src":"","width":0,"height":0},"classes":[]},{"id":8432,"url":"https:\/\/www.achimbrueckner.de\/dxradio\/php\/wordpress\/?p=8432","url_meta":{"origin":27818,"position":4},"title":"H\u00f6rfunk und Internet: Bald kommt das personalisierte Radio","author":"Administrator","date":"May 31, 2016","format":false,"excerpt":"http:\/\/www.noz.de\/deutschland-welt\/medien\/artikel\/721182\/horfunk-und-internet-bald-kommt-das-personalisierte-radio-1","rel":"","context":"In &quot;Deutsch&quot;","block_context":{"text":"Deutsch","link":"https:\/\/www.achimbrueckner.de\/dxradio\/php\/wordpress\/?cat=1"},"img":{"alt_text":"","src":"","width":0,"height":0},"classes":[]},{"id":18102,"url":"https:\/\/www.achimbrueckner.de\/dxradio\/php\/wordpress\/?p=18102","url_meta":{"origin":27818,"position":5},"title":"Liberalisierung des H\u00f6rfunks  Im Juli k\u00f6nnten f\u00fcr 28 Millionen H\u00f6rer die Radios verstummen","author":"Administrator","date":"June 8, 2018","format":false,"excerpt":"http:\/\/www.sueddeutsche.de\/medien\/liberalisierung-des-hoerfunks-im-juli-koennten-fuer-millionen-hoerer-die-radios-verstummen-1.4004731","rel":"","context":"In &quot;Deutsch&quot;","block_context":{"text":"Deutsch","link":"https:\/\/www.achimbrueckner.de\/dxradio\/php\/wordpress\/?cat=1"},"img":{"alt_text":"","src":"","width":0,"height":0},"classes":[]}],"_links":{"self":[{"href":"https:\/\/www.achimbrueckner.de\/dxradio\/php\/wordpress\/index.php?rest_route=\/wp\/v2\/posts\/27818","targetHints":{"allow":["GET"]}}],"collection":[{"href":"https:\/\/www.achimbrueckner.de\/dxradio\/php\/wordpress\/index.php?rest_route=\/wp\/v2\/posts"}],"about":[{"href":"https:\/\/www.achimbrueckner.de\/dxradio\/php\/wordpress\/index.php?rest_route=\/wp\/v2\/types\/post"}],"author":[{"embeddable":true,"href":"https:\/\/www.achimbrueckner.de\/dxradio\/php\/wordpress\/index.php?rest_route=\/wp\/v2\/users\/1"}],"replies":[{"embeddable":true,"href":"https:\/\/www.achimbrueckner.de\/dxradio\/php\/wordpress\/index.php?rest_route=%2Fwp%2Fv2%2Fcomments&post=27818"}],"version-history":[{"count":0,"href":"https:\/\/www.achimbrueckner.de\/dxradio\/php\/wordpress\/index.php?rest_route=\/wp\/v2\/posts\/27818\/revisions"}],"wp:attachment":[{"href":"https:\/\/www.achimbrueckner.de\/dxradio\/php\/wordpress\/index.php?rest_route=%2Fwp%2Fv2%2Fmedia&parent=27818"}],"wp:term":[{"taxonomy":"category","embeddable":true,"href":"https:\/\/www.achimbrueckner.de\/dxradio\/php\/wordpress\/index.php?rest_route=%2Fwp%2Fv2%2Fcategories&post=27818"},{"taxonomy":"post_tag","embeddable":true,"href":"https:\/\/www.achimbrueckner.de\/dxradio\/php\/wordpress\/index.php?rest_route=%2Fwp%2Fv2%2Ftags&post=27818"}],"curies":[{"name":"wp","href":"https:\/\/api.w.org\/{rel}","templated":true}]}}