{"id":27835,"date":"2020-03-30T11:00:46","date_gmt":"2020-03-30T11:00:46","guid":{"rendered":"https:\/\/www.achimbrueckner.de\/dxradio\/php\/wordpress\/?p=27835"},"modified":"2020-03-30T11:00:46","modified_gmt":"2020-03-30T11:00:46","slug":"neuer-podcast-melanie-stein-fuhrt-fur-detektor-fm-gesprache-aus-der-quarantane","status":"publish","type":"post","link":"https:\/\/www.achimbrueckner.de\/dxradio\/php\/wordpress\/?p=27835","title":{"rendered":"Neuer Podcast: Melanie Stein f\u00fchrt f\u00fcr Detektor.FM Gespr\u00e4che aus der Quarant\u00e4ne"},"content":{"rendered":"<p><a href=\"http:\/\/www.radiowoche.de\/neuer-podcast-melanie-stein-fuehrt-fuer-detektor-fm-gespraeche-aus-der-quarantaene\/\" rel=\"noopener noreferrer\" target=\"_blank\">http:\/\/www.radiowoche.de\/neuer-podcast-melanie-stein-fuehrt-fuer-detektor-fm-gespraeche-aus-der-quarantaene\/<\/a><\/p>\n","protected":false},"excerpt":{"rendered":"<p>http:\/\/www.radiowoche.de\/neuer-podcast-melanie-stein-fuehrt-fuer-detektor-fm-gespraeche-aus-der-quarantaene\/<\/p>\n","protected":false},"author":1,"featured_media":0,"comment_status":"closed","ping_status":"open","sticky":false,"template":"","format":"standard","meta":{"_jetpack_memberships_contains_paid_content":false,"footnotes":"","jetpack_publicize_message":"","jetpack_publicize_feature_enabled":true,"jetpack_social_post_already_shared":true,"jetpack_social_options":{"image_generator_settings":{"template":"highway","default_image_id":0,"font":"","enabled":false},"version":2}},"categories":[1],"tags":[28],"class_list":["post-27835","post","type-post","status-publish","format-standard","hentry","category-deutsch","tag-fm"],"jetpack_publicize_connections":[],"jetpack_featured_media_url":"","jetpack_sharing_enabled":true,"jetpack_shortlink":"https:\/\/wp.me\/p5CDmr-7eX","jetpack-related-posts":[{"id":26066,"url":"https:\/\/www.achimbrueckner.de\/dxradio\/php\/wordpress\/?p=26066","url_meta":{"origin":27835,"position":0},"title":"Neue Webseite, neue Redaktionsleitung, neuer t\u00e4glicher Podcast","author":"Administrator","date":"December 6, 2019","format":false,"excerpt":"https:\/\/detektor.fm\/digital\/detektorfm-destilliert-kw-49-podcast-radio-detektor-fm","rel":"","context":"In &quot;Deutsch&quot;","block_context":{"text":"Deutsch","link":"https:\/\/www.achimbrueckner.de\/dxradio\/php\/wordpress\/?cat=1"},"img":{"alt_text":"","src":"","width":0,"height":0},"classes":[]},{"id":41255,"url":"https:\/\/www.achimbrueckner.de\/dxradio\/php\/wordpress\/?p=41255","url_meta":{"origin":27835,"position":1},"title":"Neuer Podcast mit Radiolegende Rik De Lisle (77) und KISS FM-Werkstudentin Aim\u00e9e (22)","author":"Administrator","date":"May 14, 2024","format":false,"excerpt":"https:\/\/www.radioszene.de\/186765\/kissfm-podcast-rik-de-lisle.html","rel":"","context":"In &quot;Deutsch&quot;","block_context":{"text":"Deutsch","link":"https:\/\/www.achimbrueckner.de\/dxradio\/php\/wordpress\/?cat=1"},"img":{"alt_text":"","src":"","width":0,"height":0},"classes":[]},{"id":42586,"url":"https:\/\/www.achimbrueckner.de\/dxradio\/php\/wordpress\/?p=42586","url_meta":{"origin":27835,"position":2},"title":"Weltweit TOK FM: Neues Logo, Neue Programme, Neuer Rekord bei Podcast-Abos","author":"Administrator","date":"April 14, 2025","format":false,"excerpt":"https:\/\/www.radioszene.de\/201923\/tokfm-relaunch-2025.html","rel":"","context":"In &quot;Deutsch&quot;","block_context":{"text":"Deutsch","link":"https:\/\/www.achimbrueckner.de\/dxradio\/php\/wordpress\/?cat=1"},"img":{"alt_text":"","src":"","width":0,"height":0},"classes":[]},{"id":29558,"url":"https:\/\/www.achimbrueckner.de\/dxradio\/php\/wordpress\/?p=29558","url_meta":{"origin":27835,"position":3},"title":"Neuer True-Crime-Podcast: Bayern 3 widmet sich der \u201cSprache des Verbrechens\u201d","author":"Administrator","date":"July 24, 2020","format":false,"excerpt":"http:\/\/www.radiowoche.de\/neuer-true-crime-podcast-bayern-3-widmet-sich-der-sprache-des-verbrechens\/","rel":"","context":"In &quot;Deutsch&quot;","block_context":{"text":"Deutsch","link":"https:\/\/www.achimbrueckner.de\/dxradio\/php\/wordpress\/?cat=1"},"img":{"alt_text":"","src":"","width":0,"height":0},"classes":[]},{"id":5264,"url":"https:\/\/www.achimbrueckner.de\/dxradio\/php\/wordpress\/?p=5264","url_meta":{"origin":27835,"position":4},"title":"Radio aus der Schule in Stein","author":"Administrator","date":"July 18, 2015","format":false,"excerpt":"http:\/\/www.nordbayern.de\/region\/fuerth\/radio-aus-der-schule-in-stein-1.4522350","rel":"","context":"In &quot;Deutsch&quot;","block_context":{"text":"Deutsch","link":"https:\/\/www.achimbrueckner.de\/dxradio\/php\/wordpress\/?cat=1"},"img":{"alt_text":"","src":"","width":0,"height":0},"classes":[]},{"id":3911,"url":"https:\/\/www.achimbrueckner.de\/dxradio\/php\/wordpress\/?p=3911","url_meta":{"origin":27835,"position":5},"title":"Kunos Radiothek und FM Kompakt goes DX und wird International !","author":"Administrator","date":"December 30, 2014","format":false,"excerpt":"Radio HCJB wird ab 03.01.15 jeweils an den ersten drei Samstagen eines Monats innerhalb der Sendung \"F\u00fcr DXer\" einen Beitrag aus der Reihe Kunos-Radiothek ausstrahlen. Sendezeiten 06:30-07:00 \/ 08:30-09:00 \/ 17:00-17:30 \/ 20:00-20:30 \/ 23:00-23:30 MEZ Frequenzen 3995 & 7365 khz Sender Weenermoor (Deutschland) & Podcast via http:\/\/www.vozandes.net\/scripts\/ALP.php Damit \u00fcbernimmt\u2026","rel":"","context":"In &quot;Deutsch&quot;","block_context":{"text":"Deutsch","link":"https:\/\/www.achimbrueckner.de\/dxradio\/php\/wordpress\/?cat=1"},"img":{"alt_text":"","src":"","width":0,"height":0},"classes":[]}],"_links":{"self":[{"href":"https:\/\/www.achimbrueckner.de\/dxradio\/php\/wordpress\/index.php?rest_route=\/wp\/v2\/posts\/27835","targetHints":{"allow":["GET"]}}],"collection":[{"href":"https:\/\/www.achimbrueckner.de\/dxradio\/php\/wordpress\/index.php?rest_route=\/wp\/v2\/posts"}],"about":[{"href":"https:\/\/www.achimbrueckner.de\/dxradio\/php\/wordpress\/index.php?rest_route=\/wp\/v2\/types\/post"}],"author":[{"embeddable":true,"href":"https:\/\/www.achimbrueckner.de\/dxradio\/php\/wordpress\/index.php?rest_route=\/wp\/v2\/users\/1"}],"replies":[{"embeddable":true,"href":"https:\/\/www.achimbrueckner.de\/dxradio\/php\/wordpress\/index.php?rest_route=%2Fwp%2Fv2%2Fcomments&post=27835"}],"version-history":[{"count":0,"href":"https:\/\/www.achimbrueckner.de\/dxradio\/php\/wordpress\/index.php?rest_route=\/wp\/v2\/posts\/27835\/revisions"}],"wp:attachment":[{"href":"https:\/\/www.achimbrueckner.de\/dxradio\/php\/wordpress\/index.php?rest_route=%2Fwp%2Fv2%2Fmedia&parent=27835"}],"wp:term":[{"taxonomy":"category","embeddable":true,"href":"https:\/\/www.achimbrueckner.de\/dxradio\/php\/wordpress\/index.php?rest_route=%2Fwp%2Fv2%2Fcategories&post=27835"},{"taxonomy":"post_tag","embeddable":true,"href":"https:\/\/www.achimbrueckner.de\/dxradio\/php\/wordpress\/index.php?rest_route=%2Fwp%2Fv2%2Ftags&post=27835"}],"curies":[{"name":"wp","href":"https:\/\/api.w.org\/{rel}","templated":true}]}}