{"id":27905,"date":"2020-04-01T12:54:49","date_gmt":"2020-04-01T12:54:49","guid":{"rendered":"https:\/\/www.achimbrueckner.de\/dxradio\/php\/wordpress\/?p=27905"},"modified":"2020-04-01T12:54:49","modified_gmt":"2020-04-01T12:54:49","slug":"ratselhafte-empfangsschwankungen-bei-dab-hessen-sud","status":"publish","type":"post","link":"https:\/\/www.achimbrueckner.de\/dxradio\/php\/wordpress\/?p=27905","title":{"rendered":"R\u00e4tselhafte Empfangsschwankungen bei DAB+ Hessen S\u00fcd"},"content":{"rendered":"<p><a href=\"https:\/\/www.smartphonefan.de\/2020\/04\/01\/raetselhafte-empfangsschwankungen-bei-dab-hessen-sued\/\" rel=\"noopener noreferrer\" target=\"_blank\">https:\/\/www.smartphonefan.de\/2020\/04\/01\/raetselhafte-empfangsschwankungen-bei-dab-hessen-sued\/<\/a><\/p>\n","protected":false},"excerpt":{"rendered":"<p>https:\/\/www.smartphonefan.de\/2020\/04\/01\/raetselhafte-empfangsschwankungen-bei-dab-hessen-sued\/<\/p>\n","protected":false},"author":1,"featured_media":0,"comment_status":"closed","ping_status":"open","sticky":false,"template":"","format":"standard","meta":{"_jetpack_memberships_contains_paid_content":false,"footnotes":"","jetpack_publicize_message":"","jetpack_publicize_feature_enabled":true,"jetpack_social_post_already_shared":true,"jetpack_social_options":{"image_generator_settings":{"template":"highway","default_image_id":0,"font":"","enabled":false},"version":2}},"categories":[1,3],"tags":[31,42],"class_list":["post-27905","post","type-post","status-publish","format-standard","hentry","category-deutsch","category-empfang","tag-dab","tag-empfang"],"jetpack_publicize_connections":[],"jetpack_featured_media_url":"","jetpack_sharing_enabled":true,"jetpack_shortlink":"https:\/\/wp.me\/p5CDmr-7g5","jetpack-related-posts":[{"id":40588,"url":"https:\/\/www.achimbrueckner.de\/dxradio\/php\/wordpress\/?p=40588","url_meta":{"origin":27905,"position":0},"title":"DAB+: Hier gibt es besseren Empfang im Digitalradio","author":"Administrator","date":"December 4, 2023","format":false,"excerpt":"https:\/\/www.teltarif.de\/dabplus-radio-niedersachsen-thueringen-hessen\/news\/93880.html","rel":"","context":"In &quot;Deutsch&quot;","block_context":{"text":"Deutsch","link":"https:\/\/www.achimbrueckner.de\/dxradio\/php\/wordpress\/?cat=1"},"img":{"alt_text":"","src":"","width":0,"height":0},"classes":[]},{"id":40272,"url":"https:\/\/www.achimbrueckner.de\/dxradio\/php\/wordpress\/?p=40272","url_meta":{"origin":27905,"position":1},"title":"DAB+ Hessen S\u00fcd: \u00c4nderungen bei \u00dcbertragungsparametern","author":"Administrator","date":"October 5, 2023","format":false,"excerpt":"https:\/\/www.radioblog.eu\/2023\/10\/05\/dab-hessen-sued-aenderungen-bei-uebertragungsparametern\/","rel":"","context":"In &quot;Deutsch&quot;","block_context":{"text":"Deutsch","link":"https:\/\/www.achimbrueckner.de\/dxradio\/php\/wordpress\/?cat=1"},"img":{"alt_text":"","src":"","width":0,"height":0},"classes":[]},{"id":14558,"url":"https:\/\/www.achimbrueckner.de\/dxradio\/php\/wordpress\/?p=14558","url_meta":{"origin":27905,"position":2},"title":"DAB+ auch in Hessen klar auf Vormarsch \u2013 LPR Hessen spricht sich f\u00fcr weiteren Ausbau aus","author":"Administrator","date":"September 11, 2017","format":false,"excerpt":"https:\/\/www.infosat.de\/radio\/dab-auch-hessen-klar-auf-vormarsch-lpr-hessen-spricht-sich-f-r-weiteren-ausbau-aus","rel":"","context":"In &quot;Deutsch&quot;","block_context":{"text":"Deutsch","link":"https:\/\/www.achimbrueckner.de\/dxradio\/php\/wordpress\/?cat=1"},"img":{"alt_text":"","src":"","width":0,"height":0},"classes":[]},{"id":14576,"url":"https:\/\/www.achimbrueckner.de\/dxradio\/php\/wordpress\/?p=14576","url_meta":{"origin":27905,"position":3},"title":"DAB+ auch in Hessen klar auf Vormarsch \u2013 LPR Hessen spricht sich f\u00fcr weiteren Ausbau aus","author":"Administrator","date":"September 12, 2017","format":false,"excerpt":"https:\/\/www.infosat.de\/radio\/dab-auch-hessen-klar-auf-vormarsch-lpr-hessen-spricht-sich-f-r-weiteren-ausbau-aus","rel":"","context":"In &quot;Deutsch&quot;","block_context":{"text":"Deutsch","link":"https:\/\/www.achimbrueckner.de\/dxradio\/php\/wordpress\/?cat=1"},"img":{"alt_text":"","src":"","width":0,"height":0},"classes":[]},{"id":29241,"url":"https:\/\/www.achimbrueckner.de\/dxradio\/php\/wordpress\/?p=29241","url_meta":{"origin":27905,"position":4},"title":"NDR wird bei DAB+ regionaler","author":"Administrator","date":"June 30, 2020","format":false,"excerpt":"https:\/\/www.ndr.de\/der_ndr\/empfang_und_technik\/NDR-wird-bei-DAB-regionaler,neuesdabplayout100.html","rel":"","context":"In &quot;Deutsch&quot;","block_context":{"text":"Deutsch","link":"https:\/\/www.achimbrueckner.de\/dxradio\/php\/wordpress\/?cat=1"},"img":{"alt_text":"","src":"","width":0,"height":0},"classes":[]},{"id":18500,"url":"https:\/\/www.achimbrueckner.de\/dxradio\/php\/wordpress\/?p=18500","url_meta":{"origin":27905,"position":5},"title":"ARD: Sender\u00fcbergreifende Zusammenarbeit bei DAB+-Netzen","author":"Administrator","date":"July 16, 2018","format":false,"excerpt":"https:\/\/www.teltarif.de\/radio-empfang-dab-plus-ukw\/news\/73294.html","rel":"","context":"In &quot;Deutsch&quot;","block_context":{"text":"Deutsch","link":"https:\/\/www.achimbrueckner.de\/dxradio\/php\/wordpress\/?cat=1"},"img":{"alt_text":"","src":"","width":0,"height":0},"classes":[]}],"_links":{"self":[{"href":"https:\/\/www.achimbrueckner.de\/dxradio\/php\/wordpress\/index.php?rest_route=\/wp\/v2\/posts\/27905","targetHints":{"allow":["GET"]}}],"collection":[{"href":"https:\/\/www.achimbrueckner.de\/dxradio\/php\/wordpress\/index.php?rest_route=\/wp\/v2\/posts"}],"about":[{"href":"https:\/\/www.achimbrueckner.de\/dxradio\/php\/wordpress\/index.php?rest_route=\/wp\/v2\/types\/post"}],"author":[{"embeddable":true,"href":"https:\/\/www.achimbrueckner.de\/dxradio\/php\/wordpress\/index.php?rest_route=\/wp\/v2\/users\/1"}],"replies":[{"embeddable":true,"href":"https:\/\/www.achimbrueckner.de\/dxradio\/php\/wordpress\/index.php?rest_route=%2Fwp%2Fv2%2Fcomments&post=27905"}],"version-history":[{"count":0,"href":"https:\/\/www.achimbrueckner.de\/dxradio\/php\/wordpress\/index.php?rest_route=\/wp\/v2\/posts\/27905\/revisions"}],"wp:attachment":[{"href":"https:\/\/www.achimbrueckner.de\/dxradio\/php\/wordpress\/index.php?rest_route=%2Fwp%2Fv2%2Fmedia&parent=27905"}],"wp:term":[{"taxonomy":"category","embeddable":true,"href":"https:\/\/www.achimbrueckner.de\/dxradio\/php\/wordpress\/index.php?rest_route=%2Fwp%2Fv2%2Fcategories&post=27905"},{"taxonomy":"post_tag","embeddable":true,"href":"https:\/\/www.achimbrueckner.de\/dxradio\/php\/wordpress\/index.php?rest_route=%2Fwp%2Fv2%2Ftags&post=27905"}],"curies":[{"name":"wp","href":"https:\/\/api.w.org\/{rel}","templated":true}]}}