{"id":27971,"date":"2020-04-03T14:37:54","date_gmt":"2020-04-03T14:37:54","guid":{"rendered":"https:\/\/www.achimbrueckner.de\/dxradio\/php\/wordpress\/?p=27971"},"modified":"2020-04-03T14:37:54","modified_gmt":"2020-04-03T14:37:54","slug":"r-i-p-mighty-mike","status":"publish","type":"post","link":"https:\/\/www.achimbrueckner.de\/dxradio\/php\/wordpress\/?p=27971","title":{"rendered":"R.I.P. \u201eMighty Mike\u201c"},"content":{"rendered":"<p>Radiomacher, Ex-Kollege und Freund Mike Schneider ist pl\u00f6tzlich an einer Blut-Infektion auf den Philippinen verstorben, teilt seine Lebensgef\u00e4hrtin heute Mittag mit. Es bestand kein Zusammenhang mit Corona.<\/p>\n<p>Ein toller Mensch aus der Pionierzeit des privaten Rundfunks ist nicht mehr da. Ein Mensch, mit dem ich lustige Zeiten bei Radio Donau 1 und Radio 7 erlebt habe. Ein Mensch, der auch gerne kontrovers diskutiert hat, aber auch in schweren Zeiten zugeh\u00f6rt hat und f\u00fcreinander da war.<\/p>\n<p>Seine Vita:<\/p>\n<p>Radioprofi Mike Schneider weist im Laufe seiner Kariere Stationen quer durch Europa auf. Von Radio Brenner in S\u00fcdtirol und dem Luxemburger Kultsender RTL Deutschlands Hit-Radio \u00fcber Radio B 1, Radio in Berlin, 94,3 rs2 und als erster Moderator der ENERGY Berlin 103,4 Morning-Show in Berlin f\u00fchrte ihn sein Weg auch \u00fcber Radio BHeins in Potsdam, den MDR &#8211; Mitteldeutscher Rundfunk in Leipzig und Halle nach Ulm zu Radio Donau und Radio 7. Immer wieder war er auch als Moderatoren-Coach t\u00e4tig, etwa in den ersten Jahren bei 98.8 KISS FM. Zuletzt arbeitete er am Mikrofon von PELI ONE &#8211; Urban Music Radio.<\/p>\n<p>Mike wollte urspr\u00fcnglich ab dem 7. Januar etwa 3-6 Monate auf den Philippinen verbringen. Er hinterl\u00e4sst einen 15-j\u00e4hrigen Sohn in der N\u00e4he von M\u00fcnchen.<\/p>\n<p>R.I.P. \u201eMighty Mike\u201c<\/p>\n<p>Info via Facebook<\/p>\n","protected":false},"excerpt":{"rendered":"<p>Radiomacher, Ex-Kollege und Freund Mike Schneider ist pl\u00f6tzlich an einer Blut-Infektion auf den Philippinen verstorben, teilt seine Lebensgef\u00e4hrtin heute Mittag mit. Es bestand kein Zusammenhang mit Corona. Ein toller Mensch aus der Pionierzeit des privaten Rundfunks ist nicht mehr da. Ein Mensch, mit dem ich lustige Zeiten bei Radio Donau 1 und Radio 7 erlebt &hellip; <a href=\"https:\/\/www.achimbrueckner.de\/dxradio\/php\/wordpress\/?p=27971\" class=\"more-link\">Continue reading <span class=\"screen-reader-text\">R.I.P. \u201eMighty Mike\u201c<\/span><\/a><\/p>\n","protected":false},"author":1,"featured_media":0,"comment_status":"closed","ping_status":"open","sticky":false,"template":"","format":"standard","meta":{"_jetpack_memberships_contains_paid_content":false,"footnotes":"","jetpack_publicize_message":"","jetpack_publicize_feature_enabled":true,"jetpack_social_post_already_shared":true,"jetpack_social_options":{"image_generator_settings":{"template":"highway","default_image_id":0,"font":"","enabled":false},"version":2}},"categories":[1],"tags":[24,28],"class_list":["post-27971","post","type-post","status-publish","format-standard","hentry","category-deutsch","tag-am","tag-fm"],"jetpack_publicize_connections":[],"jetpack_featured_media_url":"","jetpack_sharing_enabled":true,"jetpack_shortlink":"https:\/\/wp.me\/p5CDmr-7h9","jetpack-related-posts":[{"id":7376,"url":"https:\/\/www.achimbrueckner.de\/dxradio\/php\/wordpress\/?p=7376","url_meta":{"origin":27971,"position":0},"title":"31. Januar 2016 Sonntag ab 10 Uhr MEZ: &#8220;Radio. Menschen &#038; Geschichten&#8221;","author":"Administrator","date":"January 26, 2016","format":false,"excerpt":"Hallo in die Runde, Wir haben ja schon \u00fcber ein neues \"Radio-im-Radio-Magazin\" hier berichtet.. Dieses \"Corona-freie\", Ihr wisst schon. In 5 Tagen geht es dann also los mit Ausgabe 1. In den letzten Tagen hat sich einiges getan. Der Name steht fest: \"Radio. Menschen und Geschichten\". Ne Facebookseite gibt's derweil\u2026","rel":"","context":"In &quot;Deutsch&quot;","block_context":{"text":"Deutsch","link":"https:\/\/www.achimbrueckner.de\/dxradio\/php\/wordpress\/?cat=1"},"img":{"alt_text":"","src":"","width":0,"height":0},"classes":[]},{"id":39674,"url":"https:\/\/www.achimbrueckner.de\/dxradio\/php\/wordpress\/?p=39674","url_meta":{"origin":27971,"position":1},"title":"Deutschlands bekanntester, bergsteigender Funkamateur Emil Bergmann zu Gast auf der Ham Radio vom 23. bis 25. Juni 2023","author":"Administrator","date":"June 17, 2023","format":false,"excerpt":"Deutschlands bekanntester, bergsteigender Funkamateur Emil Bergmann zu Gast auf der Ham Radio vom 23. bis 25. Juni 2023 Abenteuer Amateurfunk: Einmal um die ganze Welt mit Funkequipment 12.06.2023 | Emil Bergmann Friedrichshafen \u2013 Emil Bergmann, Alpinist, Extremkletterer und leidenschaftlicher Funkamateur hat vor wenigen Tagen seine j\u00fcngste Expedition beendet. Gemeinsam mit\u2026","rel":"","context":"In &quot;camps&quot;","block_context":{"text":"camps","link":"https:\/\/www.achimbrueckner.de\/dxradio\/php\/wordpress\/?cat=5"},"img":{"alt_text":"","src":"","width":0,"height":0},"classes":[]},{"id":486,"url":"https:\/\/www.achimbrueckner.de\/dxradio\/php\/wordpress\/?p=486","url_meta":{"origin":27971,"position":2},"title":"H\u00f6rertreffen IFA Berlin","author":"Administrator","date":"August 8, 2009","format":false,"excerpt":"Einladung zum H\u00f6rertreffen w\u00e4hrend der Internationalen Funkausstellung 2009 \"Wie es schon seit vielen Jahren Tradition ist, wird es auch in diesem Jahr zur Internationalen Funkausstellung, f\u00fcr alle die am Radio-Hobby interessiert sind, in Berlin ein Treffen geben. Wir laden alle Hobbyfreunde am 05. September 2009 nach Berlin zu einem Austausch\u2026","rel":"","context":"In &quot;camps&quot;","block_context":{"text":"camps","link":"https:\/\/www.achimbrueckner.de\/dxradio\/php\/wordpress\/?cat=5"},"img":{"alt_text":"","src":"","width":0,"height":0},"classes":[]},{"id":20403,"url":"https:\/\/www.achimbrueckner.de\/dxradio\/php\/wordpress\/?p=20403","url_meta":{"origin":27971,"position":3},"title":"RADIO DARC sendet seine 200. Sendung","author":"Administrator","date":"December 14, 2018","format":false,"excerpt":"Radiostimme des DARC e.V. RADIO DARC sendet seine 200. Sendung \"Die Sendung am kommenden Sonntag den 16.12.18 ist unser Jubil\u00e4um, es ist genau das 200. Programm\" so Chefredakteur Rainer Englert DF2NU. Gestartet am 22. M\u00e4rz 2015 hat sich der Deutsche Amateur Radio Club e.V. mit einen regelm\u00e4\u00dfigen Kurzwellen- und Funktechnik-Magazinen\u2026","rel":"","context":"In &quot;Deutsch&quot;","block_context":{"text":"Deutsch","link":"https:\/\/www.achimbrueckner.de\/dxradio\/php\/wordpress\/?cat=1"},"img":{"alt_text":"","src":"","width":0,"height":0},"classes":[]},{"id":487,"url":"https:\/\/www.achimbrueckner.de\/dxradio\/php\/wordpress\/?p=487","url_meta":{"origin":27971,"position":4},"title":"KBS H\u00f6rertreffen IFA Berlin","author":"Administrator","date":"August 8, 2009","format":false,"excerpt":"KBS-H\u00f6rertreffen \"Liebe H\u00f6rerfreundin, Lieber H\u00f6rerfreund, Am 28.August 2009 ist es wieder soweit, die Internationale Funkausstellung \u00f6ffnet in Berlin ihre Pforten und aus diesem Anlass findet zum 5.Mal das KBS-H\u00f6rertreffen statt. Sehr gerne lade ich Euch zu diesem Treffen ein. Wie auch in den vergangenen Jahren stellt uns die Kulturabteilung der\u2026","rel":"","context":"In &quot;camps&quot;","block_context":{"text":"camps","link":"https:\/\/www.achimbrueckner.de\/dxradio\/php\/wordpress\/?cat=5"},"img":{"alt_text":"","src":"","width":0,"height":0},"classes":[]},{"id":31810,"url":"https:\/\/www.achimbrueckner.de\/dxradio\/php\/wordpress\/?p=31810","url_meta":{"origin":27971,"position":5},"title":"Litauen Rimantas Pleykis RIP","author":"Administrator","date":"January 25, 2021","format":false,"excerpt":"Traurige Nachrichten aus Litauen: Wieder verl\u00e4sst eine Radiopers\u00f6nlichkeit diese Welt viel zu fr\u00fch. Gestern wurde bekannt, dass der Gr\u00fcnder des ersten Privatradios zu Zeiten der Sowjetunion, Radio M1 sowie der Gr\u00fcnder und Betreiber der Mittelwelle 1386 kHz (Radio Baltic Waves), Rimantas Pleykis im Alter von nur 64 Jahren gestorben ist.\u2026","rel":"","context":"In &quot;audio&quot;","block_context":{"text":"audio","link":"https:\/\/www.achimbrueckner.de\/dxradio\/php\/wordpress\/?cat=47"},"img":{"alt_text":"","src":"","width":0,"height":0},"classes":[]}],"_links":{"self":[{"href":"https:\/\/www.achimbrueckner.de\/dxradio\/php\/wordpress\/index.php?rest_route=\/wp\/v2\/posts\/27971","targetHints":{"allow":["GET"]}}],"collection":[{"href":"https:\/\/www.achimbrueckner.de\/dxradio\/php\/wordpress\/index.php?rest_route=\/wp\/v2\/posts"}],"about":[{"href":"https:\/\/www.achimbrueckner.de\/dxradio\/php\/wordpress\/index.php?rest_route=\/wp\/v2\/types\/post"}],"author":[{"embeddable":true,"href":"https:\/\/www.achimbrueckner.de\/dxradio\/php\/wordpress\/index.php?rest_route=\/wp\/v2\/users\/1"}],"replies":[{"embeddable":true,"href":"https:\/\/www.achimbrueckner.de\/dxradio\/php\/wordpress\/index.php?rest_route=%2Fwp%2Fv2%2Fcomments&post=27971"}],"version-history":[{"count":0,"href":"https:\/\/www.achimbrueckner.de\/dxradio\/php\/wordpress\/index.php?rest_route=\/wp\/v2\/posts\/27971\/revisions"}],"wp:attachment":[{"href":"https:\/\/www.achimbrueckner.de\/dxradio\/php\/wordpress\/index.php?rest_route=%2Fwp%2Fv2%2Fmedia&parent=27971"}],"wp:term":[{"taxonomy":"category","embeddable":true,"href":"https:\/\/www.achimbrueckner.de\/dxradio\/php\/wordpress\/index.php?rest_route=%2Fwp%2Fv2%2Fcategories&post=27971"},{"taxonomy":"post_tag","embeddable":true,"href":"https:\/\/www.achimbrueckner.de\/dxradio\/php\/wordpress\/index.php?rest_route=%2Fwp%2Fv2%2Ftags&post=27971"}],"curies":[{"name":"wp","href":"https:\/\/api.w.org\/{rel}","templated":true}]}}