{"id":27972,"date":"2020-04-03T14:55:23","date_gmt":"2020-04-03T14:55:23","guid":{"rendered":"https:\/\/www.achimbrueckner.de\/dxradio\/php\/wordpress\/?p=27972"},"modified":"2020-04-03T14:55:23","modified_gmt":"2020-04-03T14:55:23","slug":"in-allen-altersgruppen-deutsche-kehren-facebook-laut-social-media-atlas-verstarkt-den-rucken","status":"publish","type":"post","link":"https:\/\/www.achimbrueckner.de\/dxradio\/php\/wordpress\/?p=27972","title":{"rendered":"In allen Altersgruppen: Deutsche kehren Facebook laut \u201cSocial-Media-Atlas\u201d verst\u00e4rkt den R\u00fccken"},"content":{"rendered":"<p><a href=\"https:\/\/meedia.de\/2020\/04\/03\/in-allen-altersgruppen-deutsche-kehren-facebook-laut-social-media-atlas-verstaerkt-den-ruecken\/\" rel=\"noopener noreferrer\" target=\"_blank\">https:\/\/meedia.de\/2020\/04\/03\/in-allen-altersgruppen-deutsche-kehren-facebook-laut-social-media-atlas-verstaerkt-den-ruecken\/<\/a><\/p>\n","protected":false},"excerpt":{"rendered":"<p>https:\/\/meedia.de\/2020\/04\/03\/in-allen-altersgruppen-deutsche-kehren-facebook-laut-social-media-atlas-verstaerkt-den-ruecken\/<\/p>\n","protected":false},"author":1,"featured_media":0,"comment_status":"closed","ping_status":"open","sticky":false,"template":"","format":"standard","meta":{"_jetpack_memberships_contains_paid_content":false,"footnotes":"","jetpack_publicize_message":"","jetpack_publicize_feature_enabled":true,"jetpack_social_post_already_shared":true,"jetpack_social_options":{"image_generator_settings":{"template":"highway","default_image_id":0,"font":"","enabled":false},"version":2}},"categories":[1,17],"tags":[46],"class_list":["post-27972","post","type-post","status-publish","format-standard","hentry","category-deutsch","category-media","tag-media"],"jetpack_publicize_connections":[],"jetpack_featured_media_url":"","jetpack_sharing_enabled":true,"jetpack_shortlink":"https:\/\/wp.me\/p5CDmr-7ha","jetpack-related-posts":[{"id":28658,"url":"https:\/\/www.achimbrueckner.de\/dxradio\/php\/wordpress\/?p=28658","url_meta":{"origin":27972,"position":0},"title":"Deutschlandfunk und Deutschlandfunk Kultur kehren ab 18. Mai zu normalem Sendeschema zur\u00fcck","author":"Administrator","date":"May 14, 2020","format":false,"excerpt":"http:\/\/www.radiowoche.de\/deutschlandfunk-und-deutschlandfunk-kultur-kehren-ab-18-mai-zu-normalem-sendeschema-zurueck\/","rel":"","context":"In &quot;Deutsch&quot;","block_context":{"text":"Deutsch","link":"https:\/\/www.achimbrueckner.de\/dxradio\/php\/wordpress\/?cat=1"},"img":{"alt_text":"","src":"","width":0,"height":0},"classes":[]},{"id":13703,"url":"https:\/\/www.achimbrueckner.de\/dxradio\/php\/wordpress\/?p=13703","url_meta":{"origin":27972,"position":1},"title":"Streaming-Nutzer kehren wieder zu TV und Radio zur\u00fcck","author":"Administrator","date":"July 12, 2017","format":false,"excerpt":"https:\/\/www.teltarif.de\/fernsehen-streaming-musikstreaming-radio\/news\/69304.html","rel":"","context":"In &quot;Deutsch&quot;","block_context":{"text":"Deutsch","link":"https:\/\/www.achimbrueckner.de\/dxradio\/php\/wordpress\/?cat=1"},"img":{"alt_text":"","src":"","width":0,"height":0},"classes":[]},{"id":39645,"url":"https:\/\/www.achimbrueckner.de\/dxradio\/php\/wordpress\/?p=39645","url_meta":{"origin":27972,"position":2},"title":"Radio Forum als Webradio zur\u00fcck!","author":"Administrator","date":"June 13, 2023","format":false,"excerpt":"Radio Forum als Webradio zur\u00fcck! Radio Forum, ein Pionier aus Lothringen, geh\u00f6rte in den 1980iger Jahren zu den Radiostationen, welche gezielt in Richtung Saarland sendeten. Mitte 2023 wurde ein Webstream gestartet: https:\/\/www.radio-forum2.de\/ Radio Forum - Wir H\u00f6ren uns Das Webradio wird von Bernd Sambo betrieben - mit dem ehemaligen UKW-Sender\u2026","rel":"","context":"In &quot;Deutsch&quot;","block_context":{"text":"Deutsch","link":"https:\/\/www.achimbrueckner.de\/dxradio\/php\/wordpress\/?cat=1"},"img":{"alt_text":"","src":"","width":0,"height":0},"classes":[]},{"id":11838,"url":"https:\/\/www.achimbrueckner.de\/dxradio\/php\/wordpress\/?p=11838","url_meta":{"origin":27972,"position":3},"title":"Social Media vs. TV und Radio: Deutsche wollen Kennzeichnungspflicht f\u00fcr Fake News","author":"Administrator","date":"January 22, 2017","format":false,"excerpt":"http:\/\/www.ibusiness.de\/aktuell\/db\/752003sh.html","rel":"","context":"In &quot;Deutsch&quot;","block_context":{"text":"Deutsch","link":"https:\/\/www.achimbrueckner.de\/dxradio\/php\/wordpress\/?cat=1"},"img":{"alt_text":"","src":"","width":0,"height":0},"classes":[]},{"id":28346,"url":"https:\/\/www.achimbrueckner.de\/dxradio\/php\/wordpress\/?p=28346","url_meta":{"origin":27972,"position":4},"title":"\u201eSocial Media versagt in der Corona-Krise\u201c","author":"Administrator","date":"April 27, 2020","format":false,"excerpt":"https:\/\/www.faz.net\/aktuell\/wirtschaft\/unternehmen\/wie-edmund-stoiber-die-deutsche-medienlandschaft-wertet-16738468.html","rel":"","context":"In &quot;Deutsch&quot;","block_context":{"text":"Deutsch","link":"https:\/\/www.achimbrueckner.de\/dxradio\/php\/wordpress\/?cat=1"},"img":{"alt_text":"","src":"","width":0,"height":0},"classes":[]},{"id":24786,"url":"https:\/\/www.achimbrueckner.de\/dxradio\/php\/wordpress\/?p=24786","url_meta":{"origin":27972,"position":5},"title":"Deutsche Welle und France M\u00e9dia Monde: &#8220;Zusammenarbeit ist unerl\u00e4sslich&#8221;","author":"Administrator","date":"September 14, 2019","format":false,"excerpt":"https:\/\/www.lifepr.de\/inaktiv\/deutsche-welle\/Deutsche-Welle-und-France-Media-Monde-Zusammenarbeit-ist-unerlaesslich\/boxid\/767045","rel":"","context":"In &quot;Deutsch&quot;","block_context":{"text":"Deutsch","link":"https:\/\/www.achimbrueckner.de\/dxradio\/php\/wordpress\/?cat=1"},"img":{"alt_text":"","src":"","width":0,"height":0},"classes":[]}],"_links":{"self":[{"href":"https:\/\/www.achimbrueckner.de\/dxradio\/php\/wordpress\/index.php?rest_route=\/wp\/v2\/posts\/27972","targetHints":{"allow":["GET"]}}],"collection":[{"href":"https:\/\/www.achimbrueckner.de\/dxradio\/php\/wordpress\/index.php?rest_route=\/wp\/v2\/posts"}],"about":[{"href":"https:\/\/www.achimbrueckner.de\/dxradio\/php\/wordpress\/index.php?rest_route=\/wp\/v2\/types\/post"}],"author":[{"embeddable":true,"href":"https:\/\/www.achimbrueckner.de\/dxradio\/php\/wordpress\/index.php?rest_route=\/wp\/v2\/users\/1"}],"replies":[{"embeddable":true,"href":"https:\/\/www.achimbrueckner.de\/dxradio\/php\/wordpress\/index.php?rest_route=%2Fwp%2Fv2%2Fcomments&post=27972"}],"version-history":[{"count":0,"href":"https:\/\/www.achimbrueckner.de\/dxradio\/php\/wordpress\/index.php?rest_route=\/wp\/v2\/posts\/27972\/revisions"}],"wp:attachment":[{"href":"https:\/\/www.achimbrueckner.de\/dxradio\/php\/wordpress\/index.php?rest_route=%2Fwp%2Fv2%2Fmedia&parent=27972"}],"wp:term":[{"taxonomy":"category","embeddable":true,"href":"https:\/\/www.achimbrueckner.de\/dxradio\/php\/wordpress\/index.php?rest_route=%2Fwp%2Fv2%2Fcategories&post=27972"},{"taxonomy":"post_tag","embeddable":true,"href":"https:\/\/www.achimbrueckner.de\/dxradio\/php\/wordpress\/index.php?rest_route=%2Fwp%2Fv2%2Ftags&post=27972"}],"curies":[{"name":"wp","href":"https:\/\/api.w.org\/{rel}","templated":true}]}}