{"id":27980,"date":"2020-04-04T13:06:57","date_gmt":"2020-04-04T13:06:57","guid":{"rendered":"https:\/\/www.achimbrueckner.de\/dxradio\/php\/wordpress\/?p=27980"},"modified":"2020-04-04T13:06:57","modified_gmt":"2020-04-04T13:06:57","slug":"privatfunk-im-saarland-durch-corona-existenziell-bedroht","status":"publish","type":"post","link":"https:\/\/www.achimbrueckner.de\/dxradio\/php\/wordpress\/?p=27980","title":{"rendered":"Privatfunk im Saarland durch Corona existenziell bedroht"},"content":{"rendered":"<p><a href=\"https:\/\/www.radioszene.de\/142710\/privatradios-saarland-coronakrise.html\" rel=\"noopener noreferrer\" target=\"_blank\">https:\/\/www.radioszene.de\/142710\/privatradios-saarland-coronakrise.html<\/a><\/p>\n","protected":false},"excerpt":{"rendered":"<p>https:\/\/www.radioszene.de\/142710\/privatradios-saarland-coronakrise.html<\/p>\n","protected":false},"author":1,"featured_media":0,"comment_status":"closed","ping_status":"open","sticky":false,"template":"","format":"standard","meta":{"_jetpack_memberships_contains_paid_content":false,"footnotes":"","jetpack_publicize_message":"","jetpack_publicize_feature_enabled":true,"jetpack_social_post_already_shared":true,"jetpack_social_options":{"image_generator_settings":{"template":"highway","default_image_id":0,"font":"","enabled":false},"version":2}},"categories":[1,16],"tags":[41],"class_list":["post-27980","post","type-post","status-publish","format-standard","hentry","category-deutsch","category-radioszene","tag-radioszene"],"jetpack_publicize_connections":[],"jetpack_featured_media_url":"","jetpack_sharing_enabled":true,"jetpack_shortlink":"https:\/\/wp.me\/p5CDmr-7hi","jetpack-related-posts":[{"id":23126,"url":"https:\/\/www.achimbrueckner.de\/dxradio\/php\/wordpress\/?p=23126","url_meta":{"origin":27980,"position":0},"title":"Gro\u00dfes Interesse an DAB+ -\u00dcbertragungskapazit\u00e4ten im Saarland","author":"Administrator","date":"May 16, 2019","format":false,"excerpt":"https:\/\/www.radioszene.de\/133145\/dab-digitalradio-saarland-bewerber.html","rel":"","context":"In &quot;Deutsch&quot;","block_context":{"text":"Deutsch","link":"https:\/\/www.achimbrueckner.de\/dxradio\/php\/wordpress\/?cat=1"},"img":{"alt_text":"","src":"","width":0,"height":0},"classes":[]},{"id":15418,"url":"https:\/\/www.achimbrueckner.de\/dxradio\/php\/wordpress\/?p=15418","url_meta":{"origin":27980,"position":1},"title":"Elf Radioprogramme wollen im Saarland via DAB+ senden","author":"Administrator","date":"November 9, 2017","format":false,"excerpt":"http:\/\/www.radioszene.de\/114916\/digitalradio-saarland-dab.html","rel":"","context":"In &quot;Deutsch&quot;","block_context":{"text":"Deutsch","link":"https:\/\/www.achimbrueckner.de\/dxradio\/php\/wordpress\/?cat=1"},"img":{"alt_text":"","src":"","width":0,"height":0},"classes":[]},{"id":28428,"url":"https:\/\/www.achimbrueckner.de\/dxradio\/php\/wordpress\/?p=28428","url_meta":{"origin":27980,"position":2},"title":"RADIO SAL\u00dc startet \u201eSound of Saarland\u201d","author":"Administrator","date":"April 30, 2020","format":false,"excerpt":"https:\/\/www.radioszene.de\/143322\/radio-salue-sound-of-saarland.html","rel":"","context":"In &quot;Deutsch&quot;","block_context":{"text":"Deutsch","link":"https:\/\/www.achimbrueckner.de\/dxradio\/php\/wordpress\/?cat=1"},"img":{"alt_text":"","src":"","width":0,"height":0},"classes":[]},{"id":27452,"url":"https:\/\/www.achimbrueckner.de\/dxradio\/php\/wordpress\/?p=27452","url_meta":{"origin":27980,"position":3},"title":"Privater DAB+ Multiplex im Saarland verz\u00f6gert sich","author":"Administrator","date":"March 6, 2020","format":false,"excerpt":"https:\/\/www.radioszene.de\/141472\/privater-dab-multiplex-saarland.html","rel":"","context":"In &quot;Deutsch&quot;","block_context":{"text":"Deutsch","link":"https:\/\/www.achimbrueckner.de\/dxradio\/php\/wordpress\/?cat=1"},"img":{"alt_text":"","src":"","width":0,"height":0},"classes":[]},{"id":20135,"url":"https:\/\/www.achimbrueckner.de\/dxradio\/php\/wordpress\/?p=20135","url_meta":{"origin":27980,"position":4},"title":"CLASSIC ROCK RADIO: Erste Adresse f\u00fcr Rockfans im Saarland","author":"Administrator","date":"November 23, 2018","format":false,"excerpt":"https:\/\/www.radioszene.de\/127954\/classic-rock-radio.html","rel":"","context":"In &quot;Deutsch&quot;","block_context":{"text":"Deutsch","link":"https:\/\/www.achimbrueckner.de\/dxradio\/php\/wordpress\/?cat=1"},"img":{"alt_text":"","src":"","width":0,"height":0},"classes":[]},{"id":22937,"url":"https:\/\/www.achimbrueckner.de\/dxradio\/php\/wordpress\/?p=22937","url_meta":{"origin":27980,"position":5},"title":"Saarland 4\/19","author":"Administrator","date":"May 1, 2019","format":false,"excerpt":"https:\/\/fmkompakt.de\/index.php\/saarland-4-19","rel":"","context":"In &quot;Deutsch&quot;","block_context":{"text":"Deutsch","link":"https:\/\/www.achimbrueckner.de\/dxradio\/php\/wordpress\/?cat=1"},"img":{"alt_text":"","src":"","width":0,"height":0},"classes":[]}],"_links":{"self":[{"href":"https:\/\/www.achimbrueckner.de\/dxradio\/php\/wordpress\/index.php?rest_route=\/wp\/v2\/posts\/27980","targetHints":{"allow":["GET"]}}],"collection":[{"href":"https:\/\/www.achimbrueckner.de\/dxradio\/php\/wordpress\/index.php?rest_route=\/wp\/v2\/posts"}],"about":[{"href":"https:\/\/www.achimbrueckner.de\/dxradio\/php\/wordpress\/index.php?rest_route=\/wp\/v2\/types\/post"}],"author":[{"embeddable":true,"href":"https:\/\/www.achimbrueckner.de\/dxradio\/php\/wordpress\/index.php?rest_route=\/wp\/v2\/users\/1"}],"replies":[{"embeddable":true,"href":"https:\/\/www.achimbrueckner.de\/dxradio\/php\/wordpress\/index.php?rest_route=%2Fwp%2Fv2%2Fcomments&post=27980"}],"version-history":[{"count":0,"href":"https:\/\/www.achimbrueckner.de\/dxradio\/php\/wordpress\/index.php?rest_route=\/wp\/v2\/posts\/27980\/revisions"}],"wp:attachment":[{"href":"https:\/\/www.achimbrueckner.de\/dxradio\/php\/wordpress\/index.php?rest_route=%2Fwp%2Fv2%2Fmedia&parent=27980"}],"wp:term":[{"taxonomy":"category","embeddable":true,"href":"https:\/\/www.achimbrueckner.de\/dxradio\/php\/wordpress\/index.php?rest_route=%2Fwp%2Fv2%2Fcategories&post=27980"},{"taxonomy":"post_tag","embeddable":true,"href":"https:\/\/www.achimbrueckner.de\/dxradio\/php\/wordpress\/index.php?rest_route=%2Fwp%2Fv2%2Ftags&post=27980"}],"curies":[{"name":"wp","href":"https:\/\/api.w.org\/{rel}","templated":true}]}}