{"id":2799,"date":"2013-12-19T16:41:21","date_gmt":"2013-12-19T16:41:21","guid":{"rendered":"https:\/\/www.achimbrueckner.de\/dxradio\/php\/wordpress\/?p=2799"},"modified":"2013-12-19T16:41:21","modified_gmt":"2013-12-19T16:41:21","slug":"neue-webseite-des-tadschikischen-rundfunks-online-podcasts","status":"publish","type":"post","link":"https:\/\/www.achimbrueckner.de\/dxradio\/php\/wordpress\/?p=2799","title":{"rendered":"Neue Webseite des tadschikischen Rundfunks online + Podcasts"},"content":{"rendered":"<p>Unter <a href=\"http:\/\/radiotoj.tj\/\" target=\"_blank\">http:\/\/radiotoj.tj\/<\/a> (l\u00e4dt tlw. etwas langsam) ist eine neue Seite online, allerdings ist der komplette Radiobereich noch ohne Content.<\/p>\n<p>Und wer die englischen Sendungen der Ovozi Tojik h\u00f6ren m\u00f6chte, kann hier klicken: <a href=\"http:\/\/radio360.eu\/index.php\/english-podcasts\/70-tajikistan\" target=\"_blank\">http:\/\/radio360.eu\/index.php\/english-podcasts\/70-tajikistan<\/a><\/p>\n<p>Info via <a href=\"http:\/\/www.ratzer.at\" target=\"_blank\">A-DX<\/a><\/p>\n","protected":false},"excerpt":{"rendered":"<p>Unter http:\/\/radiotoj.tj\/ (l\u00e4dt tlw. etwas langsam) ist eine neue Seite online, allerdings ist der komplette Radiobereich noch ohne Content. Und wer die englischen Sendungen der Ovozi Tojik h\u00f6ren m\u00f6chte, kann hier klicken: http:\/\/radio360.eu\/index.php\/english-podcasts\/70-tajikistan Info via A-DX<\/p>\n","protected":false},"author":1,"featured_media":0,"comment_status":"open","ping_status":"open","sticky":false,"template":"","format":"standard","meta":{"_jetpack_memberships_contains_paid_content":false,"footnotes":"","jetpack_publicize_message":"","jetpack_publicize_feature_enabled":true,"jetpack_social_post_already_shared":false,"jetpack_social_options":{"image_generator_settings":{"template":"highway","default_image_id":0,"font":"","enabled":false},"version":2}},"categories":[1],"tags":[24,40],"class_list":["post-2799","post","type-post","status-publish","format-standard","hentry","category-deutsch","tag-am","tag-dx"],"jetpack_publicize_connections":[],"jetpack_featured_media_url":"","jetpack_sharing_enabled":true,"jetpack_shortlink":"https:\/\/wp.me\/p5CDmr-J9","jetpack-related-posts":[{"id":458,"url":"https:\/\/www.achimbrueckner.de\/dxradio\/php\/wordpress\/?p=458","url_meta":{"origin":2799,"position":0},"title":"Medienmagazin","author":"Administrator","date":"May 25, 2009","format":false,"excerpt":"Hallo zusammen, einige Hobbyfreunde haben es sicher bereits bemerkt: Der seit einem Jahr angestammte Sendeplatz f\u00fcr das Medienmagazin bei Radio 700 und Radio Transsylania International am Samstagnachmittag steht nicht mehr zur Verf\u00fcgung. Es gibt nun neue Sendepl\u00e4tze, auf denen die Sendung zum Teil bereits seit einiger Zeit parallel zu empfangen\u2026","rel":"","context":"In &quot;Deutsch&quot;","block_context":{"text":"Deutsch","link":"https:\/\/www.achimbrueckner.de\/dxradio\/php\/wordpress\/?cat=1"},"img":{"alt_text":"","src":"","width":0,"height":0},"classes":[]},{"id":7045,"url":"https:\/\/www.achimbrueckner.de\/dxradio\/php\/wordpress\/?p=7045","url_meta":{"origin":2799,"position":1},"title":"Hier kommt sie &#8211; die neue DAB-Sendertabelle","author":"Administrator","date":"December 24, 2015","format":false,"excerpt":"Hallo allerseits, der Anhang enth\u00e4lt die neue Tabelle mit allen Standorten und Programmen aus Deutschland und der Nord-Schweiz, wie immer geordnet nach den Sendekan\u00e4len, Stand ist der 23.Dezember 2015. http:\/\/www.rhci-online.net\/dab\/DAB-Deininger.zip enth\u00e4lt: DAB-Sendertabelle D - CH-Nord 23.12.2015.xls Info via A-DX","rel":"","context":"In &quot;Deutsch&quot;","block_context":{"text":"Deutsch","link":"https:\/\/www.achimbrueckner.de\/dxradio\/php\/wordpress\/?cat=1"},"img":{"alt_text":"","src":"","width":0,"height":0},"classes":[]},{"id":2493,"url":"https:\/\/www.achimbrueckner.de\/dxradio\/php\/wordpress\/?p=2493","url_meta":{"origin":2799,"position":2},"title":"neue Online Receiver Karte","author":"Administrator","date":"May 13, 2013","format":false,"excerpt":"Hallo zusammen, neben der Weltkarte, die Empf\u00e4nger zeigt, die mit der SDR Radio Net Console in der Version 1.5 erreichbar sind ( http:\/\/sdrspace.com\/ ), ist nun eine neue Weltkarte f\u00fcr die Programmversion v2 in Vorbereitung: http:\/\/v2.sdrspace.com\/ Info via A-DX","rel":"","context":"In &quot;links&quot;","block_context":{"text":"links","link":"https:\/\/www.achimbrueckner.de\/dxradio\/php\/wordpress\/?cat=7"},"img":{"alt_text":"","src":"","width":0,"height":0},"classes":[]},{"id":676,"url":"https:\/\/www.achimbrueckner.de\/dxradio\/php\/wordpress\/?p=676","url_meta":{"origin":2799,"position":3},"title":"Radio Tirana H\u00f6rerklubs","author":"Administrator","date":"November 5, 2009","format":false,"excerpt":"F\u00fcr die Freunde von Radio Tirana Der neue Mitglieder-Rundbrief ist verf\u00fcgbar, - Nr. 40 (November 2009) Das Faltblatt mit aktualisiertem Sendeplan ist ebenfalls verf\u00fcgbar. Alles - und noch viel mehr - auf der Web Site des Radio Tirana H\u00f6rerklubs http:\/\/www.agdx.de\/rthk\/ Info via A-DX","rel":"","context":"In &quot;links&quot;","block_context":{"text":"links","link":"https:\/\/www.achimbrueckner.de\/dxradio\/php\/wordpress\/?cat=7"},"img":{"alt_text":"","src":"","width":0,"height":0},"classes":[]},{"id":26154,"url":"https:\/\/www.achimbrueckner.de\/dxradio\/php\/wordpress\/?p=26154","url_meta":{"origin":2799,"position":4},"title":"Neue Podcasts: Radio Tatort aus der Schweiz, Elf-Stunden-Podcast mit Beisenherz und Polak, Bibel-Podcast mit R\u00fcckert","author":"Administrator","date":"December 12, 2019","format":false,"excerpt":"http:\/\/www.radiowoche.de\/neue-podcasts-radio-tatort-aus-der-schweiz-elf-stunden-mit-beisenherz-und-polak\/","rel":"","context":"In &quot;Deutsch&quot;","block_context":{"text":"Deutsch","link":"https:\/\/www.achimbrueckner.de\/dxradio\/php\/wordpress\/?cat=1"},"img":{"alt_text":"","src":"","width":0,"height":0},"classes":[]},{"id":3508,"url":"https:\/\/www.achimbrueckner.de\/dxradio\/php\/wordpress\/?p=3508","url_meta":{"origin":2799,"position":5},"title":"Sender &#038; Frequenzen Nachtrag heute erschienen","author":"Administrator","date":"September 9, 2014","format":false,"excerpt":"Heute ist der neue (kostenlos downloadbare) Sender & Frequenzen Nachtrag erschienen, 46 Seiten mit vielen Informationen f\u00fcr uns DXer. http:\/\/www.vth.de\/18455-sender-frequenzen-2014-nachtrag-2-erschienen\/ Info via A-DX","rel":"","context":"In &quot;dx&quot;","block_context":{"text":"dx","link":"https:\/\/www.achimbrueckner.de\/dxradio\/php\/wordpress\/?cat=14"},"img":{"alt_text":"","src":"","width":0,"height":0},"classes":[]}],"_links":{"self":[{"href":"https:\/\/www.achimbrueckner.de\/dxradio\/php\/wordpress\/index.php?rest_route=\/wp\/v2\/posts\/2799","targetHints":{"allow":["GET"]}}],"collection":[{"href":"https:\/\/www.achimbrueckner.de\/dxradio\/php\/wordpress\/index.php?rest_route=\/wp\/v2\/posts"}],"about":[{"href":"https:\/\/www.achimbrueckner.de\/dxradio\/php\/wordpress\/index.php?rest_route=\/wp\/v2\/types\/post"}],"author":[{"embeddable":true,"href":"https:\/\/www.achimbrueckner.de\/dxradio\/php\/wordpress\/index.php?rest_route=\/wp\/v2\/users\/1"}],"replies":[{"embeddable":true,"href":"https:\/\/www.achimbrueckner.de\/dxradio\/php\/wordpress\/index.php?rest_route=%2Fwp%2Fv2%2Fcomments&post=2799"}],"version-history":[{"count":0,"href":"https:\/\/www.achimbrueckner.de\/dxradio\/php\/wordpress\/index.php?rest_route=\/wp\/v2\/posts\/2799\/revisions"}],"wp:attachment":[{"href":"https:\/\/www.achimbrueckner.de\/dxradio\/php\/wordpress\/index.php?rest_route=%2Fwp%2Fv2%2Fmedia&parent=2799"}],"wp:term":[{"taxonomy":"category","embeddable":true,"href":"https:\/\/www.achimbrueckner.de\/dxradio\/php\/wordpress\/index.php?rest_route=%2Fwp%2Fv2%2Fcategories&post=2799"},{"taxonomy":"post_tag","embeddable":true,"href":"https:\/\/www.achimbrueckner.de\/dxradio\/php\/wordpress\/index.php?rest_route=%2Fwp%2Fv2%2Ftags&post=2799"}],"curies":[{"name":"wp","href":"https:\/\/api.w.org\/{rel}","templated":true}]}}