{"id":2800,"date":"2013-12-19T16:42:36","date_gmt":"2013-12-19T16:42:36","guid":{"rendered":"https:\/\/www.achimbrueckner.de\/dxradio\/php\/wordpress\/?p=2800"},"modified":"2013-12-19T16:42:36","modified_gmt":"2013-12-19T16:42:36","slug":"neue-webseite-des-deutschsprachigen-programms-von-cri-ist-online","status":"publish","type":"post","link":"https:\/\/www.achimbrueckner.de\/dxradio\/php\/wordpress\/?p=2800","title":{"rendered":"Neue Webseite des deutschsprachigen Programms von CRI ist online!"},"content":{"rendered":"<p>Sehr geehrte Web-Freunde von CRI,<br \/>\ndie neue Webseite des deutschsprachigen Programms von CRI ist online! Auf der neuen Webseite finden Sie nicht nur Nachrichten, Video- und Audioprogramme, sondern auch neue Rubriken wie Kultur, Panorama und Sprachkultur. Damit macht Ihnen das Chinesisch- oder Deutschlernen garantiert mehr Spa\u00df! Zum neuen Auftritt von CRI Online gelangen Sie hier: <a href=\"http:\/\/german.cri.cn\" target=\"_blank\">german.cri.cn<\/a><\/p>\n<p>Sch\u00f6ne Gr\u00fc\u00dfe aus Beijing<\/p>\n<p>Deutsche Redaktion von CRI<br \/>\n18.12.2013<\/p>\n","protected":false},"excerpt":{"rendered":"<p>Sehr geehrte Web-Freunde von CRI, die neue Webseite des deutschsprachigen Programms von CRI ist online! Auf der neuen Webseite finden Sie nicht nur Nachrichten, Video- und Audioprogramme, sondern auch neue Rubriken wie Kultur, Panorama und Sprachkultur. Damit macht Ihnen das Chinesisch- oder Deutschlernen garantiert mehr Spa\u00df! Zum neuen Auftritt von CRI Online gelangen Sie hier: &hellip; <a href=\"https:\/\/www.achimbrueckner.de\/dxradio\/php\/wordpress\/?p=2800\" class=\"more-link\">Continue reading <span class=\"screen-reader-text\">Neue Webseite des deutschsprachigen Programms von CRI ist online!<\/span><\/a><\/p>\n","protected":false},"author":1,"featured_media":0,"comment_status":"open","ping_status":"open","sticky":false,"template":"","format":"standard","meta":{"_jetpack_memberships_contains_paid_content":false,"footnotes":"","jetpack_publicize_message":"","jetpack_publicize_feature_enabled":true,"jetpack_social_post_already_shared":false,"jetpack_social_options":{"image_generator_settings":{"template":"highway","default_image_id":0,"font":"","enabled":false},"version":2}},"categories":[1],"tags":[24,19],"class_list":["post-2800","post","type-post","status-publish","format-standard","hentry","category-deutsch","tag-am","tag-audio"],"jetpack_publicize_connections":[],"jetpack_featured_media_url":"","jetpack_sharing_enabled":true,"jetpack_shortlink":"https:\/\/wp.me\/p5CDmr-Ja","jetpack-related-posts":[{"id":1049,"url":"https:\/\/www.achimbrueckner.de\/dxradio\/php\/wordpress\/?p=1049","url_meta":{"origin":2800,"position":0},"title":"CRI H\u00f6rertreffen Berlin","author":"Administrator","date":"June 11, 2010","format":false,"excerpt":"Die Berliner Empfangsamateure und RHCI-Online laden zu einem CRI-H\u00f6rertreffen in Berlin ein Am 24. Juli 2010 findet in Berlin um 16.00 Uhr ein H\u00f6rertreffen von Radio ChinaInternational statt. Treffpunkt ist das China-Restaurant \u00e2\u20ac\u017eKing Do\u00e2\u20ac\u0153 in Berlin-Lankwitz. Hintergrund dieses Treffens ist das Jubil\u00e4um \u00e2\u20ac\u017e50 Jahre in Deutsch von Radio China International\u00e2\u20ac\u0153\u2026","rel":"","context":"In &quot;camps&quot;","block_context":{"text":"camps","link":"https:\/\/www.achimbrueckner.de\/dxradio\/php\/wordpress\/?cat=5"},"img":{"alt_text":"","src":"","width":0,"height":0},"classes":[]},{"id":774,"url":"https:\/\/www.achimbrueckner.de\/dxradio\/php\/wordpress\/?p=774","url_meta":{"origin":2800,"position":1},"title":"China Radio International &#8211; Deutsche Redaktion","author":"Administrator","date":"December 18, 2009","format":false,"excerpt":"Liebe Freunde von CRI, im April 2010 feiert die Deutsche Redaktion von Radio China International ihr 50-j\u00e4hriges Bestehen. Zu diesem Jubil\u00e4um d\u00fcrfen nat\u00fcrlich alte Freunde und Bekannte nicht fehlen! Anl\u00e4sslich dieses besonderen Jahrestages der Deutschen Redaktion wollen wir unter anderem einen Jubil\u00e4umsband \u00fcber die Entwicklung unserer Redaktion herausgegeben. Diese Entwicklung\u2026","rel":"","context":"In &quot;Deutsch&quot;","block_context":{"text":"Deutsch","link":"https:\/\/www.achimbrueckner.de\/dxradio\/php\/wordpress\/?cat=1"},"img":{"alt_text":"","src":"","width":0,"height":0},"classes":[]},{"id":34518,"url":"https:\/\/www.achimbrueckner.de\/dxradio\/php\/wordpress\/?p=34518","url_meta":{"origin":2800,"position":2},"title":"Abschied Astrit Ibros von Radio Tirana (26. Januar 2022)","author":"Administrator","date":"January 28, 2022","format":false,"excerpt":"Abschied Astrit Ibros von Radio Tirana (26. Januar 2022): Liebe H\u00f6rerinnen und liebe H\u00f6rer des deutschen Programms von Radio Tirana, liebe Leserinnen und Leser der Webseite von Radio Tirana, Es ist f\u00fcr mich gar nicht leicht, diese Abschiedszeilen an EUCH zu schreiben.Nach 42 Jahren einer ununterbrochenen Arbeit in Radio Tirana,\u2026","rel":"","context":"In &quot;Deutsch&quot;","block_context":{"text":"Deutsch","link":"https:\/\/www.achimbrueckner.de\/dxradio\/php\/wordpress\/?cat=1"},"img":{"alt_text":"","src":"","width":0,"height":0},"classes":[]},{"id":41473,"url":"https:\/\/www.achimbrueckner.de\/dxradio\/php\/wordpress\/?p=41473","url_meta":{"origin":2800,"position":3},"title":"Direktausstrahlungen des deutschsprachigen Programms im Juli\/August 2024 von der Sendeanlage Tamsui in Taiwan","author":"Administrator","date":"July 13, 2024","format":false,"excerpt":"Direktausstrahlungen des deutschsprachigen Programms im Juli\/August 2024 von der Sendeanlage Tamsui in Taiwan Zur Erinnerung: Radio Taiwan International (RTI) sendet auch in diesem Jahr wieder an mehreren Tagen deutschsprachige Programme direkt von der Sendeanlage Tamsui in Taiwan, so auch heute Abend. Sendetermine und Frequenzen: Alle Sendezeiten sind in UTC angegeben\u2026","rel":"","context":"In &quot;Deutsch&quot;","block_context":{"text":"Deutsch","link":"https:\/\/www.achimbrueckner.de\/dxradio\/php\/wordpress\/?cat=1"},"img":{"alt_text":"","src":"","width":0,"height":0},"classes":[]},{"id":1987,"url":"https:\/\/www.achimbrueckner.de\/dxradio\/php\/wordpress\/?p=1987","url_meta":{"origin":2800,"position":4},"title":"Festschrift &#8220;70 Jahre CRI&#8221;","author":"Administrator","date":"November 26, 2011","format":false,"excerpt":"CRI - China Radio International wird 70. 70 Jahre Radiogeschichte - das habe ich zum Anlass genommen, ein neues Buch herauszugeben. Die Festschrift \"70 Jahre CRI\" ist eine ca. 130 Seiten starke Sammlung von Gedanken, Aufs\u00e4tzen, Reiseberichten und Radiogeschichten. Dazu eine Vielzahl farbiger, einzigartiger Fotos und historisch bedeutender Dokumente aus\u2026","rel":"","context":"In &quot;Deutsch&quot;","block_context":{"text":"Deutsch","link":"https:\/\/www.achimbrueckner.de\/dxradio\/php\/wordpress\/?cat=1"},"img":{"alt_text":"","src":"","width":0,"height":0},"classes":[]},{"id":827,"url":"https:\/\/www.achimbrueckner.de\/dxradio\/php\/wordpress\/?p=827","url_meta":{"origin":2800,"position":5},"title":"Quiz 50 Jahre Deutsches Programm von Radio China International","author":"Administrator","date":"January 6, 2010","format":false,"excerpt":"Quiz 50 Jahre Deutsches Programm von Radio China International Liebe Freunde, am 15. April 1960 ging das deutschsprachige Programm von Radio China International erstmals auf Sendung. Zur Feier unseres 50. Jubil\u00e4ums am 15. April 2010 m\u00f6chten wir Sie, liebe Freunde, zu einem Quizeinladen, das wir anl\u00e4sslich des 50-j\u00e4hrigen Bestehens des\u2026","rel":"","context":"In &quot;Deutsch&quot;","block_context":{"text":"Deutsch","link":"https:\/\/www.achimbrueckner.de\/dxradio\/php\/wordpress\/?cat=1"},"img":{"alt_text":"","src":"","width":0,"height":0},"classes":[]}],"_links":{"self":[{"href":"https:\/\/www.achimbrueckner.de\/dxradio\/php\/wordpress\/index.php?rest_route=\/wp\/v2\/posts\/2800","targetHints":{"allow":["GET"]}}],"collection":[{"href":"https:\/\/www.achimbrueckner.de\/dxradio\/php\/wordpress\/index.php?rest_route=\/wp\/v2\/posts"}],"about":[{"href":"https:\/\/www.achimbrueckner.de\/dxradio\/php\/wordpress\/index.php?rest_route=\/wp\/v2\/types\/post"}],"author":[{"embeddable":true,"href":"https:\/\/www.achimbrueckner.de\/dxradio\/php\/wordpress\/index.php?rest_route=\/wp\/v2\/users\/1"}],"replies":[{"embeddable":true,"href":"https:\/\/www.achimbrueckner.de\/dxradio\/php\/wordpress\/index.php?rest_route=%2Fwp%2Fv2%2Fcomments&post=2800"}],"version-history":[{"count":0,"href":"https:\/\/www.achimbrueckner.de\/dxradio\/php\/wordpress\/index.php?rest_route=\/wp\/v2\/posts\/2800\/revisions"}],"wp:attachment":[{"href":"https:\/\/www.achimbrueckner.de\/dxradio\/php\/wordpress\/index.php?rest_route=%2Fwp%2Fv2%2Fmedia&parent=2800"}],"wp:term":[{"taxonomy":"category","embeddable":true,"href":"https:\/\/www.achimbrueckner.de\/dxradio\/php\/wordpress\/index.php?rest_route=%2Fwp%2Fv2%2Fcategories&post=2800"},{"taxonomy":"post_tag","embeddable":true,"href":"https:\/\/www.achimbrueckner.de\/dxradio\/php\/wordpress\/index.php?rest_route=%2Fwp%2Fv2%2Ftags&post=2800"}],"curies":[{"name":"wp","href":"https:\/\/api.w.org\/{rel}","templated":true}]}}