{"id":28052,"date":"2020-04-08T16:21:18","date_gmt":"2020-04-08T16:21:18","guid":{"rendered":"https:\/\/www.achimbrueckner.de\/dxradio\/php\/wordpress\/?p=28052"},"modified":"2020-04-08T16:21:18","modified_gmt":"2020-04-08T16:21:18","slug":"zentralafrika-ostern-uber-radio","status":"publish","type":"post","link":"https:\/\/www.achimbrueckner.de\/dxradio\/php\/wordpress\/?p=28052","title":{"rendered":"Zentralafrika: Ostern \u00fcber Radio"},"content":{"rendered":"<p><a href=\"https:\/\/www.vaticannews.va\/de\/welt\/news\/2020-04\/zentralafrika-ostern-radio-federico-trinchero-interview.html\" rel=\"noopener noreferrer\" target=\"_blank\">https:\/\/www.vaticannews.va\/de\/welt\/news\/2020-04\/zentralafrika-ostern-radio-federico-trinchero-interview.html<\/a><\/p>\n","protected":false},"excerpt":{"rendered":"<p>https:\/\/www.vaticannews.va\/de\/welt\/news\/2020-04\/zentralafrika-ostern-radio-federico-trinchero-interview.html<\/p>\n","protected":false},"author":1,"featured_media":0,"comment_status":"closed","ping_status":"open","sticky":false,"template":"","format":"standard","meta":{"_jetpack_memberships_contains_paid_content":false,"footnotes":"","jetpack_publicize_message":"","jetpack_publicize_feature_enabled":true,"jetpack_social_post_already_shared":true,"jetpack_social_options":{"image_generator_settings":{"template":"highway","default_image_id":0,"font":"","enabled":false},"version":2}},"categories":[1],"tags":[],"class_list":["post-28052","post","type-post","status-publish","format-standard","hentry","category-deutsch"],"jetpack_publicize_connections":[],"jetpack_featured_media_url":"","jetpack_sharing_enabled":true,"jetpack_shortlink":"https:\/\/wp.me\/p5CDmr-7is","jetpack-related-posts":[{"id":16594,"url":"https:\/\/www.achimbrueckner.de\/dxradio\/php\/wordpress\/?p=16594","url_meta":{"origin":28052,"position":0},"title":"T\u00f6dliche Fake-News in Zentralafrika","author":"Administrator","date":"February 21, 2018","format":false,"excerpt":"https:\/\/www.nzz.ch\/international\/zentralafrika-medien-ld.1351628","rel":"","context":"In &quot;Deutsch&quot;","block_context":{"text":"Deutsch","link":"https:\/\/www.achimbrueckner.de\/dxradio\/php\/wordpress\/?cat=1"},"img":{"alt_text":"","src":"","width":0,"height":0},"classes":[]},{"id":35787,"url":"https:\/\/www.achimbrueckner.de\/dxradio\/php\/wordpress\/?p=35787","url_meta":{"origin":28052,"position":1},"title":"Classic Hits Radio: Drei Tage Liveprogramm zu Ostern","author":"Administrator","date":"April 16, 2022","format":false,"excerpt":"https:\/\/www.smartphonefan.de\/2022\/04\/15\/classic-hits-radio-drei-tage-liveprogramm-zu-ostern\/","rel":"","context":"In &quot;Deutsch&quot;","block_context":{"text":"Deutsch","link":"https:\/\/www.achimbrueckner.de\/dxradio\/php\/wordpress\/?cat=1"},"img":{"alt_text":"","src":"","width":0,"height":0},"classes":[]},{"id":28048,"url":"https:\/\/www.achimbrueckner.de\/dxradio\/php\/wordpress\/?p=28048","url_meta":{"origin":28052,"position":2},"title":"RADIO DARC Sondersendung zu Ostern 2020","author":"Administrator","date":"April 8, 2020","format":false,"excerpt":"RADIO DARC Sondersendung zu Ostern In der diesj\u00e4hrigen Ostersendung von RADIO DARC am Sonntag, den 12. April um 11 Uhr MESZ wird live \u00fcber IRIDIUM Satelliten-Telefon zu Dr. J\u00f6rg Hofmann, DJ\u00d8HO, an Bord des Forschungsschiffes \u201ePolarstern\u201c geschaltet. J\u00f6rg ist Mitglied der MOSAIC-Expedition und befindet sich derzeit in der N\u00e4he des\u2026","rel":"","context":"In &quot;Deutsch&quot;","block_context":{"text":"Deutsch","link":"https:\/\/www.achimbrueckner.de\/dxradio\/php\/wordpress\/?cat=1"},"img":{"alt_text":"","src":"","width":0,"height":0},"classes":[]},{"id":42628,"url":"https:\/\/www.achimbrueckner.de\/dxradio\/php\/wordpress\/?p=42628","url_meta":{"origin":28052,"position":3},"title":"Ostern wird es laut: Wacken Open Air 2024 live im Wacken Radio by RADIO BOB!","author":"Administrator","date":"April 18, 2025","format":false,"excerpt":"https:\/\/www.radioszene.de\/202076\/wacken-radio-bob.html","rel":"","context":"In &quot;Deutsch&quot;","block_context":{"text":"Deutsch","link":"https:\/\/www.achimbrueckner.de\/dxradio\/php\/wordpress\/?cat=1"},"img":{"alt_text":"","src":"","width":0,"height":0},"classes":[]},{"id":22826,"url":"https:\/\/www.achimbrueckner.de\/dxradio\/php\/wordpress\/?p=22826","url_meta":{"origin":28052,"position":4},"title":"Ostern im Radio: Hitparaden, Festivals und Musik-Ostereier","author":"Administrator","date":"April 19, 2019","format":false,"excerpt":"https:\/\/www.radioszene.de\/132635\/oster-radio-ostern.html","rel":"","context":"In &quot;Deutsch&quot;","block_context":{"text":"Deutsch","link":"https:\/\/www.achimbrueckner.de\/dxradio\/php\/wordpress\/?cat=1"},"img":{"alt_text":"","src":"","width":0,"height":0},"classes":[]},{"id":35708,"url":"https:\/\/www.achimbrueckner.de\/dxradio\/php\/wordpress\/?p=35708","url_meta":{"origin":28052,"position":5},"title":"Top 808 bei 80s80s an Ostern","author":"Administrator","date":"April 12, 2022","format":false,"excerpt":"https:\/\/www.smartphonefan.de\/2022\/04\/12\/top-808-bei-80s80s-an-ostern\/","rel":"","context":"In &quot;Deutsch&quot;","block_context":{"text":"Deutsch","link":"https:\/\/www.achimbrueckner.de\/dxradio\/php\/wordpress\/?cat=1"},"img":{"alt_text":"","src":"","width":0,"height":0},"classes":[]}],"_links":{"self":[{"href":"https:\/\/www.achimbrueckner.de\/dxradio\/php\/wordpress\/index.php?rest_route=\/wp\/v2\/posts\/28052","targetHints":{"allow":["GET"]}}],"collection":[{"href":"https:\/\/www.achimbrueckner.de\/dxradio\/php\/wordpress\/index.php?rest_route=\/wp\/v2\/posts"}],"about":[{"href":"https:\/\/www.achimbrueckner.de\/dxradio\/php\/wordpress\/index.php?rest_route=\/wp\/v2\/types\/post"}],"author":[{"embeddable":true,"href":"https:\/\/www.achimbrueckner.de\/dxradio\/php\/wordpress\/index.php?rest_route=\/wp\/v2\/users\/1"}],"replies":[{"embeddable":true,"href":"https:\/\/www.achimbrueckner.de\/dxradio\/php\/wordpress\/index.php?rest_route=%2Fwp%2Fv2%2Fcomments&post=28052"}],"version-history":[{"count":0,"href":"https:\/\/www.achimbrueckner.de\/dxradio\/php\/wordpress\/index.php?rest_route=\/wp\/v2\/posts\/28052\/revisions"}],"wp:attachment":[{"href":"https:\/\/www.achimbrueckner.de\/dxradio\/php\/wordpress\/index.php?rest_route=%2Fwp%2Fv2%2Fmedia&parent=28052"}],"wp:term":[{"taxonomy":"category","embeddable":true,"href":"https:\/\/www.achimbrueckner.de\/dxradio\/php\/wordpress\/index.php?rest_route=%2Fwp%2Fv2%2Fcategories&post=28052"},{"taxonomy":"post_tag","embeddable":true,"href":"https:\/\/www.achimbrueckner.de\/dxradio\/php\/wordpress\/index.php?rest_route=%2Fwp%2Fv2%2Ftags&post=28052"}],"curies":[{"name":"wp","href":"https:\/\/api.w.org\/{rel}","templated":true}]}}