{"id":28054,"date":"2020-04-08T16:24:11","date_gmt":"2020-04-08T16:24:11","guid":{"rendered":"https:\/\/www.achimbrueckner.de\/dxradio\/php\/wordpress\/?p=28054"},"modified":"2020-04-08T16:24:11","modified_gmt":"2020-04-08T16:24:11","slug":"ard-stellt-sich-gegen-radio-quote-fur-musik-aus-deutschland","status":"publish","type":"post","link":"https:\/\/www.achimbrueckner.de\/dxradio\/php\/wordpress\/?p=28054","title":{"rendered":"ARD stellt sich gegen Radio-Quote f\u00fcr Musik aus Deutschland"},"content":{"rendered":"<p><a href=\"http:\/\/www.backstagepro.de\/thema\/ard-stellt-sich-gegen-radio-quote-fuer-musik-aus-deutschland-2020-04-07-NQJTXhX8VN\" rel=\"noopener noreferrer\" target=\"_blank\">http:\/\/www.backstagepro.de\/thema\/ard-stellt-sich-gegen-radio-quote-fuer-musik-aus-deutschland-2020-04-07-NQJTXhX8VN<\/a><\/p>\n","protected":false},"excerpt":{"rendered":"<p>http:\/\/www.backstagepro.de\/thema\/ard-stellt-sich-gegen-radio-quote-fuer-musik-aus-deutschland-2020-04-07-NQJTXhX8VN<\/p>\n","protected":false},"author":1,"featured_media":0,"comment_status":"closed","ping_status":"open","sticky":false,"template":"","format":"standard","meta":{"_jetpack_memberships_contains_paid_content":false,"footnotes":"","jetpack_publicize_message":"","jetpack_publicize_feature_enabled":true,"jetpack_social_post_already_shared":true,"jetpack_social_options":{"image_generator_settings":{"template":"highway","default_image_id":0,"font":"","enabled":false},"version":2}},"categories":[1],"tags":[],"class_list":["post-28054","post","type-post","status-publish","format-standard","hentry","category-deutsch"],"jetpack_publicize_connections":[],"jetpack_featured_media_url":"","jetpack_sharing_enabled":true,"jetpack_shortlink":"https:\/\/wp.me\/p5CDmr-7iu","jetpack-related-posts":[{"id":33672,"url":"https:\/\/www.achimbrueckner.de\/dxradio\/php\/wordpress\/?p=33672","url_meta":{"origin":28054,"position":0},"title":"Katja Berg: Grenzenlose Unterhaltung: Radio Luxemburg","author":"Administrator","date":"September 29, 2021","format":false,"excerpt":"Buch-Tipp: Auf und Ab der Radiolegende Radio Luxemburg war der gro\u00dfe kommerzielle \u00fcberregionale Sender der 50er- bis 80er-Jahre. In Deutschland wurde er im Saarland und in Nordrhein-Westfalen wegen der N\u00e4he zum Nachbarland und dem damit einhergehenden guten Empfang besonders viel geh\u00f6rt und wird dort heute noch oft nostalgisch verkl\u00e4rt. Das\u2026","rel":"","context":"In &quot;Deutsch&quot;","block_context":{"text":"Deutsch","link":"https:\/\/www.achimbrueckner.de\/dxradio\/php\/wordpress\/?cat=1"},"img":{"alt_text":"","src":"","width":0,"height":0},"classes":[]},{"id":33784,"url":"https:\/\/www.achimbrueckner.de\/dxradio\/php\/wordpress\/?p=33784","url_meta":{"origin":28054,"position":1},"title":"Musik gegen den Mainstream: radio NRW stellt Pl\u00e4ne f\u00fcr DAB+-Programm &#8220;Noxx&#8221; vor","author":"Administrator","date":"October 14, 2021","format":false,"excerpt":"https:\/\/www.satellifax.de\/mlesen.php?id=94d4c2073593f21cb058fd2045767b9b","rel":"","context":"In &quot;Deutsch&quot;","block_context":{"text":"Deutsch","link":"https:\/\/www.achimbrueckner.de\/dxradio\/php\/wordpress\/?cat=1"},"img":{"alt_text":"","src":"","width":0,"height":0},"classes":[]},{"id":11293,"url":"https:\/\/www.achimbrueckner.de\/dxradio\/php\/wordpress\/?p=11293","url_meta":{"origin":28054,"position":2},"title":"VUT fordert von ARD Quote f\u00fcr neue Musik und K\u00fcnstler","author":"Administrator","date":"December 7, 2016","format":false,"excerpt":"http:\/\/www.radioszene.de\/98604\/vut-ard-radio-musik-quote.html","rel":"","context":"In &quot;Deutsch&quot;","block_context":{"text":"Deutsch","link":"https:\/\/www.achimbrueckner.de\/dxradio\/php\/wordpress\/?cat=1"},"img":{"alt_text":"","src":"","width":0,"height":0},"classes":[]},{"id":487,"url":"https:\/\/www.achimbrueckner.de\/dxradio\/php\/wordpress\/?p=487","url_meta":{"origin":28054,"position":3},"title":"KBS H\u00f6rertreffen IFA Berlin","author":"Administrator","date":"August 8, 2009","format":false,"excerpt":"KBS-H\u00f6rertreffen \"Liebe H\u00f6rerfreundin, Lieber H\u00f6rerfreund, Am 28.August 2009 ist es wieder soweit, die Internationale Funkausstellung \u00f6ffnet in Berlin ihre Pforten und aus diesem Anlass findet zum 5.Mal das KBS-H\u00f6rertreffen statt. Sehr gerne lade ich Euch zu diesem Treffen ein. Wie auch in den vergangenen Jahren stellt uns die Kulturabteilung der\u2026","rel":"","context":"In &quot;camps&quot;","block_context":{"text":"camps","link":"https:\/\/www.achimbrueckner.de\/dxradio\/php\/wordpress\/?cat=5"},"img":{"alt_text":"","src":"","width":0,"height":0},"classes":[]},{"id":39315,"url":"https:\/\/www.achimbrueckner.de\/dxradio\/php\/wordpress\/?p=39315","url_meta":{"origin":28054,"position":4},"title":"\u00d6FFENTLICH-RECHTLICHE KRISE Jetzt formiert sich eine L\u00e4nder-Phalanx gegen einen h\u00f6heren Rundfunkbeitrag","author":"Administrator","date":"April 13, 2023","format":false,"excerpt":"https:\/\/www.welt.de\/politik\/deutschland\/plus244773482\/ARD-ZDF-Laender-Phalanx-gegen-hoeheren-Rundfunkbeitrag.html","rel":"","context":"In &quot;Deutsch&quot;","block_context":{"text":"Deutsch","link":"https:\/\/www.achimbrueckner.de\/dxradio\/php\/wordpress\/?cat=1"},"img":{"alt_text":"","src":"","width":0,"height":0},"classes":[]},{"id":32808,"url":"https:\/\/www.achimbrueckner.de\/dxradio\/php\/wordpress\/?p=32808","url_meta":{"origin":28054,"position":5},"title":"Erfolg f\u00fcr Roger Schawinski Auch Doris Leuthard stellt sich gegen UKW-Abschaltung","author":"Administrator","date":"June 3, 2021","format":false,"excerpt":"https:\/\/www.blick.ch\/schweiz\/erfolg-fuer-roger-schawinski-auch-doris-leuthard-stellt-sich-gegen-ukw-abschaltung-id16568358.html","rel":"","context":"In &quot;Deutsch&quot;","block_context":{"text":"Deutsch","link":"https:\/\/www.achimbrueckner.de\/dxradio\/php\/wordpress\/?cat=1"},"img":{"alt_text":"","src":"","width":0,"height":0},"classes":[]}],"_links":{"self":[{"href":"https:\/\/www.achimbrueckner.de\/dxradio\/php\/wordpress\/index.php?rest_route=\/wp\/v2\/posts\/28054","targetHints":{"allow":["GET"]}}],"collection":[{"href":"https:\/\/www.achimbrueckner.de\/dxradio\/php\/wordpress\/index.php?rest_route=\/wp\/v2\/posts"}],"about":[{"href":"https:\/\/www.achimbrueckner.de\/dxradio\/php\/wordpress\/index.php?rest_route=\/wp\/v2\/types\/post"}],"author":[{"embeddable":true,"href":"https:\/\/www.achimbrueckner.de\/dxradio\/php\/wordpress\/index.php?rest_route=\/wp\/v2\/users\/1"}],"replies":[{"embeddable":true,"href":"https:\/\/www.achimbrueckner.de\/dxradio\/php\/wordpress\/index.php?rest_route=%2Fwp%2Fv2%2Fcomments&post=28054"}],"version-history":[{"count":0,"href":"https:\/\/www.achimbrueckner.de\/dxradio\/php\/wordpress\/index.php?rest_route=\/wp\/v2\/posts\/28054\/revisions"}],"wp:attachment":[{"href":"https:\/\/www.achimbrueckner.de\/dxradio\/php\/wordpress\/index.php?rest_route=%2Fwp%2Fv2%2Fmedia&parent=28054"}],"wp:term":[{"taxonomy":"category","embeddable":true,"href":"https:\/\/www.achimbrueckner.de\/dxradio\/php\/wordpress\/index.php?rest_route=%2Fwp%2Fv2%2Fcategories&post=28054"},{"taxonomy":"post_tag","embeddable":true,"href":"https:\/\/www.achimbrueckner.de\/dxradio\/php\/wordpress\/index.php?rest_route=%2Fwp%2Fv2%2Ftags&post=28054"}],"curies":[{"name":"wp","href":"https:\/\/api.w.org\/{rel}","templated":true}]}}