{"id":2815,"date":"2013-12-23T13:48:36","date_gmt":"2013-12-23T13:48:36","guid":{"rendered":"https:\/\/www.achimbrueckner.de\/dxradio\/php\/wordpress\/?p=2815"},"modified":"2013-12-23T13:48:36","modified_gmt":"2013-12-23T13:48:36","slug":"zendmast-coastline-fm-omgewaaid","status":"publish","type":"post","link":"https:\/\/www.achimbrueckner.de\/dxradio\/php\/wordpress\/?p=2815","title":{"rendered":"ZENDMAST COASTLINE FM OMGEWAAID"},"content":{"rendered":"<p><a href=\"http:\/\/www.radiofreak.nl\/nieuws\/12848\/Zendmast-Coastline-FM-omgewaaid\/\" target=\"_blank\">http:\/\/www.radiofreak.nl\/nieuws\/12848\/Zendmast-Coastline-FM-omgewaaid\/<\/a><\/p>\n","protected":false},"excerpt":{"rendered":"<p>http:\/\/www.radiofreak.nl\/nieuws\/12848\/Zendmast-Coastline-FM-omgewaaid\/<\/p>\n","protected":false},"author":1,"featured_media":0,"comment_status":"open","ping_status":"open","sticky":false,"template":"","format":"standard","meta":{"_jetpack_memberships_contains_paid_content":false,"footnotes":"","jetpack_publicize_message":"","jetpack_publicize_feature_enabled":true,"jetpack_social_post_already_shared":false,"jetpack_social_options":{"image_generator_settings":{"template":"highway","default_image_id":0,"font":"","enabled":false},"version":2}},"categories":[1],"tags":[28],"class_list":["post-2815","post","type-post","status-publish","format-standard","hentry","category-deutsch","tag-fm"],"jetpack_publicize_connections":[],"jetpack_featured_media_url":"","jetpack_sharing_enabled":true,"jetpack_shortlink":"https:\/\/wp.me\/p5CDmr-Jp","jetpack-related-posts":[{"id":21902,"url":"https:\/\/www.achimbrueckner.de\/dxradio\/php\/wordpress\/?p=21902","url_meta":{"origin":2815,"position":0},"title":"COASTLINE FM GESTART MET UITZENDINGEN VIA DAB+","author":"Administrator","date":"March 1, 2019","format":false,"excerpt":"https:\/\/mediamagazine.nl\/coastline-fm-gestart-met-uitzendingen-via-dab\/","rel":"","context":"In &quot;Deutsch&quot;","block_context":{"text":"Deutsch","link":"https:\/\/www.achimbrueckner.de\/dxradio\/php\/wordpress\/?cat=1"},"img":{"alt_text":"","src":"","width":0,"height":0},"classes":[]},{"id":6721,"url":"https:\/\/www.achimbrueckner.de\/dxradio\/php\/wordpress\/?p=6721","url_meta":{"origin":2815,"position":1},"title":"RADIO ROYAAL EN FREEZ FM GAAN VERDER ALS RADIO 8FM","author":"Administrator","date":"December 2, 2015","format":false,"excerpt":"https:\/\/www.radiofreak.nl\/nieuws\/14062\/Radio-Royaal-en-Freez-FM-gaan-verder-als-Radio-8FM\/","rel":"","context":"In &quot;Deutsch&quot;","block_context":{"text":"Deutsch","link":"https:\/\/www.achimbrueckner.de\/dxradio\/php\/wordpress\/?cat=1"},"img":{"alt_text":"","src":"","width":0,"height":0},"classes":[]},{"id":1491,"url":"https:\/\/www.achimbrueckner.de\/dxradio\/php\/wordpress\/?p=1491","url_meta":{"origin":2815,"position":2},"title":"H\u00f6rerzahlen in Holland","author":"Administrator","date":"April 21, 2011","format":false,"excerpt":"H\u00f6rerzahlen in Holland: Radio 1 \u00fcberholt Sky Radio und 3FM \u00fcberholt Radio 2. Radio 538 bleibt Marktf\u00fchrer: http:\/\/www.radiofreak.nl\/nieuws\/10455\/Luistercijfers-februari-maart:-Kleine-verschuivingen-538-blijft-marktleider\/ Info via Radioszene","rel":"","context":"In &quot;Deutsch&quot;","block_context":{"text":"Deutsch","link":"https:\/\/www.achimbrueckner.de\/dxradio\/php\/wordpress\/?cat=1"},"img":{"alt_text":"","src":"","width":0,"height":0},"classes":[]},{"id":12665,"url":"https:\/\/www.achimbrueckner.de\/dxradio\/php\/wordpress\/?p=12665","url_meta":{"origin":2815,"position":3},"title":"Grootste zendmast EU komt in Olland","author":"Administrator","date":"March 30, 2017","format":false,"excerpt":"http:\/\/www.mooirooi.nl\/nieuws\/algemeen\/40758\/grootste-zendmast-eu-komt-in-olland?redir","rel":"","context":"In &quot;Deutsch&quot;","block_context":{"text":"Deutsch","link":"https:\/\/www.achimbrueckner.de\/dxradio\/php\/wordpress\/?cat=1"},"img":{"alt_text":"","src":"","width":0,"height":0},"classes":[]},{"id":6401,"url":"https:\/\/www.achimbrueckner.de\/dxradio\/php\/wordpress\/?p=6401","url_meta":{"origin":2815,"position":4},"title":"FRITS SPITS BESTE DJ VAN 50 JAAR 3FM","author":"Administrator","date":"November 5, 2015","format":false,"excerpt":"https:\/\/www.radiofreak.nl\/nieuws\/14023\/Frits-Spits-beste-dj-van-50-jaar-3FM\/","rel":"","context":"In &quot;Deutsch&quot;","block_context":{"text":"Deutsch","link":"https:\/\/www.achimbrueckner.de\/dxradio\/php\/wordpress\/?cat=1"},"img":{"alt_text":"","src":"","width":0,"height":0},"classes":[]},{"id":26379,"url":"https:\/\/www.achimbrueckner.de\/dxradio\/php\/wordpress\/?p=26379","url_meta":{"origin":2815,"position":5},"title":"Zendmast in Assen vat vlam [update]","author":"Administrator","date":"December 27, 2019","format":false,"excerpt":"https:\/\/www.rtvdrenthe.nl\/nieuws\/155649\/Zendmast-in-Assen-vat-vlam-update","rel":"","context":"In &quot;Deutsch&quot;","block_context":{"text":"Deutsch","link":"https:\/\/www.achimbrueckner.de\/dxradio\/php\/wordpress\/?cat=1"},"img":{"alt_text":"","src":"","width":0,"height":0},"classes":[]}],"_links":{"self":[{"href":"https:\/\/www.achimbrueckner.de\/dxradio\/php\/wordpress\/index.php?rest_route=\/wp\/v2\/posts\/2815","targetHints":{"allow":["GET"]}}],"collection":[{"href":"https:\/\/www.achimbrueckner.de\/dxradio\/php\/wordpress\/index.php?rest_route=\/wp\/v2\/posts"}],"about":[{"href":"https:\/\/www.achimbrueckner.de\/dxradio\/php\/wordpress\/index.php?rest_route=\/wp\/v2\/types\/post"}],"author":[{"embeddable":true,"href":"https:\/\/www.achimbrueckner.de\/dxradio\/php\/wordpress\/index.php?rest_route=\/wp\/v2\/users\/1"}],"replies":[{"embeddable":true,"href":"https:\/\/www.achimbrueckner.de\/dxradio\/php\/wordpress\/index.php?rest_route=%2Fwp%2Fv2%2Fcomments&post=2815"}],"version-history":[{"count":0,"href":"https:\/\/www.achimbrueckner.de\/dxradio\/php\/wordpress\/index.php?rest_route=\/wp\/v2\/posts\/2815\/revisions"}],"wp:attachment":[{"href":"https:\/\/www.achimbrueckner.de\/dxradio\/php\/wordpress\/index.php?rest_route=%2Fwp%2Fv2%2Fmedia&parent=2815"}],"wp:term":[{"taxonomy":"category","embeddable":true,"href":"https:\/\/www.achimbrueckner.de\/dxradio\/php\/wordpress\/index.php?rest_route=%2Fwp%2Fv2%2Fcategories&post=2815"},{"taxonomy":"post_tag","embeddable":true,"href":"https:\/\/www.achimbrueckner.de\/dxradio\/php\/wordpress\/index.php?rest_route=%2Fwp%2Fv2%2Ftags&post=2815"}],"curies":[{"name":"wp","href":"https:\/\/api.w.org\/{rel}","templated":true}]}}