{"id":28167,"date":"2020-04-16T17:04:09","date_gmt":"2020-04-16T17:04:09","guid":{"rendered":"https:\/\/www.achimbrueckner.de\/dxradio\/php\/wordpress\/?p=28167"},"modified":"2020-04-16T17:04:09","modified_gmt":"2020-04-16T17:04:09","slug":"hinten-statt-vorne-radio-frankfurt-schiest-eigentor","status":"publish","type":"post","link":"https:\/\/www.achimbrueckner.de\/dxradio\/php\/wordpress\/?p=28167","title":{"rendered":"Hinten statt vorne: Radio Frankfurt schie\u00dft Eigentor"},"content":{"rendered":"<p><a href=\"https:\/\/www.smartphonefan.de\/2020\/04\/16\/hinten-statt-vorne-radio-frankfurt-schiesst-eigentor\/\" rel=\"noopener noreferrer\" target=\"_blank\">https:\/\/www.smartphonefan.de\/2020\/04\/16\/hinten-statt-vorne-radio-frankfurt-schiesst-eigentor\/<\/a><\/p>\n","protected":false},"excerpt":{"rendered":"<p>https:\/\/www.smartphonefan.de\/2020\/04\/16\/hinten-statt-vorne-radio-frankfurt-schiesst-eigentor\/<\/p>\n","protected":false},"author":1,"featured_media":0,"comment_status":"closed","ping_status":"open","sticky":false,"template":"","format":"standard","meta":{"_jetpack_memberships_contains_paid_content":false,"footnotes":"","jetpack_publicize_message":"","jetpack_publicize_feature_enabled":true,"jetpack_social_post_already_shared":true,"jetpack_social_options":{"image_generator_settings":{"template":"highway","default_image_id":0,"font":"","enabled":false},"version":2}},"categories":[1],"tags":[],"class_list":["post-28167","post","type-post","status-publish","format-standard","hentry","category-deutsch"],"jetpack_publicize_connections":[],"jetpack_featured_media_url":"","jetpack_sharing_enabled":true,"jetpack_shortlink":"https:\/\/wp.me\/p5CDmr-7kj","jetpack-related-posts":[{"id":33380,"url":"https:\/\/www.achimbrueckner.de\/dxradio\/php\/wordpress\/?p=33380","url_meta":{"origin":28167,"position":0},"title":"Rock Antenne schie\u00dft Eigentor","author":"Administrator","date":"August 19, 2021","format":false,"excerpt":"https:\/\/www.smartphonefan.de\/2021\/08\/19\/rock-antenne-schiesst-eigentor\/","rel":"","context":"In &quot;Deutsch&quot;","block_context":{"text":"Deutsch","link":"https:\/\/www.achimbrueckner.de\/dxradio\/php\/wordpress\/?cat=1"},"img":{"alt_text":"","src":"","width":0,"height":0},"classes":[]},{"id":39052,"url":"https:\/\/www.achimbrueckner.de\/dxradio\/php\/wordpress\/?p=39052","url_meta":{"origin":28167,"position":1},"title":"&#8220;Von vorne bis hinten rechtswidrig&#8221;:  Radio Dreyeckland wehrt sich gegen umstrittene Razzia","author":"Administrator","date":"March 13, 2023","format":false,"excerpt":"https:\/\/netzpolitik.org\/2023\/von-vorne-bis-hinten-rechtswidrig-radio-dreyeckland-wehrt-sich-gegen-umstrittene-razzia\/","rel":"","context":"In &quot;Deutsch&quot;","block_context":{"text":"Deutsch","link":"https:\/\/www.achimbrueckner.de\/dxradio\/php\/wordpress\/?cat=1"},"img":{"alt_text":"","src":"","width":0,"height":0},"classes":[]},{"id":11500,"url":"https:\/\/www.achimbrueckner.de\/dxradio\/php\/wordpress\/?p=11500","url_meta":{"origin":28167,"position":2},"title":"Bayerische Lokalradios schie\u00dfen mit iPhone-App Eigentor","author":"Administrator","date":"December 26, 2016","format":false,"excerpt":"https:\/\/smartphonefan.wordpress.com\/2016\/12\/26\/bayerische-lokalradios-schiessen-mit-iphone-app-eigentor\/","rel":"","context":"In &quot;Deutsch&quot;","block_context":{"text":"Deutsch","link":"https:\/\/www.achimbrueckner.de\/dxradio\/php\/wordpress\/?cat=1"},"img":{"alt_text":"","src":"","width":0,"height":0},"classes":[]},{"id":34460,"url":"https:\/\/www.achimbrueckner.de\/dxradio\/php\/wordpress\/?p=34460","url_meta":{"origin":28167,"position":3},"title":"Netflix erh\u00f6ht Preise: Eigentor f\u00fcr den Streaming-Primus!","author":"Administrator","date":"January 20, 2022","format":false,"excerpt":"https:\/\/www.teltarif.de\/streaming-netflix-disney-warnermedia\/news\/86978.html","rel":"","context":"In &quot;Deutsch&quot;","block_context":{"text":"Deutsch","link":"https:\/\/www.achimbrueckner.de\/dxradio\/php\/wordpress\/?cat=1"},"img":{"alt_text":"","src":"","width":0,"height":0},"classes":[]},{"id":31307,"url":"https:\/\/www.achimbrueckner.de\/dxradio\/php\/wordpress\/?p=31307","url_meta":{"origin":28167,"position":4},"title":"Radio statt R\u00f6mer: Radio Frankfurt \u00fcbertr\u00e4gt Gro\u00dfes Stadtgel\u00e4ut","author":"Administrator","date":"December 23, 2020","format":false,"excerpt":"https:\/\/www.radiowoche.de\/radio-statt-roemer-radio-frankfurt-uebertraegt-grosses-stadtgelaeut\/","rel":"","context":"In &quot;Deutsch&quot;","block_context":{"text":"Deutsch","link":"https:\/\/www.achimbrueckner.de\/dxradio\/php\/wordpress\/?cat=1"},"img":{"alt_text":"","src":"","width":0,"height":0},"classes":[]},{"id":43712,"url":"https:\/\/www.achimbrueckner.de\/dxradio\/php\/wordpress\/?p=43712","url_meta":{"origin":28167,"position":5},"title":"Greatest Hits statt aktuellem Pop: Formatwechsel bei Radio Frankfurt","author":"Administrator","date":"September 3, 2025","format":false,"excerpt":"https:\/\/www.radioblog.eu\/2025\/09\/03\/greatest-hits-statt-aktuellem-pop-formatwechsel-bei-radio-frankfurt\/","rel":"","context":"In &quot;Deutsch&quot;","block_context":{"text":"Deutsch","link":"https:\/\/www.achimbrueckner.de\/dxradio\/php\/wordpress\/?cat=1"},"img":{"alt_text":"","src":"","width":0,"height":0},"classes":[]}],"_links":{"self":[{"href":"https:\/\/www.achimbrueckner.de\/dxradio\/php\/wordpress\/index.php?rest_route=\/wp\/v2\/posts\/28167","targetHints":{"allow":["GET"]}}],"collection":[{"href":"https:\/\/www.achimbrueckner.de\/dxradio\/php\/wordpress\/index.php?rest_route=\/wp\/v2\/posts"}],"about":[{"href":"https:\/\/www.achimbrueckner.de\/dxradio\/php\/wordpress\/index.php?rest_route=\/wp\/v2\/types\/post"}],"author":[{"embeddable":true,"href":"https:\/\/www.achimbrueckner.de\/dxradio\/php\/wordpress\/index.php?rest_route=\/wp\/v2\/users\/1"}],"replies":[{"embeddable":true,"href":"https:\/\/www.achimbrueckner.de\/dxradio\/php\/wordpress\/index.php?rest_route=%2Fwp%2Fv2%2Fcomments&post=28167"}],"version-history":[{"count":0,"href":"https:\/\/www.achimbrueckner.de\/dxradio\/php\/wordpress\/index.php?rest_route=\/wp\/v2\/posts\/28167\/revisions"}],"wp:attachment":[{"href":"https:\/\/www.achimbrueckner.de\/dxradio\/php\/wordpress\/index.php?rest_route=%2Fwp%2Fv2%2Fmedia&parent=28167"}],"wp:term":[{"taxonomy":"category","embeddable":true,"href":"https:\/\/www.achimbrueckner.de\/dxradio\/php\/wordpress\/index.php?rest_route=%2Fwp%2Fv2%2Fcategories&post=28167"},{"taxonomy":"post_tag","embeddable":true,"href":"https:\/\/www.achimbrueckner.de\/dxradio\/php\/wordpress\/index.php?rest_route=%2Fwp%2Fv2%2Ftags&post=28167"}],"curies":[{"name":"wp","href":"https:\/\/api.w.org\/{rel}","templated":true}]}}