{"id":28284,"date":"2020-04-23T14:24:46","date_gmt":"2020-04-23T14:24:46","guid":{"rendered":"https:\/\/www.achimbrueckner.de\/dxradio\/php\/wordpress\/?p=28284"},"modified":"2020-04-23T14:24:46","modified_gmt":"2020-04-23T14:24:46","slug":"ratgeber-so-verbessern-sie-den-dab-empfang","status":"publish","type":"post","link":"https:\/\/www.achimbrueckner.de\/dxradio\/php\/wordpress\/?p=28284","title":{"rendered":"Ratgeber: So verbessern Sie den DAB+-Empfang"},"content":{"rendered":"<p><a href=\"https:\/\/www.teltarif.de\/digitalradio-dab-plus-empfang-radio\/news\/80374.html\" rel=\"noopener noreferrer\" target=\"_blank\">https:\/\/www.teltarif.de\/digitalradio-dab-plus-empfang-radio\/news\/80374.html<\/a><\/p>\n","protected":false},"excerpt":{"rendered":"<p>https:\/\/www.teltarif.de\/digitalradio-dab-plus-empfang-radio\/news\/80374.html<\/p>\n","protected":false},"author":1,"featured_media":0,"comment_status":"closed","ping_status":"open","sticky":false,"template":"","format":"standard","meta":{"_jetpack_memberships_contains_paid_content":false,"footnotes":"","jetpack_publicize_message":"","jetpack_publicize_feature_enabled":true,"jetpack_social_post_already_shared":true,"jetpack_social_options":{"image_generator_settings":{"template":"highway","default_image_id":0,"font":"","enabled":false},"version":2}},"categories":[1,3],"tags":[31,32,42],"class_list":["post-28284","post","type-post","status-publish","format-standard","hentry","category-deutsch","category-empfang","tag-dab","tag-digitalradio","tag-empfang"],"jetpack_publicize_connections":[],"jetpack_featured_media_url":"","jetpack_sharing_enabled":true,"jetpack_shortlink":"https:\/\/wp.me\/p5CDmr-7mc","jetpack-related-posts":[{"id":5622,"url":"https:\/\/www.achimbrueckner.de\/dxradio\/php\/wordpress\/?p=5622","url_meta":{"origin":28284,"position":0},"title":"Besserer Digitalradio-Empfang in ganz Deutschland &#8211; MEDIA BROADCAST baut DAB+-Netz massiv aus","author":"Administrator","date":"August 20, 2015","format":false,"excerpt":"https:\/\/www.infosat.de\/radio\/besserer-digitalradio-empfang-ganz-deutschland-media-broadcast-baut-dab-netz-massiv-aus","rel":"","context":"In &quot;Deutsch&quot;","block_context":{"text":"Deutsch","link":"https:\/\/www.achimbrueckner.de\/dxradio\/php\/wordpress\/?cat=1"},"img":{"alt_text":"","src":"","width":0,"height":0},"classes":[]},{"id":22148,"url":"https:\/\/www.achimbrueckner.de\/dxradio\/php\/wordpress\/?p=22148","url_meta":{"origin":28284,"position":1},"title":"Bund und L\u00e4nder zu DAB+: Neufassung des TKG mit nationaler Digitalradio-Pflicht \/ Deutschlandradio stellt in drei weiteren Regionen auf digitalen Empfang um","author":"Administrator","date":"March 15, 2019","format":false,"excerpt":"https:\/\/www.dabplus.de\/2019\/03\/15\/bund-und-laender-zu-dab-neufassung-des-tkg-mit-nationaler-digitalradio-pflicht-deutschlandradio-stellt-in-drei-weiteren-regionen-auf-digitalen-empfang-um\/","rel":"","context":"In &quot;Deutsch&quot;","block_context":{"text":"Deutsch","link":"https:\/\/www.achimbrueckner.de\/dxradio\/php\/wordpress\/?cat=1"},"img":{"alt_text":"","src":"","width":0,"height":0},"classes":[]},{"id":10121,"url":"https:\/\/www.achimbrueckner.de\/dxradio\/php\/wordpress\/?p=10121","url_meta":{"origin":28284,"position":2},"title":"Digitalradio: DAB+ hat ein massives Problem","author":"Administrator","date":"August 29, 2016","format":false,"excerpt":"http:\/\/www.teltarif.de\/digitalradio-empfang-probleme\/news\/65232.html","rel":"","context":"In &quot;Deutsch&quot;","block_context":{"text":"Deutsch","link":"https:\/\/www.achimbrueckner.de\/dxradio\/php\/wordpress\/?cat=1"},"img":{"alt_text":"","src":"","width":0,"height":0},"classes":[]},{"id":32377,"url":"https:\/\/www.achimbrueckner.de\/dxradio\/php\/wordpress\/?p=32377","url_meta":{"origin":28284,"position":3},"title":"DAB-Digitalradio im Auto hat viele Vorteile: So g\u00fcnstig ist das Nachr\u00fcsten \u00e4lterer Fahrzeuge","author":"Administrator","date":"March 30, 2021","format":false,"excerpt":"https:\/\/www.hna.de\/auto\/dab-digitalradio-fahrer-vorteile-preis-nachruestung-alter-fahrzeug-technik-adapter-empfang-koeln-zr-90272754.html","rel":"","context":"In &quot;Deutsch&quot;","block_context":{"text":"Deutsch","link":"https:\/\/www.achimbrueckner.de\/dxradio\/php\/wordpress\/?cat=1"},"img":{"alt_text":"","src":"","width":0,"height":0},"classes":[]},{"id":25248,"url":"https:\/\/www.achimbrueckner.de\/dxradio\/php\/wordpress\/?p=25248","url_meta":{"origin":28284,"position":4},"title":"Experten-Talk: Daran &#8220;krankt&#8221; das Digitalradio DAB+","author":"Administrator","date":"October 11, 2019","format":false,"excerpt":"https:\/\/www.teltarif.de\/dab-plus-empfang-probleme\/news\/78300.html","rel":"","context":"In &quot;Deutsch&quot;","block_context":{"text":"Deutsch","link":"https:\/\/www.achimbrueckner.de\/dxradio\/php\/wordpress\/?cat=1"},"img":{"alt_text":"","src":"","width":0,"height":0},"classes":[]},{"id":18717,"url":"https:\/\/www.achimbrueckner.de\/dxradio\/php\/wordpress\/?p=18717","url_meta":{"origin":28284,"position":5},"title":"DAB+: Wie der NDR kostbare Frequenzen verschwendet","author":"Administrator","date":"August 7, 2018","format":false,"excerpt":"https:\/\/www.teltarif.de\/radio-digitalradio-empfang-dab-plus\/news\/73527.html","rel":"","context":"In &quot;Deutsch&quot;","block_context":{"text":"Deutsch","link":"https:\/\/www.achimbrueckner.de\/dxradio\/php\/wordpress\/?cat=1"},"img":{"alt_text":"","src":"","width":0,"height":0},"classes":[]}],"_links":{"self":[{"href":"https:\/\/www.achimbrueckner.de\/dxradio\/php\/wordpress\/index.php?rest_route=\/wp\/v2\/posts\/28284","targetHints":{"allow":["GET"]}}],"collection":[{"href":"https:\/\/www.achimbrueckner.de\/dxradio\/php\/wordpress\/index.php?rest_route=\/wp\/v2\/posts"}],"about":[{"href":"https:\/\/www.achimbrueckner.de\/dxradio\/php\/wordpress\/index.php?rest_route=\/wp\/v2\/types\/post"}],"author":[{"embeddable":true,"href":"https:\/\/www.achimbrueckner.de\/dxradio\/php\/wordpress\/index.php?rest_route=\/wp\/v2\/users\/1"}],"replies":[{"embeddable":true,"href":"https:\/\/www.achimbrueckner.de\/dxradio\/php\/wordpress\/index.php?rest_route=%2Fwp%2Fv2%2Fcomments&post=28284"}],"version-history":[{"count":0,"href":"https:\/\/www.achimbrueckner.de\/dxradio\/php\/wordpress\/index.php?rest_route=\/wp\/v2\/posts\/28284\/revisions"}],"wp:attachment":[{"href":"https:\/\/www.achimbrueckner.de\/dxradio\/php\/wordpress\/index.php?rest_route=%2Fwp%2Fv2%2Fmedia&parent=28284"}],"wp:term":[{"taxonomy":"category","embeddable":true,"href":"https:\/\/www.achimbrueckner.de\/dxradio\/php\/wordpress\/index.php?rest_route=%2Fwp%2Fv2%2Fcategories&post=28284"},{"taxonomy":"post_tag","embeddable":true,"href":"https:\/\/www.achimbrueckner.de\/dxradio\/php\/wordpress\/index.php?rest_route=%2Fwp%2Fv2%2Ftags&post=28284"}],"curies":[{"name":"wp","href":"https:\/\/api.w.org\/{rel}","templated":true}]}}