{"id":28398,"date":"2020-04-29T15:18:35","date_gmt":"2020-04-29T15:18:35","guid":{"rendered":"https:\/\/www.achimbrueckner.de\/dxradio\/php\/wordpress\/?p=28398"},"modified":"2020-04-29T15:18:35","modified_gmt":"2020-04-29T15:18:35","slug":"radio-hamburg-nimmt-sondersendung-mit-titeln-von-hamburger-kunstlern-ins-programm","status":"publish","type":"post","link":"https:\/\/www.achimbrueckner.de\/dxradio\/php\/wordpress\/?p=28398","title":{"rendered":"Radio Hamburg nimmt Sondersendung mit Titeln von Hamburger K\u00fcnstlern ins Programm"},"content":{"rendered":"<p><a href=\"http:\/\/www.radiowoche.de\/radio-hamburg-nimmt-sondersendung-mit-titeln-von-hamburger-kuenstlern-ins-programm\/\" rel=\"noopener noreferrer\" target=\"_blank\">http:\/\/www.radiowoche.de\/radio-hamburg-nimmt-sondersendung-mit-titeln-von-hamburger-kuenstlern-ins-programm\/<\/a><\/p>\n","protected":false},"excerpt":{"rendered":"<p>http:\/\/www.radiowoche.de\/radio-hamburg-nimmt-sondersendung-mit-titeln-von-hamburger-kuenstlern-ins-programm\/<\/p>\n","protected":false},"author":1,"featured_media":0,"comment_status":"closed","ping_status":"open","sticky":false,"template":"","format":"standard","meta":{"_jetpack_memberships_contains_paid_content":false,"footnotes":"","jetpack_publicize_message":"","jetpack_publicize_feature_enabled":true,"jetpack_social_post_already_shared":true,"jetpack_social_options":{"image_generator_settings":{"template":"highway","default_image_id":0,"font":"","enabled":false},"version":2}},"categories":[1],"tags":[24],"class_list":["post-28398","post","type-post","status-publish","format-standard","hentry","category-deutsch","tag-am"],"jetpack_publicize_connections":[],"jetpack_featured_media_url":"","jetpack_sharing_enabled":true,"jetpack_shortlink":"https:\/\/wp.me\/p5CDmr-7o2","jetpack-related-posts":[{"id":27338,"url":"https:\/\/www.achimbrueckner.de\/dxradio\/php\/wordpress\/?p=27338","url_meta":{"origin":28398,"position":0},"title":"Radio Hamburg nimmt Kindernachrichten ins Programm","author":"Administrator","date":"February 28, 2020","format":false,"excerpt":"http:\/\/www.radiowoche.de\/radio-hamburg-nimmt-kindernachrichten-ins-programm\/","rel":"","context":"In &quot;Deutsch&quot;","block_context":{"text":"Deutsch","link":"https:\/\/www.achimbrueckner.de\/dxradio\/php\/wordpress\/?cat=1"},"img":{"alt_text":"","src":"","width":0,"height":0},"classes":[]},{"id":1346,"url":"https:\/\/www.achimbrueckner.de\/dxradio\/php\/wordpress\/?p=1346","url_meta":{"origin":28398,"position":1},"title":"Radio Prag H\u00f6rerforum","author":"Administrator","date":"January 30, 2011","format":false,"excerpt":"Das Programm ab Februar: H\u00f6rerforum bleibt, Sondersendung am 31. Januar http:\/\/www.radio.cz\/de\/rubrik\/forum\/das-programm-ab-februar-hoererforum-bleibt-sondersendung-am-31-januar Info via A-DX","rel":"","context":"In &quot;Deutsch&quot;","block_context":{"text":"Deutsch","link":"https:\/\/www.achimbrueckner.de\/dxradio\/php\/wordpress\/?cat=1"},"img":{"alt_text":"","src":"","width":0,"height":0},"classes":[]},{"id":27549,"url":"https:\/\/www.achimbrueckner.de\/dxradio\/php\/wordpress\/?p=27549","url_meta":{"origin":28398,"position":2},"title":"Antenne Bayern nimmt Musik-Specials ins Programm","author":"Administrator","date":"March 13, 2020","format":false,"excerpt":"http:\/\/www.radiowoche.de\/antenne-bayern-nimmt-musik-specials-ins-programm\/","rel":"","context":"In &quot;Deutsch&quot;","block_context":{"text":"Deutsch","link":"https:\/\/www.achimbrueckner.de\/dxradio\/php\/wordpress\/?cat=1"},"img":{"alt_text":"","src":"","width":0,"height":0},"classes":[]},{"id":22026,"url":"https:\/\/www.achimbrueckner.de\/dxradio\/php\/wordpress\/?p=22026","url_meta":{"origin":28398,"position":3},"title":"MDR JUMP nimmt 90er-Tag ins Programm","author":"Administrator","date":"March 8, 2019","format":false,"excerpt":"http:\/\/www.radiowoche.de\/mdr-jump-nimmt-90er-tag-ins-programm\/","rel":"","context":"In &quot;Deutsch&quot;","block_context":{"text":"Deutsch","link":"https:\/\/www.achimbrueckner.de\/dxradio\/php\/wordpress\/?cat=1"},"img":{"alt_text":"","src":"","width":0,"height":0},"classes":[]},{"id":25377,"url":"https:\/\/www.achimbrueckner.de\/dxradio\/php\/wordpress\/?p=25377","url_meta":{"origin":28398,"position":4},"title":"40 Jahre LRA36 Radio Nacional Arc\u00e1ngel San Gabriel Sondersendung","author":"Administrator","date":"October 18, 2019","format":false,"excerpt":"Am Sonntag den 20. Oktober feiert LRA36 Radio Nacional Arc\u00e1ngel San Gabriel, die Station, die von der argentinischen Antarktis aus sendet, ihr 40- j\u00e4hriges Jubil\u00e4um. Aus diesem Anla\u00df hat RAE - Argentinien in die Welt eine Sondersendung in verschiedenen Sprachen vorbereitet. An diesem Sonntag ab 12:00 Uhr UTC moderieren die\u2026","rel":"","context":"In &quot;Deutsch&quot;","block_context":{"text":"Deutsch","link":"https:\/\/www.achimbrueckner.de\/dxradio\/php\/wordpress\/?cat=1"},"img":{"alt_text":"","src":"","width":0,"height":0},"classes":[]},{"id":5879,"url":"https:\/\/www.achimbrueckner.de\/dxradio\/php\/wordpress\/?p=5879","url_meta":{"origin":28398,"position":5},"title":"65 Jahre DARC e.V. Sondersendung von RADIO DARC","author":"Administrator","date":"September 9, 2015","format":false,"excerpt":"http:\/\/www.darc.de\/aktuelles\/details\/article\/sondersendung-von-radio-darc\/","rel":"","context":"In &quot;Deutsch&quot;","block_context":{"text":"Deutsch","link":"https:\/\/www.achimbrueckner.de\/dxradio\/php\/wordpress\/?cat=1"},"img":{"alt_text":"","src":"","width":0,"height":0},"classes":[]}],"_links":{"self":[{"href":"https:\/\/www.achimbrueckner.de\/dxradio\/php\/wordpress\/index.php?rest_route=\/wp\/v2\/posts\/28398","targetHints":{"allow":["GET"]}}],"collection":[{"href":"https:\/\/www.achimbrueckner.de\/dxradio\/php\/wordpress\/index.php?rest_route=\/wp\/v2\/posts"}],"about":[{"href":"https:\/\/www.achimbrueckner.de\/dxradio\/php\/wordpress\/index.php?rest_route=\/wp\/v2\/types\/post"}],"author":[{"embeddable":true,"href":"https:\/\/www.achimbrueckner.de\/dxradio\/php\/wordpress\/index.php?rest_route=\/wp\/v2\/users\/1"}],"replies":[{"embeddable":true,"href":"https:\/\/www.achimbrueckner.de\/dxradio\/php\/wordpress\/index.php?rest_route=%2Fwp%2Fv2%2Fcomments&post=28398"}],"version-history":[{"count":0,"href":"https:\/\/www.achimbrueckner.de\/dxradio\/php\/wordpress\/index.php?rest_route=\/wp\/v2\/posts\/28398\/revisions"}],"wp:attachment":[{"href":"https:\/\/www.achimbrueckner.de\/dxradio\/php\/wordpress\/index.php?rest_route=%2Fwp%2Fv2%2Fmedia&parent=28398"}],"wp:term":[{"taxonomy":"category","embeddable":true,"href":"https:\/\/www.achimbrueckner.de\/dxradio\/php\/wordpress\/index.php?rest_route=%2Fwp%2Fv2%2Fcategories&post=28398"},{"taxonomy":"post_tag","embeddable":true,"href":"https:\/\/www.achimbrueckner.de\/dxradio\/php\/wordpress\/index.php?rest_route=%2Fwp%2Fv2%2Ftags&post=28398"}],"curies":[{"name":"wp","href":"https:\/\/api.w.org\/{rel}","templated":true}]}}