{"id":28423,"date":"2020-04-30T14:53:28","date_gmt":"2020-04-30T14:53:28","guid":{"rendered":"https:\/\/www.achimbrueckner.de\/dxradio\/php\/wordpress\/?p=28423"},"modified":"2020-04-30T14:53:28","modified_gmt":"2020-04-30T14:53:28","slug":"urteil-des-bundesgerichtshofs-sampling-nur-eingeschrankt-erlaubt","status":"publish","type":"post","link":"https:\/\/www.achimbrueckner.de\/dxradio\/php\/wordpress\/?p=28423","title":{"rendered":"Urteil des Bundesgerichtshofs Sampling nur eingeschr\u00e4nkt erlaubt"},"content":{"rendered":"<p><a href=\"https:\/\/www.tagesschau.de\/inland\/sampling-bgh-101.html\" rel=\"noopener noreferrer\" target=\"_blank\">https:\/\/www.tagesschau.de\/inland\/sampling-bgh-101.html<\/a><\/p>\n","protected":false},"excerpt":{"rendered":"<p>https:\/\/www.tagesschau.de\/inland\/sampling-bgh-101.html<\/p>\n","protected":false},"author":1,"featured_media":0,"comment_status":"closed","ping_status":"open","sticky":false,"template":"","format":"standard","meta":{"_jetpack_memberships_contains_paid_content":false,"footnotes":"","jetpack_publicize_message":"","jetpack_publicize_feature_enabled":true,"jetpack_social_post_already_shared":true,"jetpack_social_options":{"image_generator_settings":{"template":"highway","default_image_id":0,"font":"","enabled":false},"version":2}},"categories":[1],"tags":[24],"class_list":["post-28423","post","type-post","status-publish","format-standard","hentry","category-deutsch","tag-am"],"jetpack_publicize_connections":[],"jetpack_featured_media_url":"","jetpack_sharing_enabled":true,"jetpack_shortlink":"https:\/\/wp.me\/p5CDmr-7or","jetpack-related-posts":[{"id":41858,"url":"https:\/\/www.achimbrueckner.de\/dxradio\/php\/wordpress\/?p=41858","url_meta":{"origin":28423,"position":0},"title":"L\u00e4nder planen Regeln f\u00fcr ARD und ZDF Textangebote im Netz sollen eingeschr\u00e4nkt werden","author":"Administrator","date":"October 24, 2024","format":false,"excerpt":"https:\/\/www.tagesschau.de\/inland\/gesellschaft\/reformstaatsvertrag-presseaehnlichkeit-online-100.html","rel":"","context":"In &quot;Deutsch&quot;","block_context":{"text":"Deutsch","link":"https:\/\/www.achimbrueckner.de\/dxradio\/php\/wordpress\/?cat=1"},"img":{"alt_text":"","src":"","width":0,"height":0},"classes":[]},{"id":37676,"url":"https:\/\/www.achimbrueckner.de\/dxradio\/php\/wordpress\/?p=37676","url_meta":{"origin":28423,"position":1},"title":"BGH bekr\u00e4ftigt Regeln Hohe H\u00fcrden f\u00fcr Sperrung von Internetseiten","author":"Administrator","date":"October 13, 2022","format":false,"excerpt":"https:\/\/www.tagesschau.de\/wirtschaft\/bgh-netzsperren-urheberrecht-101.html","rel":"","context":"In &quot;Deutsch&quot;","block_context":{"text":"Deutsch","link":"https:\/\/www.achimbrueckner.de\/dxradio\/php\/wordpress\/?cat=1"},"img":{"alt_text":"","src":"","width":0,"height":0},"classes":[]},{"id":32850,"url":"https:\/\/www.achimbrueckner.de\/dxradio\/php\/wordpress\/?p=32850","url_meta":{"origin":28423,"position":2},"title":"ZAPP-Dokumentation Zukunft des \u00f6ffentlich-rechtlichen Rundfunks","author":"Administrator","date":"June 9, 2021","format":false,"excerpt":"https:\/\/www.tagesschau.de\/inland\/innenpolitik\/medienpolitik-101.html","rel":"","context":"In &quot;Deutsch&quot;","block_context":{"text":"Deutsch","link":"https:\/\/www.achimbrueckner.de\/dxradio\/php\/wordpress\/?cat=1"},"img":{"alt_text":"","src":"","width":0,"height":0},"classes":[]},{"id":32986,"url":"https:\/\/www.achimbrueckner.de\/dxradio\/php\/wordpress\/?p=32986","url_meta":{"origin":28423,"position":3},"title":"Intendanten-Wahl Norbert Himmler wird neuer Chef des ZDF","author":"Administrator","date":"July 2, 2021","format":false,"excerpt":"https:\/\/www.tagesschau.de\/inland\/zdf-intendantenwahl-101.html","rel":"","context":"In &quot;Deutsch&quot;","block_context":{"text":"Deutsch","link":"https:\/\/www.achimbrueckner.de\/dxradio\/php\/wordpress\/?cat=1"},"img":{"alt_text":"","src":"","width":0,"height":0},"classes":[]},{"id":8991,"url":"https:\/\/www.achimbrueckner.de\/dxradio\/php\/wordpress\/?p=8991","url_meta":{"origin":28423,"position":4},"title":"20 Jahre tagesschau.de Nicht nur f\u00fcr Spezialisten","author":"Administrator","date":"August 1, 2016","format":false,"excerpt":"http:\/\/www.tagesschau.de\/inland\/tsde-wird-zwanzig-101.html","rel":"","context":"In &quot;Deutsch&quot;","block_context":{"text":"Deutsch","link":"https:\/\/www.achimbrueckner.de\/dxradio\/php\/wordpress\/?cat=1"},"img":{"alt_text":"","src":"","width":0,"height":0},"classes":[]},{"id":25971,"url":"https:\/\/www.achimbrueckner.de\/dxradio\/php\/wordpress\/?p=25971","url_meta":{"origin":28423,"position":5},"title":"ARD-Intendantentagung ARD-Mediathek wird zum Streamingangebot","author":"Administrator","date":"November 27, 2019","format":false,"excerpt":"https:\/\/www.tagesschau.de\/inland\/ard-mediathek-101.html","rel":"","context":"In &quot;Deutsch&quot;","block_context":{"text":"Deutsch","link":"https:\/\/www.achimbrueckner.de\/dxradio\/php\/wordpress\/?cat=1"},"img":{"alt_text":"","src":"","width":0,"height":0},"classes":[]}],"_links":{"self":[{"href":"https:\/\/www.achimbrueckner.de\/dxradio\/php\/wordpress\/index.php?rest_route=\/wp\/v2\/posts\/28423","targetHints":{"allow":["GET"]}}],"collection":[{"href":"https:\/\/www.achimbrueckner.de\/dxradio\/php\/wordpress\/index.php?rest_route=\/wp\/v2\/posts"}],"about":[{"href":"https:\/\/www.achimbrueckner.de\/dxradio\/php\/wordpress\/index.php?rest_route=\/wp\/v2\/types\/post"}],"author":[{"embeddable":true,"href":"https:\/\/www.achimbrueckner.de\/dxradio\/php\/wordpress\/index.php?rest_route=\/wp\/v2\/users\/1"}],"replies":[{"embeddable":true,"href":"https:\/\/www.achimbrueckner.de\/dxradio\/php\/wordpress\/index.php?rest_route=%2Fwp%2Fv2%2Fcomments&post=28423"}],"version-history":[{"count":0,"href":"https:\/\/www.achimbrueckner.de\/dxradio\/php\/wordpress\/index.php?rest_route=\/wp\/v2\/posts\/28423\/revisions"}],"wp:attachment":[{"href":"https:\/\/www.achimbrueckner.de\/dxradio\/php\/wordpress\/index.php?rest_route=%2Fwp%2Fv2%2Fmedia&parent=28423"}],"wp:term":[{"taxonomy":"category","embeddable":true,"href":"https:\/\/www.achimbrueckner.de\/dxradio\/php\/wordpress\/index.php?rest_route=%2Fwp%2Fv2%2Fcategories&post=28423"},{"taxonomy":"post_tag","embeddable":true,"href":"https:\/\/www.achimbrueckner.de\/dxradio\/php\/wordpress\/index.php?rest_route=%2Fwp%2Fv2%2Ftags&post=28423"}],"curies":[{"name":"wp","href":"https:\/\/api.w.org\/{rel}","templated":true}]}}