{"id":28429,"date":"2020-04-30T15:16:31","date_gmt":"2020-04-30T15:16:31","guid":{"rendered":"https:\/\/www.achimbrueckner.de\/dxradio\/php\/wordpress\/?p=28429"},"modified":"2020-04-30T15:16:31","modified_gmt":"2020-04-30T15:16:31","slug":"glucksspiele-im-radio","status":"publish","type":"post","link":"https:\/\/www.achimbrueckner.de\/dxradio\/php\/wordpress\/?p=28429","title":{"rendered":"Gl\u00fccksspiele im Radio"},"content":{"rendered":"<p><a href=\"https:\/\/www.radioszene.de\/143220\/gluecksspiele-im-radio.html\" rel=\"noopener noreferrer\" target=\"_blank\">https:\/\/www.radioszene.de\/143220\/gluecksspiele-im-radio.html<\/a><\/p>\n","protected":false},"excerpt":{"rendered":"<p>https:\/\/www.radioszene.de\/143220\/gluecksspiele-im-radio.html<\/p>\n","protected":false},"author":1,"featured_media":0,"comment_status":"closed","ping_status":"open","sticky":false,"template":"","format":"standard","meta":{"_jetpack_memberships_contains_paid_content":false,"footnotes":"","jetpack_publicize_message":"","jetpack_publicize_feature_enabled":true,"jetpack_social_post_already_shared":true,"jetpack_social_options":{"image_generator_settings":{"template":"highway","default_image_id":0,"font":"","enabled":false},"version":2}},"categories":[1,16],"tags":[41],"class_list":["post-28429","post","type-post","status-publish","format-standard","hentry","category-deutsch","category-radioszene","tag-radioszene"],"jetpack_publicize_connections":[],"jetpack_featured_media_url":"","jetpack_sharing_enabled":true,"jetpack_shortlink":"https:\/\/wp.me\/p5CDmr-7ox","jetpack-related-posts":[{"id":19320,"url":"https:\/\/www.achimbrueckner.de\/dxradio\/php\/wordpress\/?p=19320","url_meta":{"origin":28429,"position":0},"title":"Bundesligakonferenz: \u201eTor im Radio\u201c","author":"Administrator","date":"September 26, 2018","format":false,"excerpt":"https:\/\/www.radioszene.de\/126219\/bundesligakonferenz-tor-im-radio.html","rel":"","context":"In &quot;Deutsch&quot;","block_context":{"text":"Deutsch","link":"https:\/\/www.achimbrueckner.de\/dxradio\/php\/wordpress\/?cat=1"},"img":{"alt_text":"","src":"","width":0,"height":0},"classes":[]},{"id":18519,"url":"https:\/\/www.achimbrueckner.de\/dxradio\/php\/wordpress\/?p=18519","url_meta":{"origin":28429,"position":1},"title":"ARD zeigt gro\u00dfes Herz f\u00fcr Jazz im Radio","author":"Administrator","date":"July 18, 2018","format":false,"excerpt":"https:\/\/www.radioszene.de\/124073\/jazz-im-radio.html","rel":"","context":"In &quot;Deutsch&quot;","block_context":{"text":"Deutsch","link":"https:\/\/www.achimbrueckner.de\/dxradio\/php\/wordpress\/?cat=1"},"img":{"alt_text":"","src":"","width":0,"height":0},"classes":[]},{"id":18248,"url":"https:\/\/www.achimbrueckner.de\/dxradio\/php\/wordpress\/?p=18248","url_meta":{"origin":28429,"position":2},"title":"WM im Radio: Welcher Radiosender \u00fcbertr\u00e4gt Fu\u00dfball heute live?","author":"Administrator","date":"June 15, 2018","format":false,"excerpt":"https:\/\/www.radioszene.de\/123023\/wm-radio.html","rel":"","context":"In &quot;Deutsch&quot;","block_context":{"text":"Deutsch","link":"https:\/\/www.achimbrueckner.de\/dxradio\/php\/wordpress\/?cat=1"},"img":{"alt_text":"","src":"","width":0,"height":0},"classes":[]},{"id":20176,"url":"https:\/\/www.achimbrueckner.de\/dxradio\/php\/wordpress\/?p=20176","url_meta":{"origin":28429,"position":3},"title":"Whamageddon: Saison der Weihnachtshits im Radio beginnt","author":"Administrator","date":"November 27, 2018","format":false,"excerpt":"https:\/\/www.radioszene.de\/127994\/weihnachtshits-christmas-radio.html","rel":"","context":"In &quot;Deutsch&quot;","block_context":{"text":"Deutsch","link":"https:\/\/www.achimbrueckner.de\/dxradio\/php\/wordpress\/?cat=1"},"img":{"alt_text":"","src":"","width":0,"height":0},"classes":[]},{"id":27468,"url":"https:\/\/www.achimbrueckner.de\/dxradio\/php\/wordpress\/?p=27468","url_meta":{"origin":28429,"position":4},"title":"Heute ist Weltfrauentag \u2013 und das h\u00f6rt man auch im Radio","author":"Administrator","date":"March 8, 2020","format":false,"excerpt":"https:\/\/www.radioszene.de\/141513\/weltfrauentag-radio.html","rel":"","context":"In &quot;Deutsch&quot;","block_context":{"text":"Deutsch","link":"https:\/\/www.achimbrueckner.de\/dxradio\/php\/wordpress\/?cat=1"},"img":{"alt_text":"","src":"","width":0,"height":0},"classes":[]},{"id":20135,"url":"https:\/\/www.achimbrueckner.de\/dxradio\/php\/wordpress\/?p=20135","url_meta":{"origin":28429,"position":5},"title":"CLASSIC ROCK RADIO: Erste Adresse f\u00fcr Rockfans im Saarland","author":"Administrator","date":"November 23, 2018","format":false,"excerpt":"https:\/\/www.radioszene.de\/127954\/classic-rock-radio.html","rel":"","context":"In &quot;Deutsch&quot;","block_context":{"text":"Deutsch","link":"https:\/\/www.achimbrueckner.de\/dxradio\/php\/wordpress\/?cat=1"},"img":{"alt_text":"","src":"","width":0,"height":0},"classes":[]}],"_links":{"self":[{"href":"https:\/\/www.achimbrueckner.de\/dxradio\/php\/wordpress\/index.php?rest_route=\/wp\/v2\/posts\/28429","targetHints":{"allow":["GET"]}}],"collection":[{"href":"https:\/\/www.achimbrueckner.de\/dxradio\/php\/wordpress\/index.php?rest_route=\/wp\/v2\/posts"}],"about":[{"href":"https:\/\/www.achimbrueckner.de\/dxradio\/php\/wordpress\/index.php?rest_route=\/wp\/v2\/types\/post"}],"author":[{"embeddable":true,"href":"https:\/\/www.achimbrueckner.de\/dxradio\/php\/wordpress\/index.php?rest_route=\/wp\/v2\/users\/1"}],"replies":[{"embeddable":true,"href":"https:\/\/www.achimbrueckner.de\/dxradio\/php\/wordpress\/index.php?rest_route=%2Fwp%2Fv2%2Fcomments&post=28429"}],"version-history":[{"count":0,"href":"https:\/\/www.achimbrueckner.de\/dxradio\/php\/wordpress\/index.php?rest_route=\/wp\/v2\/posts\/28429\/revisions"}],"wp:attachment":[{"href":"https:\/\/www.achimbrueckner.de\/dxradio\/php\/wordpress\/index.php?rest_route=%2Fwp%2Fv2%2Fmedia&parent=28429"}],"wp:term":[{"taxonomy":"category","embeddable":true,"href":"https:\/\/www.achimbrueckner.de\/dxradio\/php\/wordpress\/index.php?rest_route=%2Fwp%2Fv2%2Fcategories&post=28429"},{"taxonomy":"post_tag","embeddable":true,"href":"https:\/\/www.achimbrueckner.de\/dxradio\/php\/wordpress\/index.php?rest_route=%2Fwp%2Fv2%2Ftags&post=28429"}],"curies":[{"name":"wp","href":"https:\/\/api.w.org\/{rel}","templated":true}]}}