{"id":28597,"date":"2020-05-11T14:10:14","date_gmt":"2020-05-11T14:10:14","guid":{"rendered":"https:\/\/www.achimbrueckner.de\/dxradio\/php\/wordpress\/?p=28597"},"modified":"2020-05-11T14:10:14","modified_gmt":"2020-05-11T14:10:14","slug":"buchtipp-eine-prise-funkgeschichte-erzahlt-geschichten-aus-100-jahren-rundfunk","status":"publish","type":"post","link":"https:\/\/www.achimbrueckner.de\/dxradio\/php\/wordpress\/?p=28597","title":{"rendered":"Buchtipp: \u201cEine Prise Funkgeschichte\u201d erz\u00e4hlt Geschichten aus 100 Jahren Rundfunk"},"content":{"rendered":"<p><a href=\"http:\/\/www.radiowoche.de\/buchvorstellung-eine-prise-funkgeschichte-erzaehlt-geschichten-aus-100-jahren-rundfunk\/\" rel=\"noopener noreferrer\" target=\"_blank\">http:\/\/www.radiowoche.de\/buchvorstellung-eine-prise-funkgeschichte-erzaehlt-geschichten-aus-100-jahren-rundfunk\/<\/a><\/p>\n","protected":false},"excerpt":{"rendered":"<p>http:\/\/www.radiowoche.de\/buchvorstellung-eine-prise-funkgeschichte-erzaehlt-geschichten-aus-100-jahren-rundfunk\/<\/p>\n","protected":false},"author":1,"featured_media":0,"comment_status":"closed","ping_status":"open","sticky":false,"template":"","format":"standard","meta":{"_jetpack_memberships_contains_paid_content":false,"footnotes":"","jetpack_publicize_message":"","jetpack_publicize_feature_enabled":true,"jetpack_social_post_already_shared":true,"jetpack_social_options":{"image_generator_settings":{"template":"highway","default_image_id":0,"font":"","enabled":false},"version":2}},"categories":[1],"tags":[],"class_list":["post-28597","post","type-post","status-publish","format-standard","hentry","category-deutsch"],"jetpack_publicize_connections":[],"jetpack_featured_media_url":"","jetpack_sharing_enabled":true,"jetpack_shortlink":"https:\/\/wp.me\/p5CDmr-7rf","jetpack-related-posts":[{"id":39127,"url":"https:\/\/www.achimbrueckner.de\/dxradio\/php\/wordpress\/?p=39127","url_meta":{"origin":28597,"position":0},"title":"Radio.Die Show \u2013 Geschichten aus 100 Jahren Rundfunk","author":"Administrator","date":"March 26, 2023","format":false,"excerpt":"https:\/\/www.kulturbund-dahme-spreewald.de\/events\/eine-prise-funkgeschichte-die-radioshow-zu-100-jahre-rundfunk\/","rel":"","context":"In &quot;Deutsch&quot;","block_context":{"text":"Deutsch","link":"https:\/\/www.achimbrueckner.de\/dxradio\/php\/wordpress\/?cat=1"},"img":{"alt_text":"","src":"","width":0,"height":0},"classes":[]},{"id":28090,"url":"https:\/\/www.achimbrueckner.de\/dxradio\/php\/wordpress\/?p=28090","url_meta":{"origin":28597,"position":1},"title":"Eine Prise Funkgeschichte: F\u00fcnfzig Geschichten aus hundert Jahren Rundfunk","author":"Administrator","date":"April 11, 2020","format":false,"excerpt":"https:\/\/www.amazon.de\/Brando-Alucase-iPAQ-910c-silber\/dp\/3861247364\/ref=sr_1_1","rel":"","context":"In &quot;Deutsch&quot;","block_context":{"text":"Deutsch","link":"https:\/\/www.achimbrueckner.de\/dxradio\/php\/wordpress\/?cat=1"},"img":{"alt_text":"","src":"","width":0,"height":0},"classes":[]},{"id":27376,"url":"https:\/\/www.achimbrueckner.de\/dxradio\/php\/wordpress\/?p=27376","url_meta":{"origin":28597,"position":2},"title":"Buchpremiere \u201eEine Prise Funkgeschichte\u201c (be.bra Verlag)","author":"Administrator","date":"March 1, 2020","format":false,"excerpt":"https:\/\/100jahrerundfunk.de\/eine-prise-funkgeschichte\/","rel":"","context":"In &quot;Deutsch&quot;","block_context":{"text":"Deutsch","link":"https:\/\/www.achimbrueckner.de\/dxradio\/php\/wordpress\/?cat=1"},"img":{"alt_text":"","src":"","width":0,"height":0},"classes":[]},{"id":37347,"url":"https:\/\/www.achimbrueckner.de\/dxradio\/php\/wordpress\/?p=37347","url_meta":{"origin":28597,"position":3},"title":"Radio Menschen und Geschichten 28 August 2022","author":"Administrator","date":"August 26, 2022","format":false,"excerpt":"Nach knapp 2 Jahren gibt's noch einmal(?) eine Ausgabe von \"Radio. Menschen & Geschichten\". Reduziert auf 30 Minuten, daf\u00fcr mit allen wichtigen Inhaltsstoffen f\u00fcr eine hoffentlich ausgewogene Ohr-Kost ohne Massenausw\u00fcrfe mit folgenden Themen: * Tag 186 des russischen Angriffskrieges auf die Ukraine \u2013 und er geht auch nicht am Rundfunk\u2026","rel":"","context":"In &quot;Deutsch&quot;","block_context":{"text":"Deutsch","link":"https:\/\/www.achimbrueckner.de\/dxradio\/php\/wordpress\/?cat=1"},"img":{"alt_text":"","src":"","width":0,"height":0},"classes":[]},{"id":15933,"url":"https:\/\/www.achimbrueckner.de\/dxradio\/php\/wordpress\/?p=15933","url_meta":{"origin":28597,"position":4},"title":"SWS Programmtipps f\u00fcr den Rest des Dezembers 2017","author":"Administrator","date":"December 16, 2017","format":false,"excerpt":"Liebe Radiofreunde, das Jahr neigt sich dem Ende zu und wir melden uns ein letztes mal mit einer \u00dcbersicht an Sondersendungen und Programmtipps. Die Dezember-Sendung von Radio. \"Menschen und Geschichten\" ist die Ausgabe, in der wir nur Radiomenschen und deren Geschichten bringen. Alexander Tauscher geht seit Jahren auf Radioreise. Er\u2026","rel":"","context":"In &quot;Deutsch&quot;","block_context":{"text":"Deutsch","link":"https:\/\/www.achimbrueckner.de\/dxradio\/php\/wordpress\/?cat=1"},"img":{"alt_text":"","src":"","width":0,"height":0},"classes":[]},{"id":10452,"url":"https:\/\/www.achimbrueckner.de\/dxradio\/php\/wordpress\/?p=10452","url_meta":{"origin":28597,"position":5},"title":"Geschichten rund um den Rundfunk","author":"Administrator","date":"September 22, 2016","format":false,"excerpt":"http:\/\/www.derwesten.de\/staedte\/nachrichten-aus-bad-berleburg-bad-laasphe-und-erndtebrueck\/geschichten-rund-um-den-rundfunk-id12214382.html","rel":"","context":"In &quot;Deutsch&quot;","block_context":{"text":"Deutsch","link":"https:\/\/www.achimbrueckner.de\/dxradio\/php\/wordpress\/?cat=1"},"img":{"alt_text":"","src":"","width":0,"height":0},"classes":[]}],"_links":{"self":[{"href":"https:\/\/www.achimbrueckner.de\/dxradio\/php\/wordpress\/index.php?rest_route=\/wp\/v2\/posts\/28597","targetHints":{"allow":["GET"]}}],"collection":[{"href":"https:\/\/www.achimbrueckner.de\/dxradio\/php\/wordpress\/index.php?rest_route=\/wp\/v2\/posts"}],"about":[{"href":"https:\/\/www.achimbrueckner.de\/dxradio\/php\/wordpress\/index.php?rest_route=\/wp\/v2\/types\/post"}],"author":[{"embeddable":true,"href":"https:\/\/www.achimbrueckner.de\/dxradio\/php\/wordpress\/index.php?rest_route=\/wp\/v2\/users\/1"}],"replies":[{"embeddable":true,"href":"https:\/\/www.achimbrueckner.de\/dxradio\/php\/wordpress\/index.php?rest_route=%2Fwp%2Fv2%2Fcomments&post=28597"}],"version-history":[{"count":0,"href":"https:\/\/www.achimbrueckner.de\/dxradio\/php\/wordpress\/index.php?rest_route=\/wp\/v2\/posts\/28597\/revisions"}],"wp:attachment":[{"href":"https:\/\/www.achimbrueckner.de\/dxradio\/php\/wordpress\/index.php?rest_route=%2Fwp%2Fv2%2Fmedia&parent=28597"}],"wp:term":[{"taxonomy":"category","embeddable":true,"href":"https:\/\/www.achimbrueckner.de\/dxradio\/php\/wordpress\/index.php?rest_route=%2Fwp%2Fv2%2Fcategories&post=28597"},{"taxonomy":"post_tag","embeddable":true,"href":"https:\/\/www.achimbrueckner.de\/dxradio\/php\/wordpress\/index.php?rest_route=%2Fwp%2Fv2%2Ftags&post=28597"}],"curies":[{"name":"wp","href":"https:\/\/api.w.org\/{rel}","templated":true}]}}