{"id":28603,"date":"2020-05-11T15:36:08","date_gmt":"2020-05-11T15:36:08","guid":{"rendered":"https:\/\/www.achimbrueckner.de\/dxradio\/php\/wordpress\/?p=28603"},"modified":"2020-05-11T15:36:08","modified_gmt":"2020-05-11T15:36:08","slug":"25-jahre-gute-zeiten-schlechte-zeiten-jo-gerner-fur-immer-fiesling","status":"publish","type":"post","link":"https:\/\/www.achimbrueckner.de\/dxradio\/php\/wordpress\/?p=28603","title":{"rendered":"25 Jahre &#8220;Gute Zeiten, Schlechte Zeiten&#8221; Jo Gerner, f\u00fcr immer Fiesling"},"content":{"rendered":"<p><a href=\"https:\/\/www.spiegel.de\/geschichte\/25-jahre-gzsz-wolfgang-bahro-alias-jo-gerner-ueber-gute-zeiten-schlechte-zeiten-a-1146039.html\" rel=\"noopener noreferrer\" target=\"_blank\">https:\/\/www.spiegel.de\/geschichte\/25-jahre-gzsz-wolfgang-bahro-alias-jo-gerner-ueber-gute-zeiten-schlechte-zeiten-a-1146039.html<\/a><\/p>\n","protected":false},"excerpt":{"rendered":"<p>https:\/\/www.spiegel.de\/geschichte\/25-jahre-gzsz-wolfgang-bahro-alias-jo-gerner-ueber-gute-zeiten-schlechte-zeiten-a-1146039.html<\/p>\n","protected":false},"author":1,"featured_media":0,"comment_status":"closed","ping_status":"open","sticky":false,"template":"","format":"standard","meta":{"_jetpack_memberships_contains_paid_content":false,"footnotes":"","jetpack_publicize_message":"","jetpack_publicize_feature_enabled":true,"jetpack_social_post_already_shared":true,"jetpack_social_options":{"image_generator_settings":{"template":"highway","default_image_id":0,"font":"","enabled":false},"version":2}},"categories":[1],"tags":[],"class_list":["post-28603","post","type-post","status-publish","format-standard","hentry","category-deutsch"],"jetpack_publicize_connections":[],"jetpack_featured_media_url":"","jetpack_sharing_enabled":true,"jetpack_shortlink":"https:\/\/wp.me\/p5CDmr-7rl","jetpack-related-posts":[{"id":42647,"url":"https:\/\/www.achimbrueckner.de\/dxradio\/php\/wordpress\/?p=42647","url_meta":{"origin":28603,"position":0},"title":"Gute Zeiten, schlechte Zeiten Radio-Pionier Bartl Thaler","author":"Administrator","date":"April 22, 2025","format":false,"excerpt":"https:\/\/www.tageszeitung.it\/2025\/04\/21\/gute-zeiten-schlechte-zeiten\/","rel":"","context":"In &quot;Deutsch&quot;","block_context":{"text":"Deutsch","link":"https:\/\/www.achimbrueckner.de\/dxradio\/php\/wordpress\/?cat=1"},"img":{"alt_text":"","src":"","width":0,"height":0},"classes":[]},{"id":523,"url":"https:\/\/www.achimbrueckner.de\/dxradio\/php\/wordpress\/?p=523","url_meta":{"origin":28603,"position":1},"title":"Schlechte Zeiten f\u00fcr Wellenj\u00e4ger","author":"Administrator","date":"September 5, 2009","format":false,"excerpt":"Schlechte Zeiten f\u00fcr Wellenj\u00e4ger: http:\/\/www.epd.de\/rheinland_pfalz_saarland\/rheinland_pfalz_saarland_index_67826.html Info via A-DX","rel":"","context":"In &quot;Deutsch&quot;","block_context":{"text":"Deutsch","link":"https:\/\/www.achimbrueckner.de\/dxradio\/php\/wordpress\/?cat=1"},"img":{"alt_text":"","src":"","width":0,"height":0},"classes":[]},{"id":21720,"url":"https:\/\/www.achimbrueckner.de\/dxradio\/php\/wordpress\/?p=21720","url_meta":{"origin":28603,"position":2},"title":"Dr. Yvette Gerner soll Nachfolgerin von Intendant Jan Metzger werden","author":"Administrator","date":"February 19, 2019","format":false,"excerpt":"https:\/\/www.radioszene.de\/130551\/yvette-gerner-radio-bremen.html","rel":"","context":"In &quot;Deutsch&quot;","block_context":{"text":"Deutsch","link":"https:\/\/www.achimbrueckner.de\/dxradio\/php\/wordpress\/?cat=1"},"img":{"alt_text":"","src":"","width":0,"height":0},"classes":[]},{"id":24045,"url":"https:\/\/www.achimbrueckner.de\/dxradio\/php\/wordpress\/?p=24045","url_meta":{"origin":28603,"position":3},"title":"Yvette Gerner erste Intendantin bei Radio Bremen","author":"Administrator","date":"July 31, 2019","format":false,"excerpt":"https:\/\/www.sueddeutsche.de\/news\/wirtschaft\/medien---bremen-yvette-gerner-erste-intendantin-bei-radio-bremen-dpa.urn-newsml-dpa-com-20090101-190731-99-285778","rel":"","context":"In &quot;Deutsch&quot;","block_context":{"text":"Deutsch","link":"https:\/\/www.achimbrueckner.de\/dxradio\/php\/wordpress\/?cat=1"},"img":{"alt_text":"","src":"","width":0,"height":0},"classes":[]},{"id":25022,"url":"https:\/\/www.achimbrueckner.de\/dxradio\/php\/wordpress\/?p=25022","url_meta":{"origin":28603,"position":4},"title":"Ein Wahrzeichen aus DDR-Zeiten: Deutschlands h\u00f6chstes Bauwerk wird 50 Jahre alt","author":"Administrator","date":"September 29, 2019","format":false,"excerpt":"https:\/\/www.epochtimes.de\/genial\/ein-wahrzeichen-der-ddr-deutschlands-hoechstes-bauwerk-wird-50-jahre-alt-a3017288.html?tweet=1","rel":"","context":"In &quot;Deutsch&quot;","block_context":{"text":"Deutsch","link":"https:\/\/www.achimbrueckner.de\/dxradio\/php\/wordpress\/?cat=1"},"img":{"alt_text":"","src":"","width":0,"height":0},"classes":[]},{"id":22002,"url":"https:\/\/www.achimbrueckner.de\/dxradio\/php\/wordpress\/?p=22002","url_meta":{"origin":28603,"position":5},"title":"Das sagt Radio Bremens neue Intendantin","author":"Administrator","date":"March 6, 2019","format":false,"excerpt":"https:\/\/www.butenunbinnen.de\/nachrichten\/gesellschaft\/radio-bremen-intendantin-gerner-100.html","rel":"","context":"In &quot;Deutsch&quot;","block_context":{"text":"Deutsch","link":"https:\/\/www.achimbrueckner.de\/dxradio\/php\/wordpress\/?cat=1"},"img":{"alt_text":"","src":"","width":0,"height":0},"classes":[]}],"_links":{"self":[{"href":"https:\/\/www.achimbrueckner.de\/dxradio\/php\/wordpress\/index.php?rest_route=\/wp\/v2\/posts\/28603","targetHints":{"allow":["GET"]}}],"collection":[{"href":"https:\/\/www.achimbrueckner.de\/dxradio\/php\/wordpress\/index.php?rest_route=\/wp\/v2\/posts"}],"about":[{"href":"https:\/\/www.achimbrueckner.de\/dxradio\/php\/wordpress\/index.php?rest_route=\/wp\/v2\/types\/post"}],"author":[{"embeddable":true,"href":"https:\/\/www.achimbrueckner.de\/dxradio\/php\/wordpress\/index.php?rest_route=\/wp\/v2\/users\/1"}],"replies":[{"embeddable":true,"href":"https:\/\/www.achimbrueckner.de\/dxradio\/php\/wordpress\/index.php?rest_route=%2Fwp%2Fv2%2Fcomments&post=28603"}],"version-history":[{"count":0,"href":"https:\/\/www.achimbrueckner.de\/dxradio\/php\/wordpress\/index.php?rest_route=\/wp\/v2\/posts\/28603\/revisions"}],"wp:attachment":[{"href":"https:\/\/www.achimbrueckner.de\/dxradio\/php\/wordpress\/index.php?rest_route=%2Fwp%2Fv2%2Fmedia&parent=28603"}],"wp:term":[{"taxonomy":"category","embeddable":true,"href":"https:\/\/www.achimbrueckner.de\/dxradio\/php\/wordpress\/index.php?rest_route=%2Fwp%2Fv2%2Fcategories&post=28603"},{"taxonomy":"post_tag","embeddable":true,"href":"https:\/\/www.achimbrueckner.de\/dxradio\/php\/wordpress\/index.php?rest_route=%2Fwp%2Fv2%2Ftags&post=28603"}],"curies":[{"name":"wp","href":"https:\/\/api.w.org\/{rel}","templated":true}]}}