{"id":28660,"date":"2020-05-14T14:55:50","date_gmt":"2020-05-14T14:55:50","guid":{"rendered":"https:\/\/www.achimbrueckner.de\/dxradio\/php\/wordpress\/?p=28660"},"modified":"2020-05-14T14:55:50","modified_gmt":"2020-05-14T14:55:50","slug":"ver-di-zu-rundfunkgebuhren-an-entscheidung-festhalten","status":"publish","type":"post","link":"https:\/\/www.achimbrueckner.de\/dxradio\/php\/wordpress\/?p=28660","title":{"rendered":"ver.di zu Rundfunkgeb\u00fchren: An Entscheidung festhalten!"},"content":{"rendered":"<p><a href=\"http:\/\/www.radiowoche.de\/ver-di-zu-rundfunkgebuehren-an-entscheidung-festhalten\/\" rel=\"noopener noreferrer\" target=\"_blank\">http:\/\/www.radiowoche.de\/ver-di-zu-rundfunkgebuehren-an-entscheidung-festhalten\/<\/a><\/p>\n","protected":false},"excerpt":{"rendered":"<p>http:\/\/www.radiowoche.de\/ver-di-zu-rundfunkgebuehren-an-entscheidung-festhalten\/<\/p>\n","protected":false},"author":1,"featured_media":0,"comment_status":"closed","ping_status":"open","sticky":false,"template":"","format":"standard","meta":{"_jetpack_memberships_contains_paid_content":false,"footnotes":"","jetpack_publicize_message":"","jetpack_publicize_feature_enabled":true,"jetpack_social_post_already_shared":true,"jetpack_social_options":{"image_generator_settings":{"template":"highway","default_image_id":0,"font":"","enabled":false},"version":2}},"categories":[1],"tags":[],"class_list":["post-28660","post","type-post","status-publish","format-standard","hentry","category-deutsch"],"jetpack_publicize_connections":[],"jetpack_featured_media_url":"","jetpack_sharing_enabled":true,"jetpack_shortlink":"https:\/\/wp.me\/p5CDmr-7sg","jetpack-related-posts":[{"id":21312,"url":"https:\/\/www.achimbrueckner.de\/dxradio\/php\/wordpress\/?p=21312","url_meta":{"origin":28660,"position":0},"title":"Rundfunkgeb\u00fchren: Netflix-Effekt schl\u00e4gt zu &#8211; Briten k\u00fcndigen ihre BBC-Abos","author":"Administrator","date":"February 4, 2019","format":false,"excerpt":"https:\/\/www.stern.de\/wirtschaft\/news\/rundfunkgebuehren--netflix-effekt-schlaegt-zu---briten-kuendigen-ihre-bbc-abos-8564412.html","rel":"","context":"In &quot;Deutsch&quot;","block_context":{"text":"Deutsch","link":"https:\/\/www.achimbrueckner.de\/dxradio\/php\/wordpress\/?cat=1"},"img":{"alt_text":"","src":"","width":0,"height":0},"classes":[]},{"id":33442,"url":"https:\/\/www.achimbrueckner.de\/dxradio\/php\/wordpress\/?p=33442","url_meta":{"origin":28660,"position":1},"title":"Dortmunder Amateurfunkmarktes (DAT e.V.) abgesagt","author":"Administrator","date":"August 26, 2021","format":false,"excerpt":"http:\/\/dat-do.loose-kamen.de\/ .... !! Amateurfunkmarkt 2021 abgesagt !! Nach reiflicher \u00dcberlegung und Durchsprache aller Unw\u00e4gbarkeiten haben wir uns schweren Herzens zu dieser Entscheidung entschlossen. Die M\u00f6glichkeit den Markt in gewohnter Weise durchf\u00fchren zu k\u00f6nnen ist nicht sicher gegeben. Um k\u00fcnftige Veranstaltungen nicht zu gef\u00e4hrten wollen wir das hohe Risiko eines Misserfolges\u2026","rel":"","context":"In &quot;Deutsch&quot;","block_context":{"text":"Deutsch","link":"https:\/\/www.achimbrueckner.de\/dxradio\/php\/wordpress\/?cat=1"},"img":{"alt_text":"","src":"","width":0,"height":0},"classes":[]},{"id":41862,"url":"https:\/\/www.achimbrueckner.de\/dxradio\/php\/wordpress\/?p=41862","url_meta":{"origin":28660,"position":2},"title":"\u00d6ffentlich-rechtlicher Rundfunk L\u00e4nder einig bei Reform &#8211; Entscheidung zu Beitrag vertagt","author":"Administrator","date":"October 25, 2024","format":false,"excerpt":"https:\/\/www.tagesschau.de\/eilmeldung\/laender-oerr-100.html","rel":"","context":"In &quot;Deutsch&quot;","block_context":{"text":"Deutsch","link":"https:\/\/www.achimbrueckner.de\/dxradio\/php\/wordpress\/?cat=1"},"img":{"alt_text":"","src":"","width":0,"height":0},"classes":[]},{"id":16760,"url":"https:\/\/www.achimbrueckner.de\/dxradio\/php\/wordpress\/?p=16760","url_meta":{"origin":28660,"position":3},"title":"Rundfunkgeb\u00fchren : Der \u00f6ffentlich-rechtliche Verbrennungsmotor","author":"Administrator","date":"March 5, 2018","format":false,"excerpt":"http:\/\/www.zeit.de\/kultur\/2018-03\/rundfunkgebuehren-oeffentlich-rechtlich-reformen","rel":"","context":"In &quot;Deutsch&quot;","block_context":{"text":"Deutsch","link":"https:\/\/www.achimbrueckner.de\/dxradio\/php\/wordpress\/?cat=1"},"img":{"alt_text":"","src":"","width":0,"height":0},"classes":[]},{"id":16936,"url":"https:\/\/www.achimbrueckner.de\/dxradio\/php\/wordpress\/?p=16936","url_meta":{"origin":28660,"position":4},"title":"\u00d6ffentlich-rechtliche Sender D\u00e4nemark schafft Rundfunkgeb\u00fchren ab","author":"Administrator","date":"March 17, 2018","format":false,"excerpt":"http:\/\/www.spiegel.de\/kultur\/tv\/daenemark-schafft-rundfunkgebuehren-ab-a-1198578.html","rel":"","context":"In &quot;Deutsch&quot;","block_context":{"text":"Deutsch","link":"https:\/\/www.achimbrueckner.de\/dxradio\/php\/wordpress\/?cat=1"},"img":{"alt_text":"","src":"","width":0,"height":0},"classes":[]},{"id":8496,"url":"https:\/\/www.achimbrueckner.de\/dxradio\/php\/wordpress\/?p=8496","url_meta":{"origin":28660,"position":5},"title":"Keine Entscheidung ist eine Entscheidung","author":"Administrator","date":"June 12, 2016","format":false,"excerpt":"http:\/\/www.badische-zeitung.de\/computer-medien-1\/keine-entscheidung-ist-eine-entscheidung--122955647.html","rel":"","context":"In &quot;Deutsch&quot;","block_context":{"text":"Deutsch","link":"https:\/\/www.achimbrueckner.de\/dxradio\/php\/wordpress\/?cat=1"},"img":{"alt_text":"","src":"","width":0,"height":0},"classes":[]}],"_links":{"self":[{"href":"https:\/\/www.achimbrueckner.de\/dxradio\/php\/wordpress\/index.php?rest_route=\/wp\/v2\/posts\/28660","targetHints":{"allow":["GET"]}}],"collection":[{"href":"https:\/\/www.achimbrueckner.de\/dxradio\/php\/wordpress\/index.php?rest_route=\/wp\/v2\/posts"}],"about":[{"href":"https:\/\/www.achimbrueckner.de\/dxradio\/php\/wordpress\/index.php?rest_route=\/wp\/v2\/types\/post"}],"author":[{"embeddable":true,"href":"https:\/\/www.achimbrueckner.de\/dxradio\/php\/wordpress\/index.php?rest_route=\/wp\/v2\/users\/1"}],"replies":[{"embeddable":true,"href":"https:\/\/www.achimbrueckner.de\/dxradio\/php\/wordpress\/index.php?rest_route=%2Fwp%2Fv2%2Fcomments&post=28660"}],"version-history":[{"count":0,"href":"https:\/\/www.achimbrueckner.de\/dxradio\/php\/wordpress\/index.php?rest_route=\/wp\/v2\/posts\/28660\/revisions"}],"wp:attachment":[{"href":"https:\/\/www.achimbrueckner.de\/dxradio\/php\/wordpress\/index.php?rest_route=%2Fwp%2Fv2%2Fmedia&parent=28660"}],"wp:term":[{"taxonomy":"category","embeddable":true,"href":"https:\/\/www.achimbrueckner.de\/dxradio\/php\/wordpress\/index.php?rest_route=%2Fwp%2Fv2%2Fcategories&post=28660"},{"taxonomy":"post_tag","embeddable":true,"href":"https:\/\/www.achimbrueckner.de\/dxradio\/php\/wordpress\/index.php?rest_route=%2Fwp%2Fv2%2Ftags&post=28660"}],"curies":[{"name":"wp","href":"https:\/\/api.w.org\/{rel}","templated":true}]}}