{"id":28703,"date":"2020-05-17T17:29:32","date_gmt":"2020-05-17T17:29:32","guid":{"rendered":"https:\/\/www.achimbrueckner.de\/dxradio\/php\/wordpress\/?p=28703"},"modified":"2020-05-17T17:29:32","modified_gmt":"2020-05-17T17:29:32","slug":"ukw-959-mhz-aus-der-messe-wachtersbach-wird-ein-autokino","status":"publish","type":"post","link":"https:\/\/www.achimbrueckner.de\/dxradio\/php\/wordpress\/?p=28703","title":{"rendered":"UKW 95,9 MHz: Aus der Messe W\u00e4chtersbach wird ein Autokino"},"content":{"rendered":"<p><a href=\"https:\/\/www.smartphonefan.de\/2020\/05\/17\/ukw-959-mhz-aus-der-messe-waechtersbach-wird-ein-autokino\/\" rel=\"noopener noreferrer\" target=\"_blank\">https:\/\/www.smartphonefan.de\/2020\/05\/17\/ukw-959-mhz-aus-der-messe-waechtersbach-wird-ein-autokino\/<\/a><\/p>\n","protected":false},"excerpt":{"rendered":"<p>https:\/\/www.smartphonefan.de\/2020\/05\/17\/ukw-959-mhz-aus-der-messe-waechtersbach-wird-ein-autokino\/<\/p>\n","protected":false},"author":1,"featured_media":0,"comment_status":"closed","ping_status":"open","sticky":false,"template":"","format":"standard","meta":{"_jetpack_memberships_contains_paid_content":false,"footnotes":"","jetpack_publicize_message":"","jetpack_publicize_feature_enabled":true,"jetpack_social_post_already_shared":true,"jetpack_social_options":{"image_generator_settings":{"template":"highway","default_image_id":0,"font":"","enabled":false},"version":2}},"categories":[1],"tags":[27],"class_list":["post-28703","post","type-post","status-publish","format-standard","hentry","category-deutsch","tag-ukw"],"jetpack_publicize_connections":[],"jetpack_featured_media_url":"","jetpack_sharing_enabled":true,"jetpack_shortlink":"https:\/\/wp.me\/p5CDmr-7sX","jetpack-related-posts":[{"id":2257,"url":"https:\/\/www.achimbrueckner.de\/dxradio\/php\/wordpress\/?p=2257","url_meta":{"origin":28703,"position":0},"title":"UKW\/TV-Arbeitskreis: Stand auf der Ham Radio","author":"Administrator","date":"June 20, 2012","format":false,"excerpt":"Hallo Liste Der UKW\/TV-Arbeitskreis hat dieses Jahr nach l\u00e4ngerer Pause wieder einen Stand auf der Ham Radio. Wir sind in Halle A1, am Standplatz A1-546, direkt gegen\u00fcber der ADDX, anzutreffen. Neben der Vorstellung unseres Spezialgebiets, des \u00dcberreichweitenempfangs auf UKW und TV, bieten wir live UKW-Empf\u00e4ngervergleiche an in der Halle aufgebauten\u2026","rel":"","context":"In &quot;camps&quot;","block_context":{"text":"camps","link":"https:\/\/www.achimbrueckner.de\/dxradio\/php\/wordpress\/?cat=5"},"img":{"alt_text":"","src":"","width":0,"height":0},"classes":[]},{"id":26286,"url":"https:\/\/www.achimbrueckner.de\/dxradio\/php\/wordpress\/?p=26286","url_meta":{"origin":28703,"position":1},"title":"Schwarzer Tag f\u00fcr die Medienfreiheit in Ungarn","author":"Administrator","date":"December 21, 2019","format":false,"excerpt":"Heute ist ein weiterer schwarzer Tag f\u00fcr die Medienfreiheit in Ungarn. Das selbstverwaltete, nichtkommerzielle CIVIL R\u00c1DI\u00d3 - FM 98 muss heute Nacht zum Sonntag um 2 Uhr nach 25 Jahren seine UKW-Frequenz 98,0 MHz in Budapest aufgeben und im Internet weitersenden. Die Medienbeh\u00f6rde hatte die UKW-Lizenz nicht verl\u00e4ngert. Damit wird\u2026","rel":"","context":"In &quot;Deutsch&quot;","block_context":{"text":"Deutsch","link":"https:\/\/www.achimbrueckner.de\/dxradio\/php\/wordpress\/?cat=1"},"img":{"alt_text":"","src":"","width":0,"height":0},"classes":[]},{"id":25331,"url":"https:\/\/www.achimbrueckner.de\/dxradio\/php\/wordpress\/?p=25331","url_meta":{"origin":28703,"position":2},"title":"Eifeler Radiotage November \/ Radiogeschichten gesucht","author":"Administrator","date":"October 16, 2019","format":false,"excerpt":"Liebe Listenteilnehmer:innen, am 09. und 10. November machen - wie ja schon angek\u00fcndigt - diverse hier anwesende subversive Objekte plus einige Non-ADX-Listler die zweite Ausgabe der Eifeler Radiotage in Kall. Der 30. Jahrestag der Mauer\u00f6ffnung markierte den Beginn des Falls des Eisernen Vorhangs \u2013 und das Zusammenwachsen Europas. Radiomacher:innen wollen\u2026","rel":"","context":"In &quot;Deutsch&quot;","block_context":{"text":"Deutsch","link":"https:\/\/www.achimbrueckner.de\/dxradio\/php\/wordpress\/?cat=1"},"img":{"alt_text":"","src":"","width":0,"height":0},"classes":[]},{"id":30281,"url":"https:\/\/www.achimbrueckner.de\/dxradio\/php\/wordpress\/?p=30281","url_meta":{"origin":28703,"position":3},"title":"Programmtipp: 50 Jahre Close-Down von Radio CAE","author":"Administrator","date":"October 2, 2020","format":false,"excerpt":"\u201cAt 87.8 on the FM-dial, this is Canadian Forces Radio CAE in Werl, Germany\u2026\u201d \u00dcber 14 Jahre lang h\u00f6rte man diesen Station Break auf UKW ganz vorne, am Anfang der Skala, sofern man am \u00f6stlichen Rande des Ruhrgebiets wohnte. Am 21. M\u00e4rz 1956 um 17.00 Uhr war hier ein einzigartiger\u2026","rel":"","context":"In &quot;Deutsch&quot;","block_context":{"text":"Deutsch","link":"https:\/\/www.achimbrueckner.de\/dxradio\/php\/wordpress\/?cat=1"},"img":{"alt_text":"","src":"","width":0,"height":0},"classes":[]},{"id":39645,"url":"https:\/\/www.achimbrueckner.de\/dxradio\/php\/wordpress\/?p=39645","url_meta":{"origin":28703,"position":4},"title":"Radio Forum als Webradio zur\u00fcck!","author":"Administrator","date":"June 13, 2023","format":false,"excerpt":"Radio Forum als Webradio zur\u00fcck! Radio Forum, ein Pionier aus Lothringen, geh\u00f6rte in den 1980iger Jahren zu den Radiostationen, welche gezielt in Richtung Saarland sendeten. Mitte 2023 wurde ein Webstream gestartet: https:\/\/www.radio-forum2.de\/ Radio Forum - Wir H\u00f6ren uns Das Webradio wird von Bernd Sambo betrieben - mit dem ehemaligen UKW-Sender\u2026","rel":"","context":"In &quot;Deutsch&quot;","block_context":{"text":"Deutsch","link":"https:\/\/www.achimbrueckner.de\/dxradio\/php\/wordpress\/?cat=1"},"img":{"alt_text":"","src":"","width":0,"height":0},"classes":[]},{"id":45291,"url":"https:\/\/www.achimbrueckner.de\/dxradio\/php\/wordpress\/?p=45291","url_meta":{"origin":28703,"position":5},"title":"Hamburger UKW-Frequenz 98,1 MHz wird frei","author":"Administrator","date":"March 21, 2026","format":false,"excerpt":"https:\/\/www.radioszene.de\/212304\/hamburg-ukw-frequenz.html","rel":"","context":"In &quot;Deutsch&quot;","block_context":{"text":"Deutsch","link":"https:\/\/www.achimbrueckner.de\/dxradio\/php\/wordpress\/?cat=1"},"img":{"alt_text":"","src":"","width":0,"height":0},"classes":[]}],"_links":{"self":[{"href":"https:\/\/www.achimbrueckner.de\/dxradio\/php\/wordpress\/index.php?rest_route=\/wp\/v2\/posts\/28703","targetHints":{"allow":["GET"]}}],"collection":[{"href":"https:\/\/www.achimbrueckner.de\/dxradio\/php\/wordpress\/index.php?rest_route=\/wp\/v2\/posts"}],"about":[{"href":"https:\/\/www.achimbrueckner.de\/dxradio\/php\/wordpress\/index.php?rest_route=\/wp\/v2\/types\/post"}],"author":[{"embeddable":true,"href":"https:\/\/www.achimbrueckner.de\/dxradio\/php\/wordpress\/index.php?rest_route=\/wp\/v2\/users\/1"}],"replies":[{"embeddable":true,"href":"https:\/\/www.achimbrueckner.de\/dxradio\/php\/wordpress\/index.php?rest_route=%2Fwp%2Fv2%2Fcomments&post=28703"}],"version-history":[{"count":0,"href":"https:\/\/www.achimbrueckner.de\/dxradio\/php\/wordpress\/index.php?rest_route=\/wp\/v2\/posts\/28703\/revisions"}],"wp:attachment":[{"href":"https:\/\/www.achimbrueckner.de\/dxradio\/php\/wordpress\/index.php?rest_route=%2Fwp%2Fv2%2Fmedia&parent=28703"}],"wp:term":[{"taxonomy":"category","embeddable":true,"href":"https:\/\/www.achimbrueckner.de\/dxradio\/php\/wordpress\/index.php?rest_route=%2Fwp%2Fv2%2Fcategories&post=28703"},{"taxonomy":"post_tag","embeddable":true,"href":"https:\/\/www.achimbrueckner.de\/dxradio\/php\/wordpress\/index.php?rest_route=%2Fwp%2Fv2%2Ftags&post=28703"}],"curies":[{"name":"wp","href":"https:\/\/api.w.org\/{rel}","templated":true}]}}