{"id":28935,"date":"2020-06-03T13:14:19","date_gmt":"2020-06-03T13:14:19","guid":{"rendered":"https:\/\/www.achimbrueckner.de\/dxradio\/php\/wordpress\/?p=28935"},"modified":"2020-06-03T13:14:19","modified_gmt":"2020-06-03T13:14:19","slug":"ams-ubernimmt-versorgung-der-bfbs-radioprogramme-in-owl","status":"publish","type":"post","link":"https:\/\/www.achimbrueckner.de\/dxradio\/php\/wordpress\/?p=28935","title":{"rendered":"ams \u00fcbernimmt Versorgung der BFBS Radioprogramme in OWL"},"content":{"rendered":"<p><a href=\"https:\/\/www.radioszene.de\/144298\/bfbs-radioprogramme-ams.html\" rel=\"noopener noreferrer\" target=\"_blank\">https:\/\/www.radioszene.de\/144298\/bfbs-radioprogramme-ams.html<\/a><\/p>\n","protected":false},"excerpt":{"rendered":"<p>https:\/\/www.radioszene.de\/144298\/bfbs-radioprogramme-ams.html<\/p>\n","protected":false},"author":1,"featured_media":0,"comment_status":"closed","ping_status":"open","sticky":false,"template":"","format":"standard","meta":{"_jetpack_memberships_contains_paid_content":false,"footnotes":"","jetpack_publicize_message":"","jetpack_publicize_feature_enabled":true,"jetpack_social_post_already_shared":true,"jetpack_social_options":{"image_generator_settings":{"template":"highway","default_image_id":0,"font":"","enabled":false},"version":2}},"categories":[1,16],"tags":[24,41],"class_list":["post-28935","post","type-post","status-publish","format-standard","hentry","category-deutsch","category-radioszene","tag-am","tag-radioszene"],"jetpack_publicize_connections":[],"jetpack_featured_media_url":"","jetpack_sharing_enabled":true,"jetpack_shortlink":"https:\/\/wp.me\/p5CDmr-7wH","jetpack-related-posts":[{"id":3471,"url":"https:\/\/www.achimbrueckner.de\/dxradio\/php\/wordpress\/?p=3471","url_meta":{"origin":28935,"position":0},"title":"14 neue DAB+ Radioprogramme f\u00fcr Region Z\u00fcrich","author":"Administrator","date":"August 29, 2014","format":false,"excerpt":"http:\/\/www.radioszene.de\/72077\/14-neue-dab-radioprogramme-fuer-region-zuerich.html","rel":"","context":"In &quot;Deutsch&quot;","block_context":{"text":"Deutsch","link":"https:\/\/www.achimbrueckner.de\/dxradio\/php\/wordpress\/?cat=1"},"img":{"alt_text":"","src":"","width":0,"height":0},"classes":[]},{"id":21824,"url":"https:\/\/www.achimbrueckner.de\/dxradio\/php\/wordpress\/?p=21824","url_meta":{"origin":28935,"position":1},"title":"Mehr digitale Radioprogramme f\u00fcr Bremerhaven","author":"Administrator","date":"February 26, 2019","format":false,"excerpt":"https:\/\/www.radioszene.de\/130786\/digitalradio-bremerhaven.html","rel":"","context":"In &quot;Deutsch&quot;","block_context":{"text":"Deutsch","link":"https:\/\/www.achimbrueckner.de\/dxradio\/php\/wordpress\/?cat=1"},"img":{"alt_text":"","src":"","width":0,"height":0},"classes":[]},{"id":29377,"url":"https:\/\/www.achimbrueckner.de\/dxradio\/php\/wordpress\/?p=29377","url_meta":{"origin":28935,"position":2},"title":"Diese Radioprogramme starten deutschlandweit auf DAB+","author":"Administrator","date":"July 10, 2020","format":false,"excerpt":"https:\/\/www.radioszene.de\/145427\/digitalradio-deutschlandweit-bundesweit-dab.html","rel":"","context":"In &quot;Deutsch&quot;","block_context":{"text":"Deutsch","link":"https:\/\/www.achimbrueckner.de\/dxradio\/php\/wordpress\/?cat=1"},"img":{"alt_text":"","src":"","width":0,"height":0},"classes":[]},{"id":15912,"url":"https:\/\/www.achimbrueckner.de\/dxradio\/php\/wordpress\/?p=15912","url_meta":{"origin":28935,"position":3},"title":"11 DAB+ Radioprogramme starten 2018 regul\u00e4r in Wien","author":"Administrator","date":"December 15, 2017","format":false,"excerpt":"http:\/\/www.radioszene.de\/116293\/dab-digitalradio-wien.html","rel":"","context":"In &quot;Deutsch&quot;","block_context":{"text":"Deutsch","link":"https:\/\/www.achimbrueckner.de\/dxradio\/php\/wordpress\/?cat=1"},"img":{"alt_text":"","src":"","width":0,"height":0},"classes":[]},{"id":15418,"url":"https:\/\/www.achimbrueckner.de\/dxradio\/php\/wordpress\/?p=15418","url_meta":{"origin":28935,"position":4},"title":"Elf Radioprogramme wollen im Saarland via DAB+ senden","author":"Administrator","date":"November 9, 2017","format":false,"excerpt":"http:\/\/www.radioszene.de\/114916\/digitalradio-saarland-dab.html","rel":"","context":"In &quot;Deutsch&quot;","block_context":{"text":"Deutsch","link":"https:\/\/www.achimbrueckner.de\/dxradio\/php\/wordpress\/?cat=1"},"img":{"alt_text":"","src":"","width":0,"height":0},"classes":[]},{"id":21302,"url":"https:\/\/www.achimbrueckner.de\/dxradio\/php\/wordpress\/?p=21302","url_meta":{"origin":28935,"position":5},"title":"Schleswig-Holstein schreibt UKW-Kapazit\u00e4ten f\u00fcr f\u00fcnf Radioprogramme aus","author":"Administrator","date":"February 4, 2019","format":false,"excerpt":"https:\/\/www.radioszene.de\/130042\/schleswig-holstein-ukw-radioprogramme.html","rel":"","context":"In &quot;Deutsch&quot;","block_context":{"text":"Deutsch","link":"https:\/\/www.achimbrueckner.de\/dxradio\/php\/wordpress\/?cat=1"},"img":{"alt_text":"","src":"","width":0,"height":0},"classes":[]}],"_links":{"self":[{"href":"https:\/\/www.achimbrueckner.de\/dxradio\/php\/wordpress\/index.php?rest_route=\/wp\/v2\/posts\/28935","targetHints":{"allow":["GET"]}}],"collection":[{"href":"https:\/\/www.achimbrueckner.de\/dxradio\/php\/wordpress\/index.php?rest_route=\/wp\/v2\/posts"}],"about":[{"href":"https:\/\/www.achimbrueckner.de\/dxradio\/php\/wordpress\/index.php?rest_route=\/wp\/v2\/types\/post"}],"author":[{"embeddable":true,"href":"https:\/\/www.achimbrueckner.de\/dxradio\/php\/wordpress\/index.php?rest_route=\/wp\/v2\/users\/1"}],"replies":[{"embeddable":true,"href":"https:\/\/www.achimbrueckner.de\/dxradio\/php\/wordpress\/index.php?rest_route=%2Fwp%2Fv2%2Fcomments&post=28935"}],"version-history":[{"count":0,"href":"https:\/\/www.achimbrueckner.de\/dxradio\/php\/wordpress\/index.php?rest_route=\/wp\/v2\/posts\/28935\/revisions"}],"wp:attachment":[{"href":"https:\/\/www.achimbrueckner.de\/dxradio\/php\/wordpress\/index.php?rest_route=%2Fwp%2Fv2%2Fmedia&parent=28935"}],"wp:term":[{"taxonomy":"category","embeddable":true,"href":"https:\/\/www.achimbrueckner.de\/dxradio\/php\/wordpress\/index.php?rest_route=%2Fwp%2Fv2%2Fcategories&post=28935"},{"taxonomy":"post_tag","embeddable":true,"href":"https:\/\/www.achimbrueckner.de\/dxradio\/php\/wordpress\/index.php?rest_route=%2Fwp%2Fv2%2Ftags&post=28935"}],"curies":[{"name":"wp","href":"https:\/\/api.w.org\/{rel}","templated":true}]}}