{"id":28938,"date":"2020-06-03T13:20:43","date_gmt":"2020-06-03T13:20:43","guid":{"rendered":"https:\/\/www.achimbrueckner.de\/dxradio\/php\/wordpress\/?p=28938"},"modified":"2020-06-03T13:20:43","modified_gmt":"2020-06-03T13:20:43","slug":"ukw-dx-in-kiel-viele-danische-gaste-auf-der-radioskala","status":"publish","type":"post","link":"https:\/\/www.achimbrueckner.de\/dxradio\/php\/wordpress\/?p=28938","title":{"rendered":"UKW-DX in Kiel: Viele d\u00e4nische G\u00e4ste auf der Radioskala"},"content":{"rendered":"<p><a href=\"https:\/\/www.smartphonefan.de\/2020\/06\/03\/ukw-dx-in-kiel-viele-daenische-gaeste-auf-der-radioskala\/\" rel=\"noopener noreferrer\" target=\"_blank\">https:\/\/www.smartphonefan.de\/2020\/06\/03\/ukw-dx-in-kiel-viele-daenische-gaeste-auf-der-radioskala\/<\/a><\/p>\n","protected":false},"excerpt":{"rendered":"<p>https:\/\/www.smartphonefan.de\/2020\/06\/03\/ukw-dx-in-kiel-viele-daenische-gaeste-auf-der-radioskala\/<\/p>\n","protected":false},"author":1,"featured_media":0,"comment_status":"closed","ping_status":"open","sticky":false,"template":"","format":"standard","meta":{"_jetpack_memberships_contains_paid_content":false,"footnotes":"","jetpack_publicize_message":"","jetpack_publicize_feature_enabled":true,"jetpack_social_post_already_shared":true,"jetpack_social_options":{"image_generator_settings":{"template":"highway","default_image_id":0,"font":"","enabled":false},"version":2}},"categories":[1,14],"tags":[40,27],"class_list":["post-28938","post","type-post","status-publish","format-standard","hentry","category-deutsch","category-dx","tag-dx","tag-ukw"],"jetpack_publicize_connections":[],"jetpack_featured_media_url":"","jetpack_sharing_enabled":true,"jetpack_shortlink":"https:\/\/wp.me\/p5CDmr-7wK","jetpack-related-posts":[{"id":1302,"url":"https:\/\/www.achimbrueckner.de\/dxradio\/php\/wordpress\/?p=1302","url_meta":{"origin":28938,"position":0},"title":"4. DX-Tag Oldenburger KW-Freunde","author":"Administrator","date":"January 12, 2011","format":false,"excerpt":"Die Oldenburger KW-Freunde veranstalten am 22.01.11, von 9:30Uhr MEZ bis ..., den 4.DX-Tag im Vereinsheim des Post SV direkt an der Hunte. Das Motto diesmal nicht wie die letzten Male \"Stephans Pappradio\" oder \"UKW-DX mit Perseus\", sondern es wird ein \"Analog-DX-Tag\". Keine Digitalanzeige erlaubt. Anmeldungen per email: Karl-J.Conrads(at)t-online.de. Wir freuen\u2026","rel":"","context":"In &quot;camps&quot;","block_context":{"text":"camps","link":"https:\/\/www.achimbrueckner.de\/dxradio\/php\/wordpress\/?cat=5"},"img":{"alt_text":"","src":"","width":0,"height":0},"classes":[]},{"id":2257,"url":"https:\/\/www.achimbrueckner.de\/dxradio\/php\/wordpress\/?p=2257","url_meta":{"origin":28938,"position":1},"title":"UKW\/TV-Arbeitskreis: Stand auf der Ham Radio","author":"Administrator","date":"June 20, 2012","format":false,"excerpt":"Hallo Liste Der UKW\/TV-Arbeitskreis hat dieses Jahr nach l\u00e4ngerer Pause wieder einen Stand auf der Ham Radio. Wir sind in Halle A1, am Standplatz A1-546, direkt gegen\u00fcber der ADDX, anzutreffen. Neben der Vorstellung unseres Spezialgebiets, des \u00dcberreichweitenempfangs auf UKW und TV, bieten wir live UKW-Empf\u00e4ngervergleiche an in der Halle aufgebauten\u2026","rel":"","context":"In &quot;camps&quot;","block_context":{"text":"camps","link":"https:\/\/www.achimbrueckner.de\/dxradio\/php\/wordpress\/?cat=5"},"img":{"alt_text":"","src":"","width":0,"height":0},"classes":[]},{"id":5016,"url":"https:\/\/www.achimbrueckner.de\/dxradio\/php\/wordpress\/?p=5016","url_meta":{"origin":28938,"position":2},"title":"UKW\/TV-Arbeitskreis auf der HAMRADIO","author":"Administrator","date":"June 25, 2015","format":false,"excerpt":"Wir haben heute unseren Messestand aufgebaut, die neuen Publikationen sind rechtzeitig eingetroffen, die Flyer sind gefaltet - morgen fr\u00fch kann die Messe beginnen. Bilder: https:\/\/pbs.twimg.com\/media\/CIV3JqqWoAA0pZF.jpg https:\/\/pbs.twimg.com\/media\/CIVlzvdWEAAcanf.jpg https:\/\/twitter.com\/UKWTV\/status\/614008589796163584\/photo\/1 Folgende besondere Themen-Treffs gibt es an unserem Stand: Freitag 26.06. 16:00 Vorstellung des neuen Reuter-Empf\u00e4ngers durch Ralph Menn Samstag 27.06. 11:00 Udo Isaenko\u2026","rel":"","context":"In &quot;camps&quot;","block_context":{"text":"camps","link":"https:\/\/www.achimbrueckner.de\/dxradio\/php\/wordpress\/?cat=5"},"img":{"alt_text":"","src":"","width":0,"height":0},"classes":[]},{"id":267,"url":"https:\/\/www.achimbrueckner.de\/dxradio\/php\/wordpress\/?p=267","url_meta":{"origin":28938,"position":3},"title":"Radioskala","author":"Administrator","date":"February 18, 2007","format":false,"excerpt":"Immer interessante Beitr\u00e4ge aus der Welt der Medien gibt es im Blog Radioskala von Thomas Kamp DF5JL zu lesen. So erf\u00e4hrt man, da\u00df RTL Luxemburg seine englischen DRM-Sendungen auf 7295 Khz eingestellt hat. Au\u00dferdem wird berichtet, da\u00df die Deutsche Welle ab April 2007 voraussichtlich keine Kurzwellensendungen mehr von deutschen Boden\u2026","rel":"","context":"In &quot;links&quot;","block_context":{"text":"links","link":"https:\/\/www.achimbrueckner.de\/dxradio\/php\/wordpress\/?cat=7"},"img":{"alt_text":"","src":"","width":0,"height":0},"classes":[]},{"id":30255,"url":"https:\/\/www.achimbrueckner.de\/dxradio\/php\/wordpress\/?p=30255","url_meta":{"origin":28938,"position":4},"title":"\u00c4gypten, Israel, Nordzypern: UKW-DX auf Rhodos","author":"Administrator","date":"September 29, 2020","format":false,"excerpt":"https:\/\/www.smartphonefan.de\/2020\/09\/29\/aegypten-israel-nordzypern-ukw-dx-auf-rhodos\/","rel":"","context":"In &quot;Deutsch&quot;","block_context":{"text":"Deutsch","link":"https:\/\/www.achimbrueckner.de\/dxradio\/php\/wordpress\/?cat=1"},"img":{"alt_text":"","src":"","width":0,"height":0},"classes":[]},{"id":30836,"url":"https:\/\/www.achimbrueckner.de\/dxradio\/php\/wordpress\/?p=30836","url_meta":{"origin":28938,"position":5},"title":"UKW-DX: Teneriffa-Empfang auf Gran Canaria","author":"Administrator","date":"November 19, 2020","format":false,"excerpt":"https:\/\/www.smartphonefan.de\/2020\/11\/18\/ukw-dx-teneriffa-empfang-auf-gran-canaria\/","rel":"","context":"In &quot;Deutsch&quot;","block_context":{"text":"Deutsch","link":"https:\/\/www.achimbrueckner.de\/dxradio\/php\/wordpress\/?cat=1"},"img":{"alt_text":"","src":"","width":0,"height":0},"classes":[]}],"_links":{"self":[{"href":"https:\/\/www.achimbrueckner.de\/dxradio\/php\/wordpress\/index.php?rest_route=\/wp\/v2\/posts\/28938","targetHints":{"allow":["GET"]}}],"collection":[{"href":"https:\/\/www.achimbrueckner.de\/dxradio\/php\/wordpress\/index.php?rest_route=\/wp\/v2\/posts"}],"about":[{"href":"https:\/\/www.achimbrueckner.de\/dxradio\/php\/wordpress\/index.php?rest_route=\/wp\/v2\/types\/post"}],"author":[{"embeddable":true,"href":"https:\/\/www.achimbrueckner.de\/dxradio\/php\/wordpress\/index.php?rest_route=\/wp\/v2\/users\/1"}],"replies":[{"embeddable":true,"href":"https:\/\/www.achimbrueckner.de\/dxradio\/php\/wordpress\/index.php?rest_route=%2Fwp%2Fv2%2Fcomments&post=28938"}],"version-history":[{"count":0,"href":"https:\/\/www.achimbrueckner.de\/dxradio\/php\/wordpress\/index.php?rest_route=\/wp\/v2\/posts\/28938\/revisions"}],"wp:attachment":[{"href":"https:\/\/www.achimbrueckner.de\/dxradio\/php\/wordpress\/index.php?rest_route=%2Fwp%2Fv2%2Fmedia&parent=28938"}],"wp:term":[{"taxonomy":"category","embeddable":true,"href":"https:\/\/www.achimbrueckner.de\/dxradio\/php\/wordpress\/index.php?rest_route=%2Fwp%2Fv2%2Fcategories&post=28938"},{"taxonomy":"post_tag","embeddable":true,"href":"https:\/\/www.achimbrueckner.de\/dxradio\/php\/wordpress\/index.php?rest_route=%2Fwp%2Fv2%2Ftags&post=28938"}],"curies":[{"name":"wp","href":"https:\/\/api.w.org\/{rel}","templated":true}]}}