{"id":28959,"date":"2020-06-04T16:12:44","date_gmt":"2020-06-04T16:12:44","guid":{"rendered":"https:\/\/www.achimbrueckner.de\/dxradio\/php\/wordpress\/?p=28959"},"modified":"2020-06-04T16:12:44","modified_gmt":"2020-06-04T16:12:44","slug":"aufgrund-der-hohen-nachfrage-lowen-radio-erhoht-die-kapazitat","status":"publish","type":"post","link":"https:\/\/www.achimbrueckner.de\/dxradio\/php\/wordpress\/?p=28959","title":{"rendered":"Aufgrund der hohen Nachfrage: L\u00f6wen-Radio erh\u00f6ht die Kapazit\u00e4t"},"content":{"rendered":"<p><a href=\"https:\/\/loewenmagazin.de\/aufgrund-der-hohen-nachfrage-loewen-radio-erhoeht-die-kapazitaet\/\" rel=\"noopener noreferrer\" target=\"_blank\">https:\/\/loewenmagazin.de\/aufgrund-der-hohen-nachfrage-loewen-radio-erhoeht-die-kapazitaet\/<\/a><\/p>\n","protected":false},"excerpt":{"rendered":"<p>https:\/\/loewenmagazin.de\/aufgrund-der-hohen-nachfrage-loewen-radio-erhoeht-die-kapazitaet\/<\/p>\n","protected":false},"author":1,"featured_media":0,"comment_status":"closed","ping_status":"open","sticky":false,"template":"","format":"standard","meta":{"_jetpack_memberships_contains_paid_content":false,"footnotes":"","jetpack_publicize_message":"","jetpack_publicize_feature_enabled":true,"jetpack_social_post_already_shared":true,"jetpack_social_options":{"image_generator_settings":{"template":"highway","default_image_id":0,"font":"","enabled":false},"version":2}},"categories":[1],"tags":[],"class_list":["post-28959","post","type-post","status-publish","format-standard","hentry","category-deutsch"],"jetpack_publicize_connections":[],"jetpack_featured_media_url":"","jetpack_sharing_enabled":true,"jetpack_shortlink":"https:\/\/wp.me\/p5CDmr-7x5","jetpack-related-posts":[{"id":4481,"url":"https:\/\/www.achimbrueckner.de\/dxradio\/php\/wordpress\/?p=4481","url_meta":{"origin":28959,"position":0},"title":"DX Wochenende Schw\u00e4bische Alb Herbst 2015","author":"Administrator","date":"April 28, 2015","format":false,"excerpt":"Ein DX-Wochenende am Nordrand der Schw\u00e4bischen Alb auf dem 869 Meter hohen Ro\u00dfberg nahe Reutlingen\/T\u00fcbingen. Von dort hat man schon alleine eine fantastische Sicht: Schwarzwald, Fildern, Sch\u00f6nbuch, Schw\u00e4bischer Wald und bei guter Sicht die Alpen. Mehrere Gro\u00dfsenderstandorte sind mit dem blo\u00dfen Auge auszumachen, vom Stuttgarter Fernsehturm \u00fcber die Hornisgrinde, den\u2026","rel":"","context":"In &quot;camps&quot;","block_context":{"text":"camps","link":"https:\/\/www.achimbrueckner.de\/dxradio\/php\/wordpress\/?cat=5"},"img":{"alt_text":"","src":"","width":0,"height":0},"classes":[]},{"id":34612,"url":"https:\/\/www.achimbrueckner.de\/dxradio\/php\/wordpress\/?p=34612","url_meta":{"origin":28959,"position":1},"title":"Nachfrage nach Digitalradios steigt","author":"Administrator","date":"February 11, 2022","format":false,"excerpt":"https:\/\/www.infosat.de\/radio\/nachfrage-nach-digitalradios-steigt","rel":"","context":"In &quot;Deutsch&quot;","block_context":{"text":"Deutsch","link":"https:\/\/www.achimbrueckner.de\/dxradio\/php\/wordpress\/?cat=1"},"img":{"alt_text":"","src":"","width":0,"height":0},"classes":[]},{"id":31556,"url":"https:\/\/www.achimbrueckner.de\/dxradio\/php\/wordpress\/?p=31556","url_meta":{"origin":28959,"position":2},"title":"All India Radio QSL-karten","author":"Administrator","date":"January 8, 2021","format":false,"excerpt":"All India Radio hat damit begonnen, QSL-Karten von alten Berichten freizugeben, die aufgrund von Covid-19-Problemen in der Schwebe gehalten wurden. Heute bekam ich 2 QSLs per Post f\u00fcr meine alten Berichte vom Director, Spectrum Manager & Synergy, AIR Directorate General, New Delhi. Ich hoffe, dass andere auch bald Antworten bekommen\u2026","rel":"","context":"In &quot;Deutsch&quot;","block_context":{"text":"Deutsch","link":"https:\/\/www.achimbrueckner.de\/dxradio\/php\/wordpress\/?cat=1"},"img":{"alt_text":"","src":"","width":0,"height":0},"classes":[]},{"id":7025,"url":"https:\/\/www.achimbrueckner.de\/dxradio\/php\/wordpress\/?p=7025","url_meta":{"origin":28959,"position":3},"title":"Die Schallplatte kehrt zur\u00fcck &#8211; Nachfrage steigt rasant","author":"Administrator","date":"December 23, 2015","format":false,"excerpt":"http:\/\/www.sz-online.de\/ratgeber\/die-schallplatte-kehrt-zurueck-nachfrage-steigt-rasant-3282014.html","rel":"","context":"In &quot;Deutsch&quot;","block_context":{"text":"Deutsch","link":"https:\/\/www.achimbrueckner.de\/dxradio\/php\/wordpress\/?cat=1"},"img":{"alt_text":"","src":"","width":0,"height":0},"classes":[]},{"id":35134,"url":"https:\/\/www.achimbrueckner.de\/dxradio\/php\/wordpress\/?p=35134","url_meta":{"origin":28959,"position":4},"title":"Wieder QSL-Karten von der ORF Kurzwelle!","author":"Administrator","date":"March 12, 2022","format":false,"excerpt":"Wieder QSL-Karten von der ORF Kurzwelle! Vor dem Hintergrund des Krieges in der Ukraine weitet der ORF sein Informationsangebot via Radio-Kurzwelle aus. Ab sofort bietet der ORF, zus\u00e4tzlich zum \u201e\u00d61 Morgenjournal\u201c (6155 kHz, 7.00 Uhr MEZ, Mo\u2013Sa), t\u00e4glich auch das \u201e\u00d61 Mittagsjournal\u201c (13730 kHz, 12.00 Uhr MEZ, Mo\u2013Sa,) und das\u2026","rel":"","context":"In &quot;Deutsch&quot;","block_context":{"text":"Deutsch","link":"https:\/\/www.achimbrueckner.de\/dxradio\/php\/wordpress\/?cat=1"},"img":{"alt_text":"","src":"","width":0,"height":0},"classes":[]},{"id":22835,"url":"https:\/\/www.achimbrueckner.de\/dxradio\/php\/wordpress\/?p=22835","url_meta":{"origin":28959,"position":5},"title":"Vom NDR bis extra radio: DAB+ auf dem Hohen Lohr","author":"Administrator","date":"April 22, 2019","format":false,"excerpt":"https:\/\/www.smartphonefan.de\/2019\/04\/21\/vom-ndr-bis-extra-radio-dab-auf-dem-hohen-lohr\/","rel":"","context":"In &quot;Deutsch&quot;","block_context":{"text":"Deutsch","link":"https:\/\/www.achimbrueckner.de\/dxradio\/php\/wordpress\/?cat=1"},"img":{"alt_text":"","src":"","width":0,"height":0},"classes":[]}],"_links":{"self":[{"href":"https:\/\/www.achimbrueckner.de\/dxradio\/php\/wordpress\/index.php?rest_route=\/wp\/v2\/posts\/28959","targetHints":{"allow":["GET"]}}],"collection":[{"href":"https:\/\/www.achimbrueckner.de\/dxradio\/php\/wordpress\/index.php?rest_route=\/wp\/v2\/posts"}],"about":[{"href":"https:\/\/www.achimbrueckner.de\/dxradio\/php\/wordpress\/index.php?rest_route=\/wp\/v2\/types\/post"}],"author":[{"embeddable":true,"href":"https:\/\/www.achimbrueckner.de\/dxradio\/php\/wordpress\/index.php?rest_route=\/wp\/v2\/users\/1"}],"replies":[{"embeddable":true,"href":"https:\/\/www.achimbrueckner.de\/dxradio\/php\/wordpress\/index.php?rest_route=%2Fwp%2Fv2%2Fcomments&post=28959"}],"version-history":[{"count":0,"href":"https:\/\/www.achimbrueckner.de\/dxradio\/php\/wordpress\/index.php?rest_route=\/wp\/v2\/posts\/28959\/revisions"}],"wp:attachment":[{"href":"https:\/\/www.achimbrueckner.de\/dxradio\/php\/wordpress\/index.php?rest_route=%2Fwp%2Fv2%2Fmedia&parent=28959"}],"wp:term":[{"taxonomy":"category","embeddable":true,"href":"https:\/\/www.achimbrueckner.de\/dxradio\/php\/wordpress\/index.php?rest_route=%2Fwp%2Fv2%2Fcategories&post=28959"},{"taxonomy":"post_tag","embeddable":true,"href":"https:\/\/www.achimbrueckner.de\/dxradio\/php\/wordpress\/index.php?rest_route=%2Fwp%2Fv2%2Ftags&post=28959"}],"curies":[{"name":"wp","href":"https:\/\/api.w.org\/{rel}","templated":true}]}}