{"id":28961,"date":"2020-06-04T16:19:27","date_gmt":"2020-06-04T16:19:27","guid":{"rendered":"https:\/\/www.achimbrueckner.de\/dxradio\/php\/wordpress\/?p=28961"},"modified":"2020-06-04T16:19:27","modified_gmt":"2020-06-04T16:19:27","slug":"bildung-auf-social-media-youtube-und-co-machen-schule","status":"publish","type":"post","link":"https:\/\/www.achimbrueckner.de\/dxradio\/php\/wordpress\/?p=28961","title":{"rendered":"Bildung auf Social Media: Youtube und Co. machen Schule"},"content":{"rendered":"<p><a href=\"https:\/\/www.rnd.de\/digital\/bildung-auf-social-media-youtube-und-co-machen-schule-PWIF5E4A4ZDYPBGXFXEAQRJ3FM.html\" rel=\"noopener noreferrer\" target=\"_blank\">https:\/\/www.rnd.de\/digital\/bildung-auf-social-media-youtube-und-co-machen-schule-PWIF5E4A4ZDYPBGXFXEAQRJ3FM.html<\/a><\/p>\n","protected":false},"excerpt":{"rendered":"<p>https:\/\/www.rnd.de\/digital\/bildung-auf-social-media-youtube-und-co-machen-schule-PWIF5E4A4ZDYPBGXFXEAQRJ3FM.html<\/p>\n","protected":false},"author":1,"featured_media":0,"comment_status":"closed","ping_status":"open","sticky":false,"template":"","format":"standard","meta":{"_jetpack_memberships_contains_paid_content":false,"footnotes":"","jetpack_publicize_message":"","jetpack_publicize_feature_enabled":true,"jetpack_social_post_already_shared":true,"jetpack_social_options":{"image_generator_settings":{"template":"highway","default_image_id":0,"font":"","enabled":false},"version":2}},"categories":[1,17],"tags":[28,46],"class_list":["post-28961","post","type-post","status-publish","format-standard","hentry","category-deutsch","category-media","tag-fm","tag-media"],"jetpack_publicize_connections":[],"jetpack_featured_media_url":"","jetpack_sharing_enabled":true,"jetpack_shortlink":"https:\/\/wp.me\/p5CDmr-7x7","jetpack-related-posts":[{"id":17479,"url":"https:\/\/www.achimbrueckner.de\/dxradio\/php\/wordpress\/?p=17479","url_meta":{"origin":28961,"position":0},"title":"Der Krieg in den K\u00f6pfen","author":"Administrator","date":"April 24, 2018","format":false,"excerpt":"https:\/\/www.wienerzeitung.at\/themen_channel\/bildung\/schule\/960608_Der-Krieg-in-den-Koepfen.html","rel":"","context":"In &quot;Deutsch&quot;","block_context":{"text":"Deutsch","link":"https:\/\/www.achimbrueckner.de\/dxradio\/php\/wordpress\/?cat=1"},"img":{"alt_text":"","src":"","width":0,"height":0},"classes":[]},{"id":23845,"url":"https:\/\/www.achimbrueckner.de\/dxradio\/php\/wordpress\/?p=23845","url_meta":{"origin":28961,"position":1},"title":"Sch\u00fcler machen Radio \u2013 Medienprojekt an Francke-Schule","author":"Administrator","date":"July 17, 2019","format":false,"excerpt":"http:\/\/www.giessener-zeitung.de\/giessen\/beitrag\/129809\/schueler-machen-radio-medienprojekt-an-francke-schule\/","rel":"","context":"In &quot;Deutsch&quot;","block_context":{"text":"Deutsch","link":"https:\/\/www.achimbrueckner.de\/dxradio\/php\/wordpress\/?cat=1"},"img":{"alt_text":"","src":"","width":0,"height":0},"classes":[]},{"id":17028,"url":"https:\/\/www.achimbrueckner.de\/dxradio\/php\/wordpress\/?p=17028","url_meta":{"origin":28961,"position":2},"title":"F\u00fcnftkl\u00e4ssler der Friedrich-Fr\u00f6bel-Schule machen Radio","author":"Administrator","date":"March 22, 2018","format":false,"excerpt":"https:\/\/www.op-online.de\/region\/neu-isenburg\/klingt-schule-fuenftklaessler-machen-radio-9714859.html","rel":"","context":"In &quot;Deutsch&quot;","block_context":{"text":"Deutsch","link":"https:\/\/www.achimbrueckner.de\/dxradio\/php\/wordpress\/?cat=1"},"img":{"alt_text":"","src":"","width":0,"height":0},"classes":[]},{"id":30630,"url":"https:\/\/www.achimbrueckner.de\/dxradio\/php\/wordpress\/?p=30630","url_meta":{"origin":28961,"position":3},"title":"BR Retro Die Schule f\u00fcr Rundfunktechnik in N\u00fcrnberg","author":"Administrator","date":"October 28, 2020","format":false,"excerpt":"https:\/\/www.br.de\/mediathek\/video\/br-retro-die-schule-fuer-rundfunktechnik-in-nuernberg-av:5f94abafd8cca1001a503492","rel":"","context":"In &quot;Deutsch&quot;","block_context":{"text":"Deutsch","link":"https:\/\/www.achimbrueckner.de\/dxradio\/php\/wordpress\/?cat=1"},"img":{"alt_text":"","src":"","width":0,"height":0},"classes":[]},{"id":12483,"url":"https:\/\/www.achimbrueckner.de\/dxradio\/php\/wordpress\/?p=12483","url_meta":{"origin":28961,"position":4},"title":"Jader Neuntkl\u00e4ssler machen Radio","author":"Administrator","date":"March 11, 2017","format":false,"excerpt":"http:\/\/www.nwzonline.de\/wesermarsch\/bildung\/jader-neuntklaessler-machen-radio_a_31,2,2206631491.html","rel":"","context":"In &quot;Deutsch&quot;","block_context":{"text":"Deutsch","link":"https:\/\/www.achimbrueckner.de\/dxradio\/php\/wordpress\/?cat=1"},"img":{"alt_text":"","src":"","width":0,"height":0},"classes":[]},{"id":16413,"url":"https:\/\/www.achimbrueckner.de\/dxradio\/php\/wordpress\/?p=16413","url_meta":{"origin":28961,"position":5},"title":"Jugendliche machen sich fit f\u00fcr Medien","author":"Administrator","date":"February 7, 2018","format":false,"excerpt":"https:\/\/www.nwzonline.de\/friesland\/bildung\/varel-projekt-jugendliche-machen-sich-fit-fuer-medien_a_50,0,3135575183.html","rel":"","context":"In &quot;Deutsch&quot;","block_context":{"text":"Deutsch","link":"https:\/\/www.achimbrueckner.de\/dxradio\/php\/wordpress\/?cat=1"},"img":{"alt_text":"","src":"","width":0,"height":0},"classes":[]}],"_links":{"self":[{"href":"https:\/\/www.achimbrueckner.de\/dxradio\/php\/wordpress\/index.php?rest_route=\/wp\/v2\/posts\/28961","targetHints":{"allow":["GET"]}}],"collection":[{"href":"https:\/\/www.achimbrueckner.de\/dxradio\/php\/wordpress\/index.php?rest_route=\/wp\/v2\/posts"}],"about":[{"href":"https:\/\/www.achimbrueckner.de\/dxradio\/php\/wordpress\/index.php?rest_route=\/wp\/v2\/types\/post"}],"author":[{"embeddable":true,"href":"https:\/\/www.achimbrueckner.de\/dxradio\/php\/wordpress\/index.php?rest_route=\/wp\/v2\/users\/1"}],"replies":[{"embeddable":true,"href":"https:\/\/www.achimbrueckner.de\/dxradio\/php\/wordpress\/index.php?rest_route=%2Fwp%2Fv2%2Fcomments&post=28961"}],"version-history":[{"count":0,"href":"https:\/\/www.achimbrueckner.de\/dxradio\/php\/wordpress\/index.php?rest_route=\/wp\/v2\/posts\/28961\/revisions"}],"wp:attachment":[{"href":"https:\/\/www.achimbrueckner.de\/dxradio\/php\/wordpress\/index.php?rest_route=%2Fwp%2Fv2%2Fmedia&parent=28961"}],"wp:term":[{"taxonomy":"category","embeddable":true,"href":"https:\/\/www.achimbrueckner.de\/dxradio\/php\/wordpress\/index.php?rest_route=%2Fwp%2Fv2%2Fcategories&post=28961"},{"taxonomy":"post_tag","embeddable":true,"href":"https:\/\/www.achimbrueckner.de\/dxradio\/php\/wordpress\/index.php?rest_route=%2Fwp%2Fv2%2Ftags&post=28961"}],"curies":[{"name":"wp","href":"https:\/\/api.w.org\/{rel}","templated":true}]}}