{"id":28962,"date":"2020-06-04T16:20:18","date_gmt":"2020-06-04T16:20:18","guid":{"rendered":"https:\/\/www.achimbrueckner.de\/dxradio\/php\/wordpress\/?p=28962"},"modified":"2020-06-04T16:20:18","modified_gmt":"2020-06-04T16:20:18","slug":"das-radio-hat-noch-langst-nicht-ausgedient","status":"publish","type":"post","link":"https:\/\/www.achimbrueckner.de\/dxradio\/php\/wordpress\/?p=28962","title":{"rendered":"Das Radio hat noch l\u00e4ngst nicht ausgedient"},"content":{"rendered":"<p><a href=\"https:\/\/adz.ro\/artikel\/artikel\/das-radio-hat-noch-laengst-nicht-ausgedient\" rel=\"noopener noreferrer\" target=\"_blank\">https:\/\/adz.ro\/artikel\/artikel\/das-radio-hat-noch-laengst-nicht-ausgedient<\/a><\/p>\n","protected":false},"excerpt":{"rendered":"<p>https:\/\/adz.ro\/artikel\/artikel\/das-radio-hat-noch-laengst-nicht-ausgedient<\/p>\n","protected":false},"author":1,"featured_media":0,"comment_status":"closed","ping_status":"open","sticky":false,"template":"","format":"standard","meta":{"_jetpack_memberships_contains_paid_content":false,"footnotes":"","jetpack_publicize_message":"","jetpack_publicize_feature_enabled":true,"jetpack_social_post_already_shared":true,"jetpack_social_options":{"image_generator_settings":{"template":"highway","default_image_id":0,"font":"","enabled":false},"version":2}},"categories":[1],"tags":[],"class_list":["post-28962","post","type-post","status-publish","format-standard","hentry","category-deutsch"],"jetpack_publicize_connections":[],"jetpack_featured_media_url":"","jetpack_sharing_enabled":true,"jetpack_shortlink":"https:\/\/wp.me\/p5CDmr-7x8","jetpack-related-posts":[{"id":17970,"url":"https:\/\/www.achimbrueckner.de\/dxradio\/php\/wordpress\/?p=17970","url_meta":{"origin":28962,"position":0},"title":"Musikstreams auf YouTube Hat das traditionelle Radio ausgedient?","author":"Administrator","date":"May 29, 2018","format":false,"excerpt":"http:\/\/www.deutschlandfunk.de\/musikstreams-auf-youtube-hat-das-traditionelle-radio.807.de.html?dram:article_id=418975","rel":"","context":"In &quot;Deutsch&quot;","block_context":{"text":"Deutsch","link":"https:\/\/www.achimbrueckner.de\/dxradio\/php\/wordpress\/?cat=1"},"img":{"alt_text":"","src":"","width":0,"height":0},"classes":[]},{"id":26324,"url":"https:\/\/www.achimbrueckner.de\/dxradio\/php\/wordpress\/?p=26324","url_meta":{"origin":28962,"position":1},"title":"Streaming: Hat das lineare Fernsehen ausgedient?","author":"Administrator","date":"December 23, 2019","format":false,"excerpt":"https:\/\/www.hr-inforadio.de\/podcast\/aktuell\/streaming-hat-das-lineare-fernsehen-ausgedient,podcast-episode-62320.html","rel":"","context":"In &quot;Deutsch&quot;","block_context":{"text":"Deutsch","link":"https:\/\/www.achimbrueckner.de\/dxradio\/php\/wordpress\/?cat=1"},"img":{"alt_text":"","src":"","width":0,"height":0},"classes":[]},{"id":39628,"url":"https:\/\/www.achimbrueckner.de\/dxradio\/php\/wordpress\/?p=39628","url_meta":{"origin":28962,"position":2},"title":"Gleiche Wellenl\u00e4nge: Deshalb haben Radios immer mehr ausgedient Radios auf dem Abstellgleis: Auch E-Autos sind schuld","author":"Administrator","date":"June 9, 2023","format":false,"excerpt":"https:\/\/www.autobild.de\/artikel\/gleiche-wellenlaenge-deshalb-haben-radios-immer-mehr-ausgedient-22765685.html","rel":"","context":"In &quot;Deutsch&quot;","block_context":{"text":"Deutsch","link":"https:\/\/www.achimbrueckner.de\/dxradio\/php\/wordpress\/?cat=1"},"img":{"alt_text":"","src":"","width":0,"height":0},"classes":[]},{"id":37897,"url":"https:\/\/www.achimbrueckner.de\/dxradio\/php\/wordpress\/?p=37897","url_meta":{"origin":28962,"position":3},"title":"RFE Ausstellung Stadtmuseum M\u00fcnchen","author":"Administrator","date":"November 10, 2022","format":false,"excerpt":"Hatte nun die Gelegenheit, im Stadtmuseum M\u00fcnchen die Ausstellung \u00fcber RFE anzusehen. F\u00fcr jemanden der dort viele Jahre gearbeitet hat, ist das aber eher eine Entt\u00e4uschung. Obwohl das nat\u00fcrlich nur ein Baustein innerhalb eines Projekts \u00fcber Migranten in M\u00fcnchen ist, h\u00e4tte man spannendere Geschichten finden k\u00f6nnen. Warum ausgerechnet die Witwe\u2026","rel":"","context":"In &quot;Deutsch&quot;","block_context":{"text":"Deutsch","link":"https:\/\/www.achimbrueckner.de\/dxradio\/php\/wordpress\/?cat=1"},"img":{"alt_text":"","src":"","width":0,"height":0},"classes":[]},{"id":8869,"url":"https:\/\/www.achimbrueckner.de\/dxradio\/php\/wordpress\/?p=8869","url_meta":{"origin":28962,"position":4},"title":"DARC WebSDR in Betrieb","author":"Administrator","date":"July 18, 2016","format":false,"excerpt":"wie vielleicht bekannt, plant der DARC schon seit l\u00e4ngerem ein WebSDR Netz in Deutschland aufzubauen. Dazu sollen an 15 ausgew\u00e4hlten Standorten in Deutschland solche WebSDR Stationen in Betrieb gehen. Das hierf\u00fcr notwendige Hardwareequipment mit der sinnigen Bezeichung \"R2T2\" wurde auf der diesj\u00e4hrigen HAM-Radio den ausgew\u00e4hlten OV\u00b4s ausgeh\u00e4ndigt. N\u00e4hre Infos zu\u2026","rel":"","context":"In &quot;Deutsch&quot;","block_context":{"text":"Deutsch","link":"https:\/\/www.achimbrueckner.de\/dxradio\/php\/wordpress\/?cat=1"},"img":{"alt_text":"","src":"","width":0,"height":0},"classes":[]},{"id":11240,"url":"https:\/\/www.achimbrueckner.de\/dxradio\/php\/wordpress\/?p=11240","url_meta":{"origin":28962,"position":5},"title":"Ist Radio noch cool? Das sagen Deutschlands Top-Musiker","author":"Administrator","date":"December 3, 2016","format":false,"excerpt":"http:\/\/orange.handelsblatt.com\/artikel\/17843","rel":"","context":"In &quot;Deutsch&quot;","block_context":{"text":"Deutsch","link":"https:\/\/www.achimbrueckner.de\/dxradio\/php\/wordpress\/?cat=1"},"img":{"alt_text":"","src":"","width":0,"height":0},"classes":[]}],"_links":{"self":[{"href":"https:\/\/www.achimbrueckner.de\/dxradio\/php\/wordpress\/index.php?rest_route=\/wp\/v2\/posts\/28962","targetHints":{"allow":["GET"]}}],"collection":[{"href":"https:\/\/www.achimbrueckner.de\/dxradio\/php\/wordpress\/index.php?rest_route=\/wp\/v2\/posts"}],"about":[{"href":"https:\/\/www.achimbrueckner.de\/dxradio\/php\/wordpress\/index.php?rest_route=\/wp\/v2\/types\/post"}],"author":[{"embeddable":true,"href":"https:\/\/www.achimbrueckner.de\/dxradio\/php\/wordpress\/index.php?rest_route=\/wp\/v2\/users\/1"}],"replies":[{"embeddable":true,"href":"https:\/\/www.achimbrueckner.de\/dxradio\/php\/wordpress\/index.php?rest_route=%2Fwp%2Fv2%2Fcomments&post=28962"}],"version-history":[{"count":0,"href":"https:\/\/www.achimbrueckner.de\/dxradio\/php\/wordpress\/index.php?rest_route=\/wp\/v2\/posts\/28962\/revisions"}],"wp:attachment":[{"href":"https:\/\/www.achimbrueckner.de\/dxradio\/php\/wordpress\/index.php?rest_route=%2Fwp%2Fv2%2Fmedia&parent=28962"}],"wp:term":[{"taxonomy":"category","embeddable":true,"href":"https:\/\/www.achimbrueckner.de\/dxradio\/php\/wordpress\/index.php?rest_route=%2Fwp%2Fv2%2Fcategories&post=28962"},{"taxonomy":"post_tag","embeddable":true,"href":"https:\/\/www.achimbrueckner.de\/dxradio\/php\/wordpress\/index.php?rest_route=%2Fwp%2Fv2%2Ftags&post=28962"}],"curies":[{"name":"wp","href":"https:\/\/api.w.org\/{rel}","templated":true}]}}