{"id":28972,"date":"2020-06-05T15:01:23","date_gmt":"2020-06-05T15:01:23","guid":{"rendered":"https:\/\/www.achimbrueckner.de\/dxradio\/php\/wordpress\/?p=28972"},"modified":"2020-06-05T15:01:23","modified_gmt":"2020-06-05T15:01:23","slug":"landeshilfen-thuringer-landtag-bringt-corona-forderung-fur-medien-auf-den-weg","status":"publish","type":"post","link":"https:\/\/www.achimbrueckner.de\/dxradio\/php\/wordpress\/?p=28972","title":{"rendered":"Landeshilfen: Th\u00fcringer Landtag bringt Corona-F\u00f6rderung f\u00fcr Medien auf den Weg"},"content":{"rendered":"<p><a href=\"http:\/\/www.radiowoche.de\/landeshilfen-thueringer-landtag-bringt-corona-foerderung-fuer-medien-auf-den-weg\/\" rel=\"noopener noreferrer\" target=\"_blank\">http:\/\/www.radiowoche.de\/landeshilfen-thueringer-landtag-bringt-corona-foerderung-fuer-medien-auf-den-weg\/<\/a><\/p>\n","protected":false},"excerpt":{"rendered":"<p>http:\/\/www.radiowoche.de\/landeshilfen-thueringer-landtag-bringt-corona-foerderung-fuer-medien-auf-den-weg\/<\/p>\n","protected":false},"author":1,"featured_media":0,"comment_status":"closed","ping_status":"open","sticky":false,"template":"","format":"standard","meta":{"_jetpack_memberships_contains_paid_content":false,"footnotes":"","jetpack_publicize_message":"","jetpack_publicize_feature_enabled":true,"jetpack_social_post_already_shared":true,"jetpack_social_options":{"image_generator_settings":{"template":"highway","default_image_id":0,"font":"","enabled":false},"version":2}},"categories":[1,15],"tags":[45],"class_list":["post-28972","post","type-post","status-publish","format-standard","hentry","category-deutsch","category-medien","tag-medien"],"jetpack_publicize_connections":[],"jetpack_featured_media_url":"","jetpack_sharing_enabled":true,"jetpack_shortlink":"https:\/\/wp.me\/p5CDmr-7xi","jetpack-related-posts":[{"id":27953,"url":"https:\/\/www.achimbrueckner.de\/dxradio\/php\/wordpress\/?p=27953","url_meta":{"origin":28972,"position":0},"title":"Landtag beschlie\u00dft \u00c4nderungen im Medienrecht","author":"Administrator","date":"April 2, 2020","format":false,"excerpt":"https:\/\/www1.wdr.de\/nachrichten\/landespolitik\/landtag-rundfunkaenderungsstaatsvertrag-100.html","rel":"","context":"In &quot;Deutsch&quot;","block_context":{"text":"Deutsch","link":"https:\/\/www.achimbrueckner.de\/dxradio\/php\/wordpress\/?cat=1"},"img":{"alt_text":"","src":"","width":0,"height":0},"classes":[]},{"id":26955,"url":"https:\/\/www.achimbrueckner.de\/dxradio\/php\/wordpress\/?p=26955","url_meta":{"origin":28972,"position":1},"title":"Geplanter Verkauf der Mitteldeutschen Zeitung: Landtag in Sorge um Medienvielfalt","author":"Administrator","date":"February 1, 2020","format":false,"excerpt":"https:\/\/www.jumpradio.de\/nachrichten\/landtag-debatte-medienvielfalt-nach-verkauf-mitteldeutsche-zeitung-bauer-100_zc-900c92a7_zs-e5ef66bf.html","rel":"","context":"In &quot;Deutsch&quot;","block_context":{"text":"Deutsch","link":"https:\/\/www.achimbrueckner.de\/dxradio\/php\/wordpress\/?cat=1"},"img":{"alt_text":"","src":"","width":0,"height":0},"classes":[]},{"id":25034,"url":"https:\/\/www.achimbrueckner.de\/dxradio\/php\/wordpress\/?p=25034","url_meta":{"origin":28972,"position":2},"title":"Landtag vor Entscheidung zur Medienvielfalt &#8211; Appell der Sender","author":"Administrator","date":"September 29, 2019","format":false,"excerpt":"https:\/\/www.rtf1.de\/news.php?id=23660","rel":"","context":"In &quot;Deutsch&quot;","block_context":{"text":"Deutsch","link":"https:\/\/www.achimbrueckner.de\/dxradio\/php\/wordpress\/?cat=1"},"img":{"alt_text":"","src":"","width":0,"height":0},"classes":[]},{"id":26428,"url":"https:\/\/www.achimbrueckner.de\/dxradio\/php\/wordpress\/?p=26428","url_meta":{"origin":28972,"position":3},"title":"B\u00f6hmermann, Picard, Masked Singer: Was 2020 in den Medien bringt","author":"Administrator","date":"December 28, 2019","format":false,"excerpt":"https:\/\/www.derstandard.de\/story\/2000112706513\/boehmermann-picard-masked-singer-was-2020-in-den-medien-bringt","rel":"","context":"In &quot;Deutsch&quot;","block_context":{"text":"Deutsch","link":"https:\/\/www.achimbrueckner.de\/dxradio\/php\/wordpress\/?cat=1"},"img":{"alt_text":"","src":"","width":0,"height":0},"classes":[]},{"id":11181,"url":"https:\/\/www.achimbrueckner.de\/dxradio\/php\/wordpress\/?p=11181","url_meta":{"origin":28972,"position":4},"title":"Die Kinderradionacht bringt Gro\u00df und Klein um den Schlaf","author":"Administrator","date":"November 29, 2016","format":false,"excerpt":"http:\/\/www.abendblatt.de\/kultur-live\/tv-und-medien\/article208786837\/Die-Kinderradionacht-bringt-Gross-und-Klein-um-den-Schlaf.html","rel":"","context":"In &quot;Deutsch&quot;","block_context":{"text":"Deutsch","link":"https:\/\/www.achimbrueckner.de\/dxradio\/php\/wordpress\/?cat=1"},"img":{"alt_text":"","src":"","width":0,"height":0},"classes":[]},{"id":27722,"url":"https:\/\/www.achimbrueckner.de\/dxradio\/php\/wordpress\/?p=27722","url_meta":{"origin":28972,"position":5},"title":"Auf Dauersendung trotz Corona: Wie meistern Radio- und Fernsehsender den Ausnahmezustand?","author":"Administrator","date":"March 23, 2020","format":false,"excerpt":"https:\/\/www.rnd.de\/medien\/auf-dauersendung-trotz-corona-wie-meistern-radio-und-fernsehsender-den-ausnahmezustand-G2TNWKLYDNC4FOTZZJNK5RMXPA.html","rel":"","context":"In &quot;Deutsch&quot;","block_context":{"text":"Deutsch","link":"https:\/\/www.achimbrueckner.de\/dxradio\/php\/wordpress\/?cat=1"},"img":{"alt_text":"","src":"","width":0,"height":0},"classes":[]}],"_links":{"self":[{"href":"https:\/\/www.achimbrueckner.de\/dxradio\/php\/wordpress\/index.php?rest_route=\/wp\/v2\/posts\/28972","targetHints":{"allow":["GET"]}}],"collection":[{"href":"https:\/\/www.achimbrueckner.de\/dxradio\/php\/wordpress\/index.php?rest_route=\/wp\/v2\/posts"}],"about":[{"href":"https:\/\/www.achimbrueckner.de\/dxradio\/php\/wordpress\/index.php?rest_route=\/wp\/v2\/types\/post"}],"author":[{"embeddable":true,"href":"https:\/\/www.achimbrueckner.de\/dxradio\/php\/wordpress\/index.php?rest_route=\/wp\/v2\/users\/1"}],"replies":[{"embeddable":true,"href":"https:\/\/www.achimbrueckner.de\/dxradio\/php\/wordpress\/index.php?rest_route=%2Fwp%2Fv2%2Fcomments&post=28972"}],"version-history":[{"count":0,"href":"https:\/\/www.achimbrueckner.de\/dxradio\/php\/wordpress\/index.php?rest_route=\/wp\/v2\/posts\/28972\/revisions"}],"wp:attachment":[{"href":"https:\/\/www.achimbrueckner.de\/dxradio\/php\/wordpress\/index.php?rest_route=%2Fwp%2Fv2%2Fmedia&parent=28972"}],"wp:term":[{"taxonomy":"category","embeddable":true,"href":"https:\/\/www.achimbrueckner.de\/dxradio\/php\/wordpress\/index.php?rest_route=%2Fwp%2Fv2%2Fcategories&post=28972"},{"taxonomy":"post_tag","embeddable":true,"href":"https:\/\/www.achimbrueckner.de\/dxradio\/php\/wordpress\/index.php?rest_route=%2Fwp%2Fv2%2Ftags&post=28972"}],"curies":[{"name":"wp","href":"https:\/\/api.w.org\/{rel}","templated":true}]}}