{"id":28973,"date":"2020-06-05T15:02:55","date_gmt":"2020-06-05T15:02:55","guid":{"rendered":"https:\/\/www.achimbrueckner.de\/dxradio\/php\/wordpress\/?p=28973"},"modified":"2020-06-05T15:02:55","modified_gmt":"2020-06-05T15:02:55","slug":"bbc-schickt-eigenen-sprachassistenten-in-betatest","status":"publish","type":"post","link":"https:\/\/www.achimbrueckner.de\/dxradio\/php\/wordpress\/?p=28973","title":{"rendered":"BBC schickt eigenen Sprachassistenten in Betatest"},"content":{"rendered":"<p><a href=\"http:\/\/www.radiowoche.de\/bbc-schickt-eigenen-sprachassistenten-in-betatest\/\" rel=\"noopener noreferrer\" target=\"_blank\">http:\/\/www.radiowoche.de\/bbc-schickt-eigenen-sprachassistenten-in-betatest\/<\/a><\/p>\n","protected":false},"excerpt":{"rendered":"<p>http:\/\/www.radiowoche.de\/bbc-schickt-eigenen-sprachassistenten-in-betatest\/<\/p>\n","protected":false},"author":1,"featured_media":0,"comment_status":"closed","ping_status":"open","sticky":false,"template":"","format":"standard","meta":{"_jetpack_memberships_contains_paid_content":false,"footnotes":"","jetpack_publicize_message":"","jetpack_publicize_feature_enabled":true,"jetpack_social_post_already_shared":true,"jetpack_social_options":{"image_generator_settings":{"template":"highway","default_image_id":0,"font":"","enabled":false},"version":2}},"categories":[1],"tags":[],"class_list":["post-28973","post","type-post","status-publish","format-standard","hentry","category-deutsch"],"jetpack_publicize_connections":[],"jetpack_featured_media_url":"","jetpack_sharing_enabled":true,"jetpack_shortlink":"https:\/\/wp.me\/p5CDmr-7xj","jetpack-related-posts":[{"id":24494,"url":"https:\/\/www.achimbrueckner.de\/dxradio\/php\/wordpress\/?p=24494","url_meta":{"origin":28973,"position":0},"title":"BBC plant eigenen Sprachassistenten","author":"Administrator","date":"August 28, 2019","format":false,"excerpt":"http:\/\/www.radiowoche.de\/bbc-plant-sprachassistenten\/","rel":"","context":"In &quot;Deutsch&quot;","block_context":{"text":"Deutsch","link":"https:\/\/www.achimbrueckner.de\/dxradio\/php\/wordpress\/?cat=1"},"img":{"alt_text":"","src":"","width":0,"height":0},"classes":[]},{"id":23756,"url":"https:\/\/www.achimbrueckner.de\/dxradio\/php\/wordpress\/?p=23756","url_meta":{"origin":28973,"position":1},"title":"radio.net ist Radiopartner f\u00fcr Samsungs Sprachassistenten Bixby","author":"Administrator","date":"July 11, 2019","format":false,"excerpt":"http:\/\/www.radiowoche.de\/radio-net-ist-radiopartner-fuer-den-samsungs-sprachassistenten-bixby\/","rel":"","context":"In &quot;Deutsch&quot;","block_context":{"text":"Deutsch","link":"https:\/\/www.achimbrueckner.de\/dxradio\/php\/wordpress\/?cat=1"},"img":{"alt_text":"","src":"","width":0,"height":0},"classes":[]},{"id":11503,"url":"https:\/\/www.achimbrueckner.de\/dxradio\/php\/wordpress\/?p=11503","url_meta":{"origin":28973,"position":2},"title":"Radio Andernach schickt Weihnachtsgr\u00fc\u00dfe an Bundeswehrsoldaten im Auslandseinsatz","author":"Administrator","date":"December 26, 2016","format":false,"excerpt":"http:\/\/www.radiowoche.de\/radio-andernach-schickt-weihnachtsgruesse-an-bundeswehr-soldaten-im-auslandseinsatz\/","rel":"","context":"In &quot;Deutsch&quot;","block_context":{"text":"Deutsch","link":"https:\/\/www.achimbrueckner.de\/dxradio\/php\/wordpress\/?cat=1"},"img":{"alt_text":"","src":"","width":0,"height":0},"classes":[]},{"id":24995,"url":"https:\/\/www.achimbrueckner.de\/dxradio\/php\/wordpress\/?p=24995","url_meta":{"origin":28973,"position":3},"title":"Amazons Day 1 Edition: Smarte Brille und Ring im \u00f6ffentlichen Betatest","author":"Administrator","date":"September 27, 2019","format":false,"excerpt":"https:\/\/www.heise.de\/newsticker\/meldung\/Amazons-Day-1-Edition-Smarte-Brille-und-Ring-im-oeffentlichen-Betatest-4539627.html","rel":"","context":"In &quot;Deutsch&quot;","block_context":{"text":"Deutsch","link":"https:\/\/www.achimbrueckner.de\/dxradio\/php\/wordpress\/?cat=1"},"img":{"alt_text":"","src":"","width":0,"height":0},"classes":[]},{"id":21039,"url":"https:\/\/www.achimbrueckner.de\/dxradio\/php\/wordpress\/?p=21039","url_meta":{"origin":28973,"position":4},"title":"Daten von Sprachassistenten regelm\u00e4\u00dfig l\u00f6schen","author":"Administrator","date":"January 21, 2019","format":false,"excerpt":"http:\/\/www.fr.de\/leben\/computer_internet\/computer_tipp\/privatsphaere-einstellungen-daten-von-sprachassistenten-regelmaessig-loeschen-a-1657770","rel":"","context":"In &quot;Deutsch&quot;","block_context":{"text":"Deutsch","link":"https:\/\/www.achimbrueckner.de\/dxradio\/php\/wordpress\/?cat=1"},"img":{"alt_text":"","src":"","width":0,"height":0},"classes":[]},{"id":16975,"url":"https:\/\/www.achimbrueckner.de\/dxradio\/php\/wordpress\/?p=16975","url_meta":{"origin":28973,"position":5},"title":"Divvy-gewinnt-Radio-Hack-Europe-mit-Sprachassistenten","author":"Administrator","date":"March 20, 2018","format":false,"excerpt":"http:\/\/www.digitalfernsehen.de\/Divvy-gewinnt-Radio-Hack-Europe-mit-Sprachassistenten.163194.0.html","rel":"","context":"In &quot;Deutsch&quot;","block_context":{"text":"Deutsch","link":"https:\/\/www.achimbrueckner.de\/dxradio\/php\/wordpress\/?cat=1"},"img":{"alt_text":"","src":"","width":0,"height":0},"classes":[]}],"_links":{"self":[{"href":"https:\/\/www.achimbrueckner.de\/dxradio\/php\/wordpress\/index.php?rest_route=\/wp\/v2\/posts\/28973","targetHints":{"allow":["GET"]}}],"collection":[{"href":"https:\/\/www.achimbrueckner.de\/dxradio\/php\/wordpress\/index.php?rest_route=\/wp\/v2\/posts"}],"about":[{"href":"https:\/\/www.achimbrueckner.de\/dxradio\/php\/wordpress\/index.php?rest_route=\/wp\/v2\/types\/post"}],"author":[{"embeddable":true,"href":"https:\/\/www.achimbrueckner.de\/dxradio\/php\/wordpress\/index.php?rest_route=\/wp\/v2\/users\/1"}],"replies":[{"embeddable":true,"href":"https:\/\/www.achimbrueckner.de\/dxradio\/php\/wordpress\/index.php?rest_route=%2Fwp%2Fv2%2Fcomments&post=28973"}],"version-history":[{"count":0,"href":"https:\/\/www.achimbrueckner.de\/dxradio\/php\/wordpress\/index.php?rest_route=\/wp\/v2\/posts\/28973\/revisions"}],"wp:attachment":[{"href":"https:\/\/www.achimbrueckner.de\/dxradio\/php\/wordpress\/index.php?rest_route=%2Fwp%2Fv2%2Fmedia&parent=28973"}],"wp:term":[{"taxonomy":"category","embeddable":true,"href":"https:\/\/www.achimbrueckner.de\/dxradio\/php\/wordpress\/index.php?rest_route=%2Fwp%2Fv2%2Fcategories&post=28973"},{"taxonomy":"post_tag","embeddable":true,"href":"https:\/\/www.achimbrueckner.de\/dxradio\/php\/wordpress\/index.php?rest_route=%2Fwp%2Fv2%2Ftags&post=28973"}],"curies":[{"name":"wp","href":"https:\/\/api.w.org\/{rel}","templated":true}]}}