{"id":28978,"date":"2020-06-05T15:21:27","date_gmt":"2020-06-05T15:21:27","guid":{"rendered":"https:\/\/www.achimbrueckner.de\/dxradio\/php\/wordpress\/?p=28978"},"modified":"2020-06-05T15:21:27","modified_gmt":"2020-06-05T15:21:27","slug":"angriff-auf-zdf-team-berlins-justizsenator-fordert-schutz-der-pressefreiheit","status":"publish","type":"post","link":"https:\/\/www.achimbrueckner.de\/dxradio\/php\/wordpress\/?p=28978","title":{"rendered":"Angriff auf ZDF-Team Berlins Justizsenator fordert Schutz der Pressefreiheit"},"content":{"rendered":"<p><a href=\"https:\/\/netzpolitik.org\/2020\/angriff-auf-zdf-team-berlins-justizsenator-fordert-schutz-der-pressefreiheit\/\" rel=\"noopener noreferrer\" target=\"_blank\">https:\/\/netzpolitik.org\/2020\/angriff-auf-zdf-team-berlins-justizsenator-fordert-schutz-der-pressefreiheit\/<\/a><\/p>\n","protected":false},"excerpt":{"rendered":"<p>https:\/\/netzpolitik.org\/2020\/angriff-auf-zdf-team-berlins-justizsenator-fordert-schutz-der-pressefreiheit\/<\/p>\n","protected":false},"author":1,"featured_media":0,"comment_status":"closed","ping_status":"open","sticky":false,"template":"","format":"standard","meta":{"_jetpack_memberships_contains_paid_content":false,"footnotes":"","jetpack_publicize_message":"","jetpack_publicize_feature_enabled":true,"jetpack_social_post_already_shared":true,"jetpack_social_options":{"image_generator_settings":{"template":"highway","default_image_id":0,"font":"","enabled":false},"version":2}},"categories":[1],"tags":[24],"class_list":["post-28978","post","type-post","status-publish","format-standard","hentry","category-deutsch","tag-am"],"jetpack_publicize_connections":[],"jetpack_featured_media_url":"","jetpack_sharing_enabled":true,"jetpack_shortlink":"https:\/\/wp.me\/p5CDmr-7xo","jetpack-related-posts":[{"id":29162,"url":"https:\/\/www.achimbrueckner.de\/dxradio\/php\/wordpress\/?p=29162","url_meta":{"origin":28978,"position":0},"title":"Neuer Angriff auf alternative Medien und Pressefreiheit","author":"Administrator","date":"June 21, 2020","format":false,"excerpt":"https:\/\/www.npla.de\/thema\/repression-widerstand\/neuer-angriff-auf-alternative-medien-und-pressefreiheit\/","rel":"","context":"In &quot;Deutsch&quot;","block_context":{"text":"Deutsch","link":"https:\/\/www.achimbrueckner.de\/dxradio\/php\/wordpress\/?cat=1"},"img":{"alt_text":"","src":"","width":0,"height":0},"classes":[]},{"id":33917,"url":"https:\/\/www.achimbrueckner.de\/dxradio\/php\/wordpress\/?p=33917","url_meta":{"origin":28978,"position":1},"title":"&#8220;H\u00e4nde weg vom \u00f6ffentlichen Rundfunk in der Schweiz!&#8221; \u00d6ffentlich-Rechtliche warnen vor Angriff auf Pressefreiheit","author":"Administrator","date":"October 29, 2021","format":false,"excerpt":"https:\/\/www.dwdl.de\/nachrichten\/85135\/oeffentlichrechtliche_warnen_vor_angriff_auf_pressefreiheit\/","rel":"","context":"In &quot;Deutsch&quot;","block_context":{"text":"Deutsch","link":"https:\/\/www.achimbrueckner.de\/dxradio\/php\/wordpress\/?cat=1"},"img":{"alt_text":"","src":"","width":0,"height":0},"classes":[]},{"id":39693,"url":"https:\/\/www.achimbrueckner.de\/dxradio\/php\/wordpress\/?p=39693","url_meta":{"origin":28978,"position":2},"title":"Ausnahme f\u00fcr &#8220;nationale Sicherheit&#8221;:  EU-Staaten schw\u00e4chen Gesetz zum Schutz der Pressefreiheit","author":"Administrator","date":"June 21, 2023","format":false,"excerpt":"https:\/\/netzpolitik.org\/2023\/ausnahme-fuer-nationale-sicherheit-eu-staaten-schwaechen-gesetz-zum-schutz-der-pressefreiheit\/","rel":"","context":"In &quot;Deutsch&quot;","block_context":{"text":"Deutsch","link":"https:\/\/www.achimbrueckner.de\/dxradio\/php\/wordpress\/?cat=1"},"img":{"alt_text":"","src":"","width":0,"height":0},"classes":[]},{"id":549,"url":"https:\/\/www.achimbrueckner.de\/dxradio\/php\/wordpress\/?p=549","url_meta":{"origin":28978,"position":3},"title":"Der Fernsehturm in der Mitte Berlins","author":"Administrator","date":"September 28, 2009","format":false,"excerpt":"Der Fernsehturm in der Mitte Berlins RBB-TV 03.10.2009 2015 MESZ http:\/\/www.rbb-online.de\/fernsehen\/programm\/03_10_2009\/ID140855229.html http:\/\/forum.mysnip.de\/read.php?8773,734886","rel":"","context":"In &quot;Deutsch&quot;","block_context":{"text":"Deutsch","link":"https:\/\/www.achimbrueckner.de\/dxradio\/php\/wordpress\/?cat=1"},"img":{"alt_text":"","src":"","width":0,"height":0},"classes":[]},{"id":30090,"url":"https:\/\/www.achimbrueckner.de\/dxradio\/php\/wordpress\/?p=30090","url_meta":{"origin":28978,"position":4},"title":"104.6 RTL Berlins Hitradio sendet ab sofort in Frankfurt an der Oder auf UKW 98.0 MHz","author":"Administrator","date":"September 16, 2020","format":false,"excerpt":"https:\/\/www.radioszene.de\/147632\/1046rtl-frankfurt-oder-ukw-98-mhz.html","rel":"","context":"In &quot;Deutsch&quot;","block_context":{"text":"Deutsch","link":"https:\/\/www.achimbrueckner.de\/dxradio\/php\/wordpress\/?cat=1"},"img":{"alt_text":"","src":"","width":0,"height":0},"classes":[]},{"id":15607,"url":"https:\/\/www.achimbrueckner.de\/dxradio\/php\/wordpress\/?p=15607","url_meta":{"origin":28978,"position":5},"title":"Reform von ARD und ZDF: NRW-Medienstaatssekret\u00e4r fordert \u201em\u00f6glichst klares Verbot der Presse\u00e4hnlichkeit\u201c","author":"Administrator","date":"November 21, 2017","format":false,"excerpt":"http:\/\/meedia.de\/2017\/11\/21\/reform-von-ard-und-zdf-nrw-medienminister-fordert-moeglichst-klares-verbot-der-presseaehnlichkeit\/","rel":"","context":"In &quot;Deutsch&quot;","block_context":{"text":"Deutsch","link":"https:\/\/www.achimbrueckner.de\/dxradio\/php\/wordpress\/?cat=1"},"img":{"alt_text":"","src":"","width":0,"height":0},"classes":[]}],"_links":{"self":[{"href":"https:\/\/www.achimbrueckner.de\/dxradio\/php\/wordpress\/index.php?rest_route=\/wp\/v2\/posts\/28978","targetHints":{"allow":["GET"]}}],"collection":[{"href":"https:\/\/www.achimbrueckner.de\/dxradio\/php\/wordpress\/index.php?rest_route=\/wp\/v2\/posts"}],"about":[{"href":"https:\/\/www.achimbrueckner.de\/dxradio\/php\/wordpress\/index.php?rest_route=\/wp\/v2\/types\/post"}],"author":[{"embeddable":true,"href":"https:\/\/www.achimbrueckner.de\/dxradio\/php\/wordpress\/index.php?rest_route=\/wp\/v2\/users\/1"}],"replies":[{"embeddable":true,"href":"https:\/\/www.achimbrueckner.de\/dxradio\/php\/wordpress\/index.php?rest_route=%2Fwp%2Fv2%2Fcomments&post=28978"}],"version-history":[{"count":0,"href":"https:\/\/www.achimbrueckner.de\/dxradio\/php\/wordpress\/index.php?rest_route=\/wp\/v2\/posts\/28978\/revisions"}],"wp:attachment":[{"href":"https:\/\/www.achimbrueckner.de\/dxradio\/php\/wordpress\/index.php?rest_route=%2Fwp%2Fv2%2Fmedia&parent=28978"}],"wp:term":[{"taxonomy":"category","embeddable":true,"href":"https:\/\/www.achimbrueckner.de\/dxradio\/php\/wordpress\/index.php?rest_route=%2Fwp%2Fv2%2Fcategories&post=28978"},{"taxonomy":"post_tag","embeddable":true,"href":"https:\/\/www.achimbrueckner.de\/dxradio\/php\/wordpress\/index.php?rest_route=%2Fwp%2Fv2%2Ftags&post=28978"}],"curies":[{"name":"wp","href":"https:\/\/api.w.org\/{rel}","templated":true}]}}