{"id":28992,"date":"2020-06-06T20:55:39","date_gmt":"2020-06-06T20:55:39","guid":{"rendered":"https:\/\/www.achimbrueckner.de\/dxradio\/php\/wordpress\/?p=28992"},"modified":"2020-06-06T20:55:39","modified_gmt":"2020-06-06T20:55:39","slug":"ein-virus-bedroht-die-medienfreiheit-warnsignale-fur-offentliche-sender","status":"publish","type":"post","link":"https:\/\/www.achimbrueckner.de\/dxradio\/php\/wordpress\/?p=28992","title":{"rendered":"Ein Virus bedroht die Medienfreiheit: Warnsignale f\u00fcr \u00f6ffentliche Sender"},"content":{"rendered":"<p><a href=\"https:\/\/www.derstandard.at\/story\/2000117911706\/ein-virus-bedroht-die-medienfreiheit-warnsignale-fuer-oeffentliche-sender\" rel=\"noopener noreferrer\" target=\"_blank\">https:\/\/www.derstandard.at\/story\/2000117911706\/ein-virus-bedroht-die-medienfreiheit-warnsignale-fuer-oeffentliche-sender<\/a><\/p>\n","protected":false},"excerpt":{"rendered":"<p>https:\/\/www.derstandard.at\/story\/2000117911706\/ein-virus-bedroht-die-medienfreiheit-warnsignale-fuer-oeffentliche-sender<\/p>\n","protected":false},"author":1,"featured_media":0,"comment_status":"closed","ping_status":"open","sticky":false,"template":"","format":"standard","meta":{"_jetpack_memberships_contains_paid_content":false,"footnotes":"","jetpack_publicize_message":"","jetpack_publicize_feature_enabled":true,"jetpack_social_post_already_shared":true,"jetpack_social_options":{"image_generator_settings":{"template":"highway","default_image_id":0,"font":"","enabled":false},"version":2}},"categories":[1,15],"tags":[45],"class_list":["post-28992","post","type-post","status-publish","format-standard","hentry","category-deutsch","category-medien","tag-medien"],"jetpack_publicize_connections":[],"jetpack_featured_media_url":"","jetpack_sharing_enabled":true,"jetpack_shortlink":"https:\/\/wp.me\/p5CDmr-7xC","jetpack-related-posts":[{"id":17522,"url":"https:\/\/www.achimbrueckner.de\/dxradio\/php\/wordpress\/?p=17522","url_meta":{"origin":28992,"position":0},"title":"Medienfreiheit auch in Europa immer mehr bedroht","author":"Administrator","date":"April 27, 2018","format":false,"excerpt":"https:\/\/rdl.de\/beitrag\/medienfreiheit-auch-europa-immer-mehr-bedroht","rel":"","context":"In &quot;Deutsch&quot;","block_context":{"text":"Deutsch","link":"https:\/\/www.achimbrueckner.de\/dxradio\/php\/wordpress\/?cat=1"},"img":{"alt_text":"","src":"","width":0,"height":0},"classes":[]},{"id":16101,"url":"https:\/\/www.achimbrueckner.de\/dxradio\/php\/wordpress\/?p=16101","url_meta":{"origin":28992,"position":1},"title":"\u00d6ffentlich-rechtliche Sender  :  Eine Koalition f\u00fcr die Medienfreiheit","author":"Administrator","date":"January 4, 2018","format":false,"excerpt":"http:\/\/www.faz.net\/aktuell\/feuilleton\/medien\/gastbeitrag-eine-koalition-fuer-die-medienfreiheit-15360405.html","rel":"","context":"In &quot;Deutsch&quot;","block_context":{"text":"Deutsch","link":"https:\/\/www.achimbrueckner.de\/dxradio\/php\/wordpress\/?cat=1"},"img":{"alt_text":"","src":"","width":0,"height":0},"classes":[]},{"id":19372,"url":"https:\/\/www.achimbrueckner.de\/dxradio\/php\/wordpress\/?p=19372","url_meta":{"origin":28992,"position":2},"title":"SRG-Studios: Politiker missachten die Medienfreiheit","author":"Administrator","date":"October 2, 2018","format":false,"excerpt":"https:\/\/www.nzz.ch\/feuilleton\/medien\/srg-studios-politiker-missachten-die-medienfreiheit-ld.1424072","rel":"","context":"In &quot;Deutsch&quot;","block_context":{"text":"Deutsch","link":"https:\/\/www.achimbrueckner.de\/dxradio\/php\/wordpress\/?cat=1"},"img":{"alt_text":"","src":"","width":0,"height":0},"classes":[]},{"id":20463,"url":"https:\/\/www.achimbrueckner.de\/dxradio\/php\/wordpress\/?p=20463","url_meta":{"origin":28992,"position":3},"title":"In Ungarn tobt der Kampf um die Medienfreiheit","author":"Administrator","date":"December 19, 2018","format":false,"excerpt":"https:\/\/www.handelsblatt.com\/unternehmen\/it-medien\/medienkommissar\/der-medien-kommissar-in-ungarn-tobt-der-kampf-um-die-medienfreiheit\/23769900.html?ticket=ST-98701-0uhDvuhqPxTM2CFUamZ1-ap1","rel":"","context":"In &quot;Deutsch&quot;","block_context":{"text":"Deutsch","link":"https:\/\/www.achimbrueckner.de\/dxradio\/php\/wordpress\/?cat=1"},"img":{"alt_text":"","src":"","width":0,"height":0},"classes":[]},{"id":2904,"url":"https:\/\/www.achimbrueckner.de\/dxradio\/php\/wordpress\/?p=2904","url_meta":{"origin":28992,"position":4},"title":"Landesmedienanstalt k\u00fcrzt F\u00f6rderung f\u00fcr B\u00fcrgerradios \u2013 Sachsens Sender bedroht","author":"Administrator","date":"February 22, 2014","format":false,"excerpt":"http:\/\/www.lvz-online.de\/leipzig\/citynews\/landesmedienanstalt-kuerzt-foerderung-fuer-buergerradios-sachsens-sender-bedroht\/r-citynews-a-228013.html http:\/\/www.addn.me\/freiraeume\/freien-radios-drohen-weitere-einschnitte\/","rel":"","context":"In &quot;Deutsch&quot;","block_context":{"text":"Deutsch","link":"https:\/\/www.achimbrueckner.de\/dxradio\/php\/wordpress\/?cat=1"},"img":{"alt_text":"","src":"","width":0,"height":0},"classes":[]},{"id":26286,"url":"https:\/\/www.achimbrueckner.de\/dxradio\/php\/wordpress\/?p=26286","url_meta":{"origin":28992,"position":5},"title":"Schwarzer Tag f\u00fcr die Medienfreiheit in Ungarn","author":"Administrator","date":"December 21, 2019","format":false,"excerpt":"Heute ist ein weiterer schwarzer Tag f\u00fcr die Medienfreiheit in Ungarn. Das selbstverwaltete, nichtkommerzielle CIVIL R\u00c1DI\u00d3 - FM 98 muss heute Nacht zum Sonntag um 2 Uhr nach 25 Jahren seine UKW-Frequenz 98,0 MHz in Budapest aufgeben und im Internet weitersenden. Die Medienbeh\u00f6rde hatte die UKW-Lizenz nicht verl\u00e4ngert. Damit wird\u2026","rel":"","context":"In &quot;Deutsch&quot;","block_context":{"text":"Deutsch","link":"https:\/\/www.achimbrueckner.de\/dxradio\/php\/wordpress\/?cat=1"},"img":{"alt_text":"","src":"","width":0,"height":0},"classes":[]}],"_links":{"self":[{"href":"https:\/\/www.achimbrueckner.de\/dxradio\/php\/wordpress\/index.php?rest_route=\/wp\/v2\/posts\/28992","targetHints":{"allow":["GET"]}}],"collection":[{"href":"https:\/\/www.achimbrueckner.de\/dxradio\/php\/wordpress\/index.php?rest_route=\/wp\/v2\/posts"}],"about":[{"href":"https:\/\/www.achimbrueckner.de\/dxradio\/php\/wordpress\/index.php?rest_route=\/wp\/v2\/types\/post"}],"author":[{"embeddable":true,"href":"https:\/\/www.achimbrueckner.de\/dxradio\/php\/wordpress\/index.php?rest_route=\/wp\/v2\/users\/1"}],"replies":[{"embeddable":true,"href":"https:\/\/www.achimbrueckner.de\/dxradio\/php\/wordpress\/index.php?rest_route=%2Fwp%2Fv2%2Fcomments&post=28992"}],"version-history":[{"count":0,"href":"https:\/\/www.achimbrueckner.de\/dxradio\/php\/wordpress\/index.php?rest_route=\/wp\/v2\/posts\/28992\/revisions"}],"wp:attachment":[{"href":"https:\/\/www.achimbrueckner.de\/dxradio\/php\/wordpress\/index.php?rest_route=%2Fwp%2Fv2%2Fmedia&parent=28992"}],"wp:term":[{"taxonomy":"category","embeddable":true,"href":"https:\/\/www.achimbrueckner.de\/dxradio\/php\/wordpress\/index.php?rest_route=%2Fwp%2Fv2%2Fcategories&post=28992"},{"taxonomy":"post_tag","embeddable":true,"href":"https:\/\/www.achimbrueckner.de\/dxradio\/php\/wordpress\/index.php?rest_route=%2Fwp%2Fv2%2Ftags&post=28992"}],"curies":[{"name":"wp","href":"https:\/\/api.w.org\/{rel}","templated":true}]}}