{"id":29010,"date":"2020-06-09T19:01:09","date_gmt":"2020-06-09T19:01:09","guid":{"rendered":"https:\/\/www.achimbrueckner.de\/dxradio\/php\/wordpress\/?p=29010"},"modified":"2020-06-09T19:01:09","modified_gmt":"2020-06-09T19:01:09","slug":"gez-gebuehren-sind-die-gehaelter-bei-ard-und-zdf-zu-hoch","status":"publish","type":"post","link":"https:\/\/www.achimbrueckner.de\/dxradio\/php\/wordpress\/?p=29010","title":{"rendered":"gez-gebuehren-sind-die-gehaelter-bei-ard-und-zdf-zu-hoch"},"content":{"rendered":"<p><a href=\"https:\/\/www.faz.net\/aktuell\/feuilleton\/medien\/gez-gebuehren-sind-die-gehaelter-bei-ard-und-zdf-zu-hoch-16503961.html\" rel=\"noopener noreferrer\" target=\"_blank\">https:\/\/www.faz.net\/aktuell\/feuilleton\/medien\/gez-gebuehren-sind-die-gehaelter-bei-ard-und-zdf-zu-hoch-16503961.html<\/a><\/p>\n","protected":false},"excerpt":{"rendered":"<p>https:\/\/www.faz.net\/aktuell\/feuilleton\/medien\/gez-gebuehren-sind-die-gehaelter-bei-ard-und-zdf-zu-hoch-16503961.html<\/p>\n","protected":false},"author":1,"featured_media":0,"comment_status":"closed","ping_status":"open","sticky":false,"template":"","format":"standard","meta":{"_jetpack_memberships_contains_paid_content":false,"footnotes":"","jetpack_publicize_message":"","jetpack_publicize_feature_enabled":true,"jetpack_social_post_already_shared":true,"jetpack_social_options":{"image_generator_settings":{"template":"highway","default_image_id":0,"font":"","enabled":false},"version":2}},"categories":[1,15],"tags":[45],"class_list":["post-29010","post","type-post","status-publish","format-standard","hentry","category-deutsch","category-medien","tag-medien"],"jetpack_publicize_connections":[],"jetpack_featured_media_url":"","jetpack_sharing_enabled":true,"jetpack_shortlink":"https:\/\/wp.me\/p5CDmr-7xU","jetpack-related-posts":[{"id":8059,"url":"https:\/\/www.achimbrueckner.de\/dxradio\/php\/wordpress\/?p=8059","url_meta":{"origin":29010,"position":0},"title":"Haushaltabgabe f\u00fcr ARD und ZDF Tiefere Geb\u00fchren, mehr Einnahmen","author":"Administrator","date":"April 17, 2016","format":false,"excerpt":"http:\/\/www.nzz.ch\/feuilleton\/medien\/haushaltabgabe-fuer-ard-und-zdf-tiefere-gebuehren-mehr-einnahmen-ld.14195","rel":"","context":"In &quot;Deutsch&quot;","block_context":{"text":"Deutsch","link":"https:\/\/www.achimbrueckner.de\/dxradio\/php\/wordpress\/?cat=1"},"img":{"alt_text":"","src":"","width":0,"height":0},"classes":[]},{"id":25923,"url":"https:\/\/www.achimbrueckner.de\/dxradio\/php\/wordpress\/?p=25923","url_meta":{"origin":29010,"position":1},"title":"Wegen zu hoher Geh\u00e4lter: KEF will Gelder f\u00fcr Personalaufwand bei Rundfunkanstalten k\u00fcrzen","author":"Administrator","date":"November 24, 2019","format":false,"excerpt":"https:\/\/www.medienkorrespondenz.de\/politik\/artikel\/wegen-zu-hoher-gehaelter-kef-will-gelder-fuer-personalaufwand-bei-rundfunkanstalten-kuerzen.html","rel":"","context":"In &quot;Deutsch&quot;","block_context":{"text":"Deutsch","link":"https:\/\/www.achimbrueckner.de\/dxradio\/php\/wordpress\/?cat=1"},"img":{"alt_text":"","src":"","width":0,"height":0},"classes":[]},{"id":21588,"url":"https:\/\/www.achimbrueckner.de\/dxradio\/php\/wordpress\/?p=21588","url_meta":{"origin":29010,"position":2},"title":"ARD manipulieren und moralisieren mit Geb\u00fchren","author":"Administrator","date":"February 13, 2019","format":false,"excerpt":"https:\/\/www.tichyseinblick.de\/feuilleton\/medien\/ard-manipulieren-und-moralisieren-mit-gebuehren\/","rel":"","context":"In &quot;Deutsch&quot;","block_context":{"text":"Deutsch","link":"https:\/\/www.achimbrueckner.de\/dxradio\/php\/wordpress\/?cat=1"},"img":{"alt_text":"","src":"","width":0,"height":0},"classes":[]},{"id":13875,"url":"https:\/\/www.achimbrueckner.de\/dxradio\/php\/wordpress\/?p=13875","url_meta":{"origin":29010,"position":3},"title":"Die BBC legt die Geh\u00e4lter ihrer Moderatoren offen","author":"Administrator","date":"July 24, 2017","format":false,"excerpt":"http:\/\/www.sueddeutsche.de\/medien\/britische-medien-die-bbc-legt-die-gehaelter-ihrer-moderatoren-offen-1.3594346","rel":"","context":"In &quot;Deutsch&quot;","block_context":{"text":"Deutsch","link":"https:\/\/www.achimbrueckner.de\/dxradio\/php\/wordpress\/?cat=1"},"img":{"alt_text":"","src":"","width":0,"height":0},"classes":[]},{"id":14237,"url":"https:\/\/www.achimbrueckner.de\/dxradio\/php\/wordpress\/?p=14237","url_meta":{"origin":29010,"position":4},"title":"ARD und ZDF wollen h\u00f6here Geb\u00fchren","author":"Administrator","date":"August 20, 2017","format":false,"excerpt":"http:\/\/www.faz.net\/aktuell\/wirtschaft\/f-a-s-exklusiv-ard-und-zdf-wollen-hoehere-gebuehren-15158778.html","rel":"","context":"In &quot;Deutsch&quot;","block_context":{"text":"Deutsch","link":"https:\/\/www.achimbrueckner.de\/dxradio\/php\/wordpress\/?cat=1"},"img":{"alt_text":"","src":"","width":0,"height":0},"classes":[]},{"id":19762,"url":"https:\/\/www.achimbrueckner.de\/dxradio\/php\/wordpress\/?p=19762","url_meta":{"origin":29010,"position":5},"title":"ARD UND ZDF TREFFEN AFD \u201eIch sp\u00fcre Ihr Misstrauen\u201c","author":"Administrator","date":"October 26, 2018","format":false,"excerpt":"https:\/\/www.welt.de\/kultur\/medien\/article182742652\/Ich-spuere-Ihr-Misstrauen-ARD-und-ZDF-zu-Gast-bei-der-AfD.html","rel":"","context":"In &quot;Deutsch&quot;","block_context":{"text":"Deutsch","link":"https:\/\/www.achimbrueckner.de\/dxradio\/php\/wordpress\/?cat=1"},"img":{"alt_text":"","src":"","width":0,"height":0},"classes":[]}],"_links":{"self":[{"href":"https:\/\/www.achimbrueckner.de\/dxradio\/php\/wordpress\/index.php?rest_route=\/wp\/v2\/posts\/29010","targetHints":{"allow":["GET"]}}],"collection":[{"href":"https:\/\/www.achimbrueckner.de\/dxradio\/php\/wordpress\/index.php?rest_route=\/wp\/v2\/posts"}],"about":[{"href":"https:\/\/www.achimbrueckner.de\/dxradio\/php\/wordpress\/index.php?rest_route=\/wp\/v2\/types\/post"}],"author":[{"embeddable":true,"href":"https:\/\/www.achimbrueckner.de\/dxradio\/php\/wordpress\/index.php?rest_route=\/wp\/v2\/users\/1"}],"replies":[{"embeddable":true,"href":"https:\/\/www.achimbrueckner.de\/dxradio\/php\/wordpress\/index.php?rest_route=%2Fwp%2Fv2%2Fcomments&post=29010"}],"version-history":[{"count":0,"href":"https:\/\/www.achimbrueckner.de\/dxradio\/php\/wordpress\/index.php?rest_route=\/wp\/v2\/posts\/29010\/revisions"}],"wp:attachment":[{"href":"https:\/\/www.achimbrueckner.de\/dxradio\/php\/wordpress\/index.php?rest_route=%2Fwp%2Fv2%2Fmedia&parent=29010"}],"wp:term":[{"taxonomy":"category","embeddable":true,"href":"https:\/\/www.achimbrueckner.de\/dxradio\/php\/wordpress\/index.php?rest_route=%2Fwp%2Fv2%2Fcategories&post=29010"},{"taxonomy":"post_tag","embeddable":true,"href":"https:\/\/www.achimbrueckner.de\/dxradio\/php\/wordpress\/index.php?rest_route=%2Fwp%2Fv2%2Ftags&post=29010"}],"curies":[{"name":"wp","href":"https:\/\/api.w.org\/{rel}","templated":true}]}}