{"id":29026,"date":"2020-06-10T18:31:41","date_gmt":"2020-06-10T18:31:41","guid":{"rendered":"https:\/\/www.achimbrueckner.de\/dxradio\/php\/wordpress\/?p=29026"},"modified":"2020-06-10T18:31:41","modified_gmt":"2020-06-10T18:31:41","slug":"70-jahre-ard-die-historie-des-offentlich-rechtlichen-rundfunks","status":"publish","type":"post","link":"https:\/\/www.achimbrueckner.de\/dxradio\/php\/wordpress\/?p=29026","title":{"rendered":"70 Jahre ARD: Die Historie des \u00f6ffentlich-rechtlichen Rundfunks"},"content":{"rendered":"<p><a href=\"https:\/\/www.br.de\/nachrichten\/kultur\/70-jahre-ard-die-historie-des-oeffentlich-rechtlichen-rundfunks,S1KYlhr\" rel=\"noopener noreferrer\" target=\"_blank\">https:\/\/www.br.de\/nachrichten\/kultur\/70-jahre-ard-die-historie-des-oeffentlich-rechtlichen-rundfunks,S1KYlhr<\/a><\/p>\n","protected":false},"excerpt":{"rendered":"<p>https:\/\/www.br.de\/nachrichten\/kultur\/70-jahre-ard-die-historie-des-oeffentlich-rechtlichen-rundfunks,S1KYlhr<\/p>\n","protected":false},"author":1,"featured_media":0,"comment_status":"closed","ping_status":"open","sticky":false,"template":"","format":"standard","meta":{"_jetpack_memberships_contains_paid_content":false,"footnotes":"","jetpack_publicize_message":"","jetpack_publicize_feature_enabled":true,"jetpack_social_post_already_shared":true,"jetpack_social_options":{"image_generator_settings":{"template":"highway","default_image_id":0,"font":"","enabled":false},"version":2}},"categories":[1],"tags":[],"class_list":["post-29026","post","type-post","status-publish","format-standard","hentry","category-deutsch"],"jetpack_publicize_connections":[],"jetpack_featured_media_url":"","jetpack_sharing_enabled":true,"jetpack_shortlink":"https:\/\/wp.me\/p5CDmr-7ya","jetpack-related-posts":[{"id":22769,"url":"https:\/\/www.achimbrueckner.de\/dxradio\/php\/wordpress\/?p=22769","url_meta":{"origin":29026,"position":0},"title":"MITTENDRIN &#8211; 70 Jahre \u00f6ffentlich-rechtlicher Rundfunk Vorsitzende von ARD und BBC betonen Bedeutung des \u00f6ffentlich-rechtlichen Rundfunks f\u00fcr eine demokratische Gesellschaft","author":"Administrator","date":"April 17, 2019","format":false,"excerpt":"https:\/\/www.presseportal.de\/pm\/29876\/4246651","rel":"","context":"In &quot;Deutsch&quot;","block_context":{"text":"Deutsch","link":"https:\/\/www.achimbrueckner.de\/dxradio\/php\/wordpress\/?cat=1"},"img":{"alt_text":"","src":"","width":0,"height":0},"classes":[]},{"id":23731,"url":"https:\/\/www.achimbrueckner.de\/dxradio\/php\/wordpress\/?p=23731","url_meta":{"origin":29026,"position":1},"title":"Zukunft des \u00f6ffentlich-rechtlichen Rundfunks Ein nachhaltiges Update f\u00fcr ARD und ZDF","author":"Administrator","date":"July 10, 2019","format":false,"excerpt":"https:\/\/www.tagesspiegel.de\/gesellschaft\/medien\/zukunft-des-oeffentlich-rechtlichen-rundfunks-ein-nachhaltiges-update-fuer-ard-und-zdf\/24575788.html","rel":"","context":"In &quot;Deutsch&quot;","block_context":{"text":"Deutsch","link":"https:\/\/www.achimbrueckner.de\/dxradio\/php\/wordpress\/?cat=1"},"img":{"alt_text":"","src":"","width":0,"height":0},"classes":[]},{"id":20163,"url":"https:\/\/www.achimbrueckner.de\/dxradio\/php\/wordpress\/?p=20163","url_meta":{"origin":29026,"position":2},"title":"Die ARD, die \u201eLindenstra\u00dfe\u201c und der Geist des \u00f6ffentlich-rechtlichen Rundfunks","author":"Administrator","date":"November 25, 2018","format":false,"excerpt":"https:\/\/www.medienkorrespondenz.de\/leitartikel\/artikel\/andorra-gegen-lettland.html","rel":"","context":"In &quot;Deutsch&quot;","block_context":{"text":"Deutsch","link":"https:\/\/www.achimbrueckner.de\/dxradio\/php\/wordpress\/?cat=1"},"img":{"alt_text":"","src":"","width":0,"height":0},"classes":[]},{"id":7938,"url":"https:\/\/www.achimbrueckner.de\/dxradio\/php\/wordpress\/?p=7938","url_meta":{"origin":29026,"position":3},"title":"Unruhige Zeiten f\u00fcr ARD und ZDF: L\u00e4nder \u00fcberpr\u00fcfen Struktur und Auftrag des \u00f6ffentlich-rechtlichen Rundfunks","author":"Administrator","date":"March 31, 2016","format":false,"excerpt":"http:\/\/www.medienkorrespondenz.de\/leitartikel\/artikel\/beermann-reloaded.html","rel":"","context":"In &quot;Deutsch&quot;","block_context":{"text":"Deutsch","link":"https:\/\/www.achimbrueckner.de\/dxradio\/php\/wordpress\/?cat=1"},"img":{"alt_text":"","src":"","width":0,"height":0},"classes":[]},{"id":6638,"url":"https:\/\/www.achimbrueckner.de\/dxradio\/php\/wordpress\/?p=6638","url_meta":{"origin":29026,"position":4},"title":"Legitimation des \u00f6ffentlich-rechtlichen Rundfunks \u2013 Buch der Historischen Kommission","author":"Administrator","date":"November 25, 2015","format":false,"excerpt":"http:\/\/www.radioszene.de\/85140\/legitimation-des-oeffentlich-rechtlichen-rundfunks-buch-der-historischen-kommission.html","rel":"","context":"In &quot;Deutsch&quot;","block_context":{"text":"Deutsch","link":"https:\/\/www.achimbrueckner.de\/dxradio\/php\/wordpress\/?cat=1"},"img":{"alt_text":"","src":"","width":0,"height":0},"classes":[]},{"id":25936,"url":"https:\/\/www.achimbrueckner.de\/dxradio\/php\/wordpress\/?p=25936","url_meta":{"origin":29026,"position":5},"title":"Akzeptanz des \u00f6ffentlich-rechtlichen Rundfunks Nur links der Mitte?","author":"Administrator","date":"November 25, 2019","format":false,"excerpt":"https:\/\/www.tagesspiegel.de\/gesellschaft\/medien\/akzeptanz-des-oeffentlich-rechtlichen-rundfunks-nur-links-der-mitte\/25261368.html","rel":"","context":"In &quot;Deutsch&quot;","block_context":{"text":"Deutsch","link":"https:\/\/www.achimbrueckner.de\/dxradio\/php\/wordpress\/?cat=1"},"img":{"alt_text":"","src":"","width":0,"height":0},"classes":[]}],"_links":{"self":[{"href":"https:\/\/www.achimbrueckner.de\/dxradio\/php\/wordpress\/index.php?rest_route=\/wp\/v2\/posts\/29026","targetHints":{"allow":["GET"]}}],"collection":[{"href":"https:\/\/www.achimbrueckner.de\/dxradio\/php\/wordpress\/index.php?rest_route=\/wp\/v2\/posts"}],"about":[{"href":"https:\/\/www.achimbrueckner.de\/dxradio\/php\/wordpress\/index.php?rest_route=\/wp\/v2\/types\/post"}],"author":[{"embeddable":true,"href":"https:\/\/www.achimbrueckner.de\/dxradio\/php\/wordpress\/index.php?rest_route=\/wp\/v2\/users\/1"}],"replies":[{"embeddable":true,"href":"https:\/\/www.achimbrueckner.de\/dxradio\/php\/wordpress\/index.php?rest_route=%2Fwp%2Fv2%2Fcomments&post=29026"}],"version-history":[{"count":0,"href":"https:\/\/www.achimbrueckner.de\/dxradio\/php\/wordpress\/index.php?rest_route=\/wp\/v2\/posts\/29026\/revisions"}],"wp:attachment":[{"href":"https:\/\/www.achimbrueckner.de\/dxradio\/php\/wordpress\/index.php?rest_route=%2Fwp%2Fv2%2Fmedia&parent=29026"}],"wp:term":[{"taxonomy":"category","embeddable":true,"href":"https:\/\/www.achimbrueckner.de\/dxradio\/php\/wordpress\/index.php?rest_route=%2Fwp%2Fv2%2Fcategories&post=29026"},{"taxonomy":"post_tag","embeddable":true,"href":"https:\/\/www.achimbrueckner.de\/dxradio\/php\/wordpress\/index.php?rest_route=%2Fwp%2Fv2%2Ftags&post=29026"}],"curies":[{"name":"wp","href":"https:\/\/api.w.org\/{rel}","templated":true}]}}