{"id":29064,"date":"2020-06-13T18:50:21","date_gmt":"2020-06-13T18:50:21","guid":{"rendered":"https:\/\/www.achimbrueckner.de\/dxradio\/php\/wordpress\/?p=29064"},"modified":"2020-06-13T18:50:21","modified_gmt":"2020-06-13T18:50:21","slug":"ohrenbar-und-co-sendeschluss-fur-das-ndr-kinderradio","status":"publish","type":"post","link":"https:\/\/www.achimbrueckner.de\/dxradio\/php\/wordpress\/?p=29064","title":{"rendered":"Ohrenb\u00e4r und Co Sendeschluss f\u00fcr das NDR-KInderradio ?"},"content":{"rendered":"<p><a href=\"https:\/\/www.abendblatt.de\/kultur-live\/tv-und-medien\/article229298480\/NDR-Info-Live-Podcast-Ohrenbaer-Mediathek-Mikado-Kinder-Radio-Kuerzungen.html\" rel=\"noopener noreferrer\" target=\"_blank\">https:\/\/www.abendblatt.de\/kultur-live\/tv-und-medien\/article229298480\/NDR-Info-Live-Podcast-Ohrenbaer-Mediathek-Mikado-Kinder-Radio-Kuerzungen.html<\/a><\/p>\n","protected":false},"excerpt":{"rendered":"<p>https:\/\/www.abendblatt.de\/kultur-live\/tv-und-medien\/article229298480\/NDR-Info-Live-Podcast-Ohrenbaer-Mediathek-Mikado-Kinder-Radio-Kuerzungen.html<\/p>\n","protected":false},"author":1,"featured_media":0,"comment_status":"closed","ping_status":"open","sticky":false,"template":"","format":"standard","meta":{"_jetpack_memberships_contains_paid_content":false,"footnotes":"","jetpack_publicize_message":"","jetpack_publicize_feature_enabled":true,"jetpack_social_post_already_shared":true,"jetpack_social_options":{"image_generator_settings":{"template":"highway","default_image_id":0,"font":"","enabled":false},"version":2}},"categories":[1,17,15],"tags":[46,45],"class_list":["post-29064","post","type-post","status-publish","format-standard","hentry","category-deutsch","category-media","category-medien","tag-media","tag-medien"],"jetpack_publicize_connections":[],"jetpack_featured_media_url":"","jetpack_sharing_enabled":true,"jetpack_shortlink":"https:\/\/wp.me\/p5CDmr-7yM","jetpack-related-posts":[{"id":10462,"url":"https:\/\/www.achimbrueckner.de\/dxradio\/php\/wordpress\/?p=10462","url_meta":{"origin":29064,"position":0},"title":"Der NDR trauert um Radio-Pionier Klaus Wellershaus","author":"Administrator","date":"September 24, 2016","format":false,"excerpt":"http:\/\/www.abendblatt.de\/kultur-live\/tv-und-medien\/article208282907\/Der-NDR-trauert-um-Radio-Pionier-Klaus-Wellershaus.html","rel":"","context":"In &quot;Deutsch&quot;","block_context":{"text":"Deutsch","link":"https:\/\/www.achimbrueckner.de\/dxradio\/php\/wordpress\/?cat=1"},"img":{"alt_text":"","src":"","width":0,"height":0},"classes":[]},{"id":29135,"url":"https:\/\/www.achimbrueckner.de\/dxradio\/php\/wordpress\/?p=29135","url_meta":{"origin":29064,"position":1},"title":"NDR-H\u00f6rfunk-Chef: \u201eRadio nimmt f\u00fcr Kinder an Bedeutung ab\u201c","author":"Administrator","date":"June 19, 2020","format":false,"excerpt":"https:\/\/www.abendblatt.de\/kultur-live\/tv-und-medien\/article229340172\/NDR-Hoerfunk-Chef-Radio-nimmt-fuer-Kinder-an-Bedeutung-ab.html","rel":"","context":"In &quot;Deutsch&quot;","block_context":{"text":"Deutsch","link":"https:\/\/www.achimbrueckner.de\/dxradio\/php\/wordpress\/?cat=1"},"img":{"alt_text":"","src":"","width":0,"height":0},"classes":[]},{"id":6921,"url":"https:\/\/www.achimbrueckner.de\/dxradio\/php\/wordpress\/?p=6921","url_meta":{"origin":29064,"position":2},"title":"MEDIA BROADCAST \u00fcbertr\u00e4gt traditionsreiches NDR-Weihnachtsprogramm f\u00fcr Seeleute in aller Welt via Kurzwelle","author":"Administrator","date":"December 17, 2015","format":false,"excerpt":"http:\/\/www.presse-archiv.org\/medien\/media-broadcast-uebertraegt-traditionsreiches-ndr-weihnachtsprogramm-fuer-seeleute-in-aller-welt-via-kurzwelle\/","rel":"","context":"In &quot;Deutsch&quot;","block_context":{"text":"Deutsch","link":"https:\/\/www.achimbrueckner.de\/dxradio\/php\/wordpress\/?cat=1"},"img":{"alt_text":"","src":"","width":0,"height":0},"classes":[]},{"id":39471,"url":"https:\/\/www.achimbrueckner.de\/dxradio\/php\/wordpress\/?p=39471","url_meta":{"origin":29064,"position":3},"title":"NDR-Multitalent-Wolf-Dieter-Stubel-stirbt-mit-81-Jahren","author":"Administrator","date":"May 10, 2023","format":false,"excerpt":"https:\/\/www.abendblatt.de\/kultur-live\/tv-und-medien\/article238364797\/NDR-Multitalent-Wolf-Dieter-Stubel-stirbt-mit-81-Jahren.html","rel":"","context":"In &quot;Deutsch&quot;","block_context":{"text":"Deutsch","link":"https:\/\/www.achimbrueckner.de\/dxradio\/php\/wordpress\/?cat=1"},"img":{"alt_text":"","src":"","width":0,"height":0},"classes":[]},{"id":16840,"url":"https:\/\/www.achimbrueckner.de\/dxradio\/php\/wordpress\/?p=16840","url_meta":{"origin":29064,"position":4},"title":"NDR plant gemeinsamen Nachrichten-Standort f\u00fcr H\u00f6rfunk, Fernsehen und Onlinemedien","author":"Administrator","date":"March 9, 2018","format":false,"excerpt":"http:\/\/www.radiowoche.de\/ndr-plant-gemeinsamen-nachrichten-standort-fuer-hoerfunk-fernsehen-und-onlinemedien\/","rel":"","context":"In &quot;Deutsch&quot;","block_context":{"text":"Deutsch","link":"https:\/\/www.achimbrueckner.de\/dxradio\/php\/wordpress\/?cat=1"},"img":{"alt_text":"","src":"","width":0,"height":0},"classes":[]},{"id":25718,"url":"https:\/\/www.achimbrueckner.de\/dxradio\/php\/wordpress\/?p=25718","url_meta":{"origin":29064,"position":5},"title":"Jugendmedientag im NDR &#8211; Sch\u00fclerinnen und Sch\u00fcler besuchen NDR Funkh\u00e4user","author":"Administrator","date":"November 10, 2019","format":false,"excerpt":"https:\/\/www.presseportal.de\/pm\/6561\/4434784","rel":"","context":"In &quot;Deutsch&quot;","block_context":{"text":"Deutsch","link":"https:\/\/www.achimbrueckner.de\/dxradio\/php\/wordpress\/?cat=1"},"img":{"alt_text":"","src":"","width":0,"height":0},"classes":[]}],"_links":{"self":[{"href":"https:\/\/www.achimbrueckner.de\/dxradio\/php\/wordpress\/index.php?rest_route=\/wp\/v2\/posts\/29064","targetHints":{"allow":["GET"]}}],"collection":[{"href":"https:\/\/www.achimbrueckner.de\/dxradio\/php\/wordpress\/index.php?rest_route=\/wp\/v2\/posts"}],"about":[{"href":"https:\/\/www.achimbrueckner.de\/dxradio\/php\/wordpress\/index.php?rest_route=\/wp\/v2\/types\/post"}],"author":[{"embeddable":true,"href":"https:\/\/www.achimbrueckner.de\/dxradio\/php\/wordpress\/index.php?rest_route=\/wp\/v2\/users\/1"}],"replies":[{"embeddable":true,"href":"https:\/\/www.achimbrueckner.de\/dxradio\/php\/wordpress\/index.php?rest_route=%2Fwp%2Fv2%2Fcomments&post=29064"}],"version-history":[{"count":0,"href":"https:\/\/www.achimbrueckner.de\/dxradio\/php\/wordpress\/index.php?rest_route=\/wp\/v2\/posts\/29064\/revisions"}],"wp:attachment":[{"href":"https:\/\/www.achimbrueckner.de\/dxradio\/php\/wordpress\/index.php?rest_route=%2Fwp%2Fv2%2Fmedia&parent=29064"}],"wp:term":[{"taxonomy":"category","embeddable":true,"href":"https:\/\/www.achimbrueckner.de\/dxradio\/php\/wordpress\/index.php?rest_route=%2Fwp%2Fv2%2Fcategories&post=29064"},{"taxonomy":"post_tag","embeddable":true,"href":"https:\/\/www.achimbrueckner.de\/dxradio\/php\/wordpress\/index.php?rest_route=%2Fwp%2Fv2%2Ftags&post=29064"}],"curies":[{"name":"wp","href":"https:\/\/api.w.org\/{rel}","templated":true}]}}