{"id":29098,"date":"2020-06-16T16:26:43","date_gmt":"2020-06-16T16:26:43","guid":{"rendered":"https:\/\/www.achimbrueckner.de\/dxradio\/php\/wordpress\/?p=29098"},"modified":"2020-06-16T16:26:43","modified_gmt":"2020-06-16T16:26:43","slug":"medienclub-diskutiert-corona-berichterstattung","status":"publish","type":"post","link":"https:\/\/www.achimbrueckner.de\/dxradio\/php\/wordpress\/?p=29098","title":{"rendered":"Medienclub diskutiert Corona-Berichterstattung"},"content":{"rendered":"<p><a href=\"https:\/\/www.persoenlich.com\/medien\/medienclub-diskutiert-corona-berichterstattung\" rel=\"noopener noreferrer\" target=\"_blank\">https:\/\/www.persoenlich.com\/medien\/medienclub-diskutiert-corona-berichterstattung<\/a><\/p>\n","protected":false},"excerpt":{"rendered":"<p>https:\/\/www.persoenlich.com\/medien\/medienclub-diskutiert-corona-berichterstattung<\/p>\n","protected":false},"author":1,"featured_media":0,"comment_status":"closed","ping_status":"open","sticky":false,"template":"","format":"standard","meta":{"_jetpack_memberships_contains_paid_content":false,"footnotes":"","jetpack_publicize_message":"","jetpack_publicize_feature_enabled":true,"jetpack_social_post_already_shared":true,"jetpack_social_options":{"image_generator_settings":{"template":"highway","default_image_id":0,"font":"","enabled":false},"version":2}},"categories":[1,15],"tags":[45],"class_list":["post-29098","post","type-post","status-publish","format-standard","hentry","category-deutsch","category-medien","tag-medien"],"jetpack_publicize_connections":[],"jetpack_featured_media_url":"","jetpack_sharing_enabled":true,"jetpack_shortlink":"https:\/\/wp.me\/p5CDmr-7zk","jetpack-related-posts":[{"id":29110,"url":"https:\/\/www.achimbrueckner.de\/dxradio\/php\/wordpress\/?p=29110","url_meta":{"origin":29098,"position":0},"title":"\u00abMedienclub\u00bb: Tatsachen und Meinungen \u2013 Wie objektiv berichten Medien?","author":"Administrator","date":"June 17, 2020","format":false,"excerpt":"https:\/\/www.srgd.ch\/de\/aktuelles\/news\/2020\/06\/15\/medienclub-tatsachen-und-meinungen-wie-objektiv-berichten-medien\/","rel":"","context":"In &quot;Deutsch&quot;","block_context":{"text":"Deutsch","link":"https:\/\/www.achimbrueckner.de\/dxradio\/php\/wordpress\/?cat=1"},"img":{"alt_text":"","src":"","width":0,"height":0},"classes":[]},{"id":19584,"url":"https:\/\/www.achimbrueckner.de\/dxradio\/php\/wordpress\/?p=19584","url_meta":{"origin":29098,"position":1},"title":"\u00abMedienclub\u00bb: Wie ticken die Jungen?","author":"Administrator","date":"October 16, 2018","format":false,"excerpt":"https:\/\/www.srgd.ch\/de\/aktuelles\/news\/2018\/10\/15\/medienclub-wie-ticken-die-jungen\/","rel":"","context":"In &quot;Deutsch&quot;","block_context":{"text":"Deutsch","link":"https:\/\/www.achimbrueckner.de\/dxradio\/php\/wordpress\/?cat=1"},"img":{"alt_text":"","src":"","width":0,"height":0},"classes":[]},{"id":15255,"url":"https:\/\/www.achimbrueckner.de\/dxradio\/php\/wordpress\/?p=15255","url_meta":{"origin":29098,"position":2},"title":"Wer investiert noch in Journalismus?","author":"Administrator","date":"October 31, 2017","format":false,"excerpt":"https:\/\/www.srgd.ch\/de\/aktuelles\/news\/2017\/10\/31\/medienclub-wer-investiert-noch-journalismus\/","rel":"","context":"In &quot;Deutsch&quot;","block_context":{"text":"Deutsch","link":"https:\/\/www.achimbrueckner.de\/dxradio\/php\/wordpress\/?cat=1"},"img":{"alt_text":"","src":"","width":0,"height":0},"classes":[]},{"id":11468,"url":"https:\/\/www.achimbrueckner.de\/dxradio\/php\/wordpress\/?p=11468","url_meta":{"origin":29098,"position":3},"title":"Berichterstattung \u00fcber Berliner Anschlag &#8220;Medien k\u00f6nnen den Geschwindigkeitswettbewerb nicht gewinnen&#8221;","author":"Administrator","date":"December 20, 2016","format":false,"excerpt":"http:\/\/www.deutschlandfunk.de\/berichterstattung-ueber-berliner-anschlag-medien-koennen.691.de.html?dram%3Aarticle_id=374447","rel":"","context":"In &quot;Deutsch&quot;","block_context":{"text":"Deutsch","link":"https:\/\/www.achimbrueckner.de\/dxradio\/php\/wordpress\/?cat=1"},"img":{"alt_text":"","src":"","width":0,"height":0},"classes":[]},{"id":8422,"url":"https:\/\/www.achimbrueckner.de\/dxradio\/php\/wordpress\/?p=8422","url_meta":{"origin":29098,"position":4},"title":"Berichterstattung in Westjordanland und Gaza M\u00e4rtyrer f\u00fcr die einen, M\u00f6rder f\u00fcr die anderen","author":"Administrator","date":"May 30, 2016","format":false,"excerpt":"http:\/\/www.tagesspiegel.de\/medien\/berichterstattung-in-westjordanland-und-gaza-maertyrer-fuer-die-einen-moerder-fuer-die-anderen\/13657558.html","rel":"","context":"In &quot;Deutsch&quot;","block_context":{"text":"Deutsch","link":"https:\/\/www.achimbrueckner.de\/dxradio\/php\/wordpress\/?cat=1"},"img":{"alt_text":"","src":"","width":0,"height":0},"classes":[]},{"id":36729,"url":"https:\/\/www.achimbrueckner.de\/dxradio\/php\/wordpress\/?p=36729","url_meta":{"origin":29098,"position":5},"title":"Online-Petition prangert \u201ctrans-feindliche Berichterstattung\u201d der Medien an.","author":"Administrator","date":"June 27, 2022","format":false,"excerpt":"https:\/\/www.turi2.de\/aktuell\/online-petition-prangert-trans-feindliche-berichterstattung-der-medien-an\/","rel":"","context":"In &quot;Deutsch&quot;","block_context":{"text":"Deutsch","link":"https:\/\/www.achimbrueckner.de\/dxradio\/php\/wordpress\/?cat=1"},"img":{"alt_text":"","src":"","width":0,"height":0},"classes":[]}],"_links":{"self":[{"href":"https:\/\/www.achimbrueckner.de\/dxradio\/php\/wordpress\/index.php?rest_route=\/wp\/v2\/posts\/29098","targetHints":{"allow":["GET"]}}],"collection":[{"href":"https:\/\/www.achimbrueckner.de\/dxradio\/php\/wordpress\/index.php?rest_route=\/wp\/v2\/posts"}],"about":[{"href":"https:\/\/www.achimbrueckner.de\/dxradio\/php\/wordpress\/index.php?rest_route=\/wp\/v2\/types\/post"}],"author":[{"embeddable":true,"href":"https:\/\/www.achimbrueckner.de\/dxradio\/php\/wordpress\/index.php?rest_route=\/wp\/v2\/users\/1"}],"replies":[{"embeddable":true,"href":"https:\/\/www.achimbrueckner.de\/dxradio\/php\/wordpress\/index.php?rest_route=%2Fwp%2Fv2%2Fcomments&post=29098"}],"version-history":[{"count":0,"href":"https:\/\/www.achimbrueckner.de\/dxradio\/php\/wordpress\/index.php?rest_route=\/wp\/v2\/posts\/29098\/revisions"}],"wp:attachment":[{"href":"https:\/\/www.achimbrueckner.de\/dxradio\/php\/wordpress\/index.php?rest_route=%2Fwp%2Fv2%2Fmedia&parent=29098"}],"wp:term":[{"taxonomy":"category","embeddable":true,"href":"https:\/\/www.achimbrueckner.de\/dxradio\/php\/wordpress\/index.php?rest_route=%2Fwp%2Fv2%2Fcategories&post=29098"},{"taxonomy":"post_tag","embeddable":true,"href":"https:\/\/www.achimbrueckner.de\/dxradio\/php\/wordpress\/index.php?rest_route=%2Fwp%2Fv2%2Ftags&post=29098"}],"curies":[{"name":"wp","href":"https:\/\/api.w.org\/{rel}","templated":true}]}}