{"id":29099,"date":"2020-06-16T16:28:10","date_gmt":"2020-06-16T16:28:10","guid":{"rendered":"https:\/\/www.achimbrueckner.de\/dxradio\/php\/wordpress\/?p=29099"},"modified":"2020-06-16T16:28:10","modified_gmt":"2020-06-16T16:28:10","slug":"corona-und-streaming-zum-trotz-das-schweizer-kino-kampft-um-seine-zukunft","status":"publish","type":"post","link":"https:\/\/www.achimbrueckner.de\/dxradio\/php\/wordpress\/?p=29099","title":{"rendered":"Corona und Streaming zum Trotz &#8211; Das Schweizer Kino k\u00e4mpft um seine Zukunft"},"content":{"rendered":"<p><a href=\"https:\/\/www.srf.ch\/news\/wirtschaft\/corona-und-streaming-zum-trotz-das-schweizer-kino-kaempft-um-seine-zukunft?ns_source=mobile&#038;srg_sm_medium=tw\" rel=\"noopener noreferrer\" target=\"_blank\">https:\/\/www.srf.ch\/news\/wirtschaft\/corona-und-streaming-zum-trotz-das-schweizer-kino-kaempft-um-seine-zukunft?ns_source=mobile&#038;srg_sm_medium=tw<\/a><\/p>\n","protected":false},"excerpt":{"rendered":"<p>https:\/\/www.srf.ch\/news\/wirtschaft\/corona-und-streaming-zum-trotz-das-schweizer-kino-kaempft-um-seine-zukunft?ns_source=mobile&#038;srg_sm_medium=tw<\/p>\n","protected":false},"author":1,"featured_media":0,"comment_status":"closed","ping_status":"open","sticky":false,"template":"","format":"standard","meta":{"_jetpack_memberships_contains_paid_content":false,"footnotes":"","jetpack_publicize_message":"","jetpack_publicize_feature_enabled":true,"jetpack_social_post_already_shared":true,"jetpack_social_options":{"image_generator_settings":{"template":"highway","default_image_id":0,"font":"","enabled":false},"version":2}},"categories":[1],"tags":[24],"class_list":["post-29099","post","type-post","status-publish","format-standard","hentry","category-deutsch","tag-am"],"jetpack_publicize_connections":[],"jetpack_featured_media_url":"","jetpack_sharing_enabled":true,"jetpack_shortlink":"https:\/\/wp.me\/p5CDmr-7zl","jetpack-related-posts":[{"id":7376,"url":"https:\/\/www.achimbrueckner.de\/dxradio\/php\/wordpress\/?p=7376","url_meta":{"origin":29099,"position":0},"title":"31. Januar 2016 Sonntag ab 10 Uhr MEZ: &#8220;Radio. Menschen &#038; Geschichten&#8221;","author":"Administrator","date":"January 26, 2016","format":false,"excerpt":"Hallo in die Runde, Wir haben ja schon \u00fcber ein neues \"Radio-im-Radio-Magazin\" hier berichtet.. Dieses \"Corona-freie\", Ihr wisst schon. In 5 Tagen geht es dann also los mit Ausgabe 1. In den letzten Tagen hat sich einiges getan. Der Name steht fest: \"Radio. Menschen und Geschichten\". Ne Facebookseite gibt's derweil\u2026","rel":"","context":"In &quot;Deutsch&quot;","block_context":{"text":"Deutsch","link":"https:\/\/www.achimbrueckner.de\/dxradio\/php\/wordpress\/?cat=1"},"img":{"alt_text":"","src":"","width":0,"height":0},"classes":[]},{"id":22688,"url":"https:\/\/www.achimbrueckner.de\/dxradio\/php\/wordpress\/?p=22688","url_meta":{"origin":29099,"position":1},"title":"Bringt Netflix wirklich das Kino um ?","author":"Administrator","date":"April 13, 2019","format":false,"excerpt":"https:\/\/www.zeit.de\/kultur\/film\/2019-04\/streaming-anbieter-netflix-amazon-prime-kino-filme","rel":"","context":"In &quot;Deutsch&quot;","block_context":{"text":"Deutsch","link":"https:\/\/www.achimbrueckner.de\/dxradio\/php\/wordpress\/?cat=1"},"img":{"alt_text":"","src":"","width":0,"height":0},"classes":[]},{"id":13141,"url":"https:\/\/www.achimbrueckner.de\/dxradio\/php\/wordpress\/?p=13141","url_meta":{"origin":29099,"position":2},"title":"ARD-Vorsitzende: TV und Radio haben trotz Internet Zukunft","author":"Administrator","date":"May 12, 2017","format":false,"excerpt":"http:\/\/www.digitalfernsehen.de\/ARD-Vorsitzende-TV-und-Radio-haben-trotz-Internet-Zukunft.152954.0.html","rel":"","context":"In &quot;Deutsch&quot;","block_context":{"text":"Deutsch","link":"https:\/\/www.achimbrueckner.de\/dxradio\/php\/wordpress\/?cat=1"},"img":{"alt_text":"","src":"","width":0,"height":0},"classes":[]},{"id":28644,"url":"https:\/\/www.achimbrueckner.de\/dxradio\/php\/wordpress\/?p=28644","url_meta":{"origin":29099,"position":3},"title":"Das Radio der Zukunft &#8211; Podcasts f\u00fcr und nach Corona-Zeiten","author":"Administrator","date":"May 13, 2020","format":false,"excerpt":"https:\/\/www.wort.lu\/de\/kultur\/das-radio-der-zukunft-podcasts-fuer-und-nach-corona-zeiten-5ebbb696da2cc1784e35d9e4","rel":"","context":"In &quot;Deutsch&quot;","block_context":{"text":"Deutsch","link":"https:\/\/www.achimbrueckner.de\/dxradio\/php\/wordpress\/?cat=1"},"img":{"alt_text":"","src":"","width":0,"height":0},"classes":[]},{"id":19000,"url":"https:\/\/www.achimbrueckner.de\/dxradio\/php\/wordpress\/?p=19000","url_meta":{"origin":29099,"position":4},"title":"Die Schweizer Radiomacher feiern die Zukunft ihres Mediums","author":"Administrator","date":"September 1, 2018","format":false,"excerpt":"http:\/\/www.werbewoche.ch\/medien\/media\/2018-08-29\/die-schweizer-radiomacher-feiern-die-zukunft-ihres-mediums","rel":"","context":"In &quot;Deutsch&quot;","block_context":{"text":"Deutsch","link":"https:\/\/www.achimbrueckner.de\/dxradio\/php\/wordpress\/?cat=1"},"img":{"alt_text":"","src":"","width":0,"height":0},"classes":[]},{"id":32028,"url":"https:\/\/www.achimbrueckner.de\/dxradio\/php\/wordpress\/?p=32028","url_meta":{"origin":29099,"position":5},"title":"Satzentrale 28. Februar 2021","author":"Administrator","date":"February 18, 2021","format":false,"excerpt":"Die SATzentrale (https:\/\/www.satzentrale.de) feiert in diesem Jahr ihr 20-j\u00e4hriges Bestehen. In einer Sondersendung blickt das Satelliten- und Medienportal auf seine Anf\u00e4nge zur\u00fcck und wirft einen Blick in die Zukunft. Das Special l\u00e4uft am 28. Februar 2021 um 13 Uhr auf der Kurzwellenfrequenz 6070 kHz. Der Empfang wird mit einer e-QSL\u2026","rel":"","context":"In &quot;Deutsch&quot;","block_context":{"text":"Deutsch","link":"https:\/\/www.achimbrueckner.de\/dxradio\/php\/wordpress\/?cat=1"},"img":{"alt_text":"","src":"","width":0,"height":0},"classes":[]}],"_links":{"self":[{"href":"https:\/\/www.achimbrueckner.de\/dxradio\/php\/wordpress\/index.php?rest_route=\/wp\/v2\/posts\/29099","targetHints":{"allow":["GET"]}}],"collection":[{"href":"https:\/\/www.achimbrueckner.de\/dxradio\/php\/wordpress\/index.php?rest_route=\/wp\/v2\/posts"}],"about":[{"href":"https:\/\/www.achimbrueckner.de\/dxradio\/php\/wordpress\/index.php?rest_route=\/wp\/v2\/types\/post"}],"author":[{"embeddable":true,"href":"https:\/\/www.achimbrueckner.de\/dxradio\/php\/wordpress\/index.php?rest_route=\/wp\/v2\/users\/1"}],"replies":[{"embeddable":true,"href":"https:\/\/www.achimbrueckner.de\/dxradio\/php\/wordpress\/index.php?rest_route=%2Fwp%2Fv2%2Fcomments&post=29099"}],"version-history":[{"count":0,"href":"https:\/\/www.achimbrueckner.de\/dxradio\/php\/wordpress\/index.php?rest_route=\/wp\/v2\/posts\/29099\/revisions"}],"wp:attachment":[{"href":"https:\/\/www.achimbrueckner.de\/dxradio\/php\/wordpress\/index.php?rest_route=%2Fwp%2Fv2%2Fmedia&parent=29099"}],"wp:term":[{"taxonomy":"category","embeddable":true,"href":"https:\/\/www.achimbrueckner.de\/dxradio\/php\/wordpress\/index.php?rest_route=%2Fwp%2Fv2%2Fcategories&post=29099"},{"taxonomy":"post_tag","embeddable":true,"href":"https:\/\/www.achimbrueckner.de\/dxradio\/php\/wordpress\/index.php?rest_route=%2Fwp%2Fv2%2Ftags&post=29099"}],"curies":[{"name":"wp","href":"https:\/\/api.w.org\/{rel}","templated":true}]}}