{"id":29101,"date":"2020-06-17T15:14:25","date_gmt":"2020-06-17T15:14:25","guid":{"rendered":"https:\/\/www.achimbrueckner.de\/dxradio\/php\/wordpress\/?p=29101"},"modified":"2020-06-17T15:14:25","modified_gmt":"2020-06-17T15:14:25","slug":"ard-sender-offnen-ihre-archive","status":"publish","type":"post","link":"https:\/\/www.achimbrueckner.de\/dxradio\/php\/wordpress\/?p=29101","title":{"rendered":"ARD-Sender \u00f6ffnen ihre Archive"},"content":{"rendered":"<p><a href=\"https:\/\/www.presseportal.de\/pm\/29876\/4625517\" rel=\"noopener noreferrer\" target=\"_blank\">https:\/\/www.presseportal.de\/pm\/29876\/4625517<\/a><\/p>\n","protected":false},"excerpt":{"rendered":"<p>https:\/\/www.presseportal.de\/pm\/29876\/4625517<\/p>\n","protected":false},"author":1,"featured_media":0,"comment_status":"closed","ping_status":"open","sticky":false,"template":"","format":"standard","meta":{"_jetpack_memberships_contains_paid_content":false,"footnotes":"","jetpack_publicize_message":"","jetpack_publicize_feature_enabled":true,"jetpack_social_post_already_shared":true,"jetpack_social_options":{"image_generator_settings":{"template":"highway","default_image_id":0,"font":"","enabled":false},"version":2}},"categories":[1],"tags":[],"class_list":["post-29101","post","type-post","status-publish","format-standard","hentry","category-deutsch"],"jetpack_publicize_connections":[],"jetpack_featured_media_url":"","jetpack_sharing_enabled":true,"jetpack_shortlink":"https:\/\/wp.me\/p5CDmr-7zn","jetpack-related-posts":[{"id":30524,"url":"https:\/\/www.achimbrueckner.de\/dxradio\/php\/wordpress\/?p=30524","url_meta":{"origin":29101,"position":0},"title":"TV-Beitr\u00e4ge von vor 1966 ARD-Sender \u00f6ffnen ihre Archive und starten &#8220;ARD Retro&#8221;","author":"Administrator","date":"October 21, 2020","format":false,"excerpt":"https:\/\/www.dwdl.de\/nachrichten\/79910\/ardsender_oeffnen_ihre_archive_und_starten_ard_retro\/","rel":"","context":"In &quot;Deutsch&quot;","block_context":{"text":"Deutsch","link":"https:\/\/www.achimbrueckner.de\/dxradio\/php\/wordpress\/?cat=1"},"img":{"alt_text":"","src":"","width":0,"height":0},"classes":[]},{"id":30529,"url":"https:\/\/www.achimbrueckner.de\/dxradio\/php\/wordpress\/?p=30529","url_meta":{"origin":29101,"position":1},"title":"Videos der Zeitgeschichte online in der ARD Mediathek ARD Retro startet am 27. Oktober 2020","author":"Administrator","date":"October 22, 2020","format":false,"excerpt":"https:\/\/www.presseportal.de\/pm\/29876\/4739923","rel":"","context":"In &quot;Deutsch&quot;","block_context":{"text":"Deutsch","link":"https:\/\/www.achimbrueckner.de\/dxradio\/php\/wordpress\/?cat=1"},"img":{"alt_text":"","src":"","width":0,"height":0},"classes":[]},{"id":23653,"url":"https:\/\/www.achimbrueckner.de\/dxradio\/php\/wordpress\/?p=23653","url_meta":{"origin":29101,"position":2},"title":"Medienkompetenz zum Anfassen beim ARD-Jugendmedientag","author":"Administrator","date":"July 7, 2019","format":false,"excerpt":"https:\/\/www.presseportal.de\/pm\/29876\/4307797","rel":"","context":"In &quot;Deutsch&quot;","block_context":{"text":"Deutsch","link":"https:\/\/www.achimbrueckner.de\/dxradio\/php\/wordpress\/?cat=1"},"img":{"alt_text":"","src":"","width":0,"height":0},"classes":[]},{"id":23740,"url":"https:\/\/www.achimbrueckner.de\/dxradio\/php\/wordpress\/?p=23740","url_meta":{"origin":29101,"position":3},"title":"ARD-H\u00f6rfunk: Spitzenposition im deutschen Radio-Markt, gro\u00dfer Erfolg mit den Kultur- und Informationsprogrammen ARD erreicht t\u00e4glich knapp 37 Millionen Menschen","author":"Administrator","date":"July 10, 2019","format":false,"excerpt":"https:\/\/www.presseportal.de\/pm\/29876\/4319871","rel":"","context":"In &quot;Deutsch&quot;","block_context":{"text":"Deutsch","link":"https:\/\/www.achimbrueckner.de\/dxradio\/php\/wordpress\/?cat=1"},"img":{"alt_text":"","src":"","width":0,"height":0},"classes":[]},{"id":34039,"url":"https:\/\/www.achimbrueckner.de\/dxradio\/php\/wordpress\/?p=34039","url_meta":{"origin":29101,"position":4},"title":"Die ARD live im Klassenzimmer: Jugendmedientag 2021 mit so vielen Teilnehmer:innen wie noch nie 150 Live-Veranstaltungen beim Medienkompetenzprojekt der ARD-Landesrundfunkanstalten","author":"Administrator","date":"November 18, 2021","format":false,"excerpt":"https:\/\/www.presseportal.de\/pm\/29876\/5076773","rel":"","context":"In &quot;Deutsch&quot;","block_context":{"text":"Deutsch","link":"https:\/\/www.achimbrueckner.de\/dxradio\/php\/wordpress\/?cat=1"},"img":{"alt_text":"","src":"","width":0,"height":0},"classes":[]},{"id":18770,"url":"https:\/\/www.achimbrueckner.de\/dxradio\/php\/wordpress\/?p=18770","url_meta":{"origin":29101,"position":5},"title":"Der Sommer im Radio: H\u00f6hepunkte des ARD-Radiofestivals in der zweiten Halbzeit","author":"Administrator","date":"August 12, 2018","format":false,"excerpt":"https:\/\/www.presseportal.de\/pm\/29876\/4031265","rel":"","context":"In &quot;Deutsch&quot;","block_context":{"text":"Deutsch","link":"https:\/\/www.achimbrueckner.de\/dxradio\/php\/wordpress\/?cat=1"},"img":{"alt_text":"","src":"","width":0,"height":0},"classes":[]}],"_links":{"self":[{"href":"https:\/\/www.achimbrueckner.de\/dxradio\/php\/wordpress\/index.php?rest_route=\/wp\/v2\/posts\/29101","targetHints":{"allow":["GET"]}}],"collection":[{"href":"https:\/\/www.achimbrueckner.de\/dxradio\/php\/wordpress\/index.php?rest_route=\/wp\/v2\/posts"}],"about":[{"href":"https:\/\/www.achimbrueckner.de\/dxradio\/php\/wordpress\/index.php?rest_route=\/wp\/v2\/types\/post"}],"author":[{"embeddable":true,"href":"https:\/\/www.achimbrueckner.de\/dxradio\/php\/wordpress\/index.php?rest_route=\/wp\/v2\/users\/1"}],"replies":[{"embeddable":true,"href":"https:\/\/www.achimbrueckner.de\/dxradio\/php\/wordpress\/index.php?rest_route=%2Fwp%2Fv2%2Fcomments&post=29101"}],"version-history":[{"count":0,"href":"https:\/\/www.achimbrueckner.de\/dxradio\/php\/wordpress\/index.php?rest_route=\/wp\/v2\/posts\/29101\/revisions"}],"wp:attachment":[{"href":"https:\/\/www.achimbrueckner.de\/dxradio\/php\/wordpress\/index.php?rest_route=%2Fwp%2Fv2%2Fmedia&parent=29101"}],"wp:term":[{"taxonomy":"category","embeddable":true,"href":"https:\/\/www.achimbrueckner.de\/dxradio\/php\/wordpress\/index.php?rest_route=%2Fwp%2Fv2%2Fcategories&post=29101"},{"taxonomy":"post_tag","embeddable":true,"href":"https:\/\/www.achimbrueckner.de\/dxradio\/php\/wordpress\/index.php?rest_route=%2Fwp%2Fv2%2Ftags&post=29101"}],"curies":[{"name":"wp","href":"https:\/\/api.w.org\/{rel}","templated":true}]}}