{"id":29121,"date":"2020-06-18T16:09:41","date_gmt":"2020-06-18T16:09:41","guid":{"rendered":"https:\/\/www.achimbrueckner.de\/dxradio\/php\/wordpress\/?p=29121"},"modified":"2020-06-18T16:09:41","modified_gmt":"2020-06-18T16:09:41","slug":"ham-radio-2020-ham-radio-online-darc-amateurfunk","status":"publish","type":"post","link":"https:\/\/www.achimbrueckner.de\/dxradio\/php\/wordpress\/?p=29121","title":{"rendered":"Ham Radio 2020 &#8211; Ham Radio Online DARC Amateurfunk"},"content":{"rendered":"<p><a href=\"https:\/\/www.youtube.com\/watch?v=hfT8S1klkCo&#038;t=2s\" rel=\"noopener noreferrer\" target=\"_blank\">https:\/\/www.youtube.com\/watch?v=hfT8S1klkCo&#038;t=2s<\/a><\/p>\n","protected":false},"excerpt":{"rendered":"<p>https:\/\/www.youtube.com\/watch?v=hfT8S1klkCo&#038;t=2s<\/p>\n","protected":false},"author":1,"featured_media":0,"comment_status":"closed","ping_status":"open","sticky":false,"template":"","format":"standard","meta":{"_jetpack_memberships_contains_paid_content":false,"footnotes":"","jetpack_publicize_message":"","jetpack_publicize_feature_enabled":true,"jetpack_social_post_already_shared":true,"jetpack_social_options":{"image_generator_settings":{"template":"highway","default_image_id":0,"font":"","enabled":false},"version":2}},"categories":[1],"tags":[24],"class_list":["post-29121","post","type-post","status-publish","format-standard","hentry","category-deutsch","tag-am"],"jetpack_publicize_connections":[],"jetpack_featured_media_url":"","jetpack_sharing_enabled":true,"jetpack_shortlink":"https:\/\/wp.me\/p5CDmr-7zH","jetpack-related-posts":[{"id":28610,"url":"https:\/\/www.achimbrueckner.de\/dxradio\/php\/wordpress\/?p=28610","url_meta":{"origin":29121,"position":0},"title":"Radio DARC on Air &#8211; DF2NU Amateurfunk Ham Radio &#8211; Prof. Dr. Ulrich Rohde N1UL, DJ2LR &#8211; dk2ndr","author":"Administrator","date":"May 11, 2020","format":false,"excerpt":"https:\/\/www.youtube.com\/watch?v=rrLhoJdKVOE","rel":"","context":"In &quot;Deutsch&quot;","block_context":{"text":"Deutsch","link":"https:\/\/www.achimbrueckner.de\/dxradio\/php\/wordpress\/?cat=1"},"img":{"alt_text":"","src":"","width":0,"height":0},"classes":[]},{"id":27513,"url":"https:\/\/www.achimbrueckner.de\/dxradio\/php\/wordpress\/?p=27513","url_meta":{"origin":29121,"position":1},"title":"Ham Radio Apps f\u00fcr IOS &#8211; Apps f\u00fcr den Funkamateur mit iPad &#8211; Amateurfunk","author":"Administrator","date":"March 9, 2020","format":false,"excerpt":"https:\/\/www.youtube.com\/watch?v=2NKguiXWA8k","rel":"","context":"In &quot;Deutsch&quot;","block_context":{"text":"Deutsch","link":"https:\/\/www.achimbrueckner.de\/dxradio\/php\/wordpress\/?cat=1"},"img":{"alt_text":"","src":"","width":0,"height":0},"classes":[]},{"id":5040,"url":"https:\/\/www.achimbrueckner.de\/dxradio\/php\/wordpress\/?p=5040","url_meta":{"origin":29121,"position":2},"title":"Ham Radio 2015","author":"Administrator","date":"June 28, 2015","format":false,"excerpt":"Offizieller Messefilm des DARC https:\/\/www.youtube.com\/watch?v=U25Xs7pTs9s&feature=youtu.be","rel":"","context":"In &quot;camps&quot;","block_context":{"text":"camps","link":"https:\/\/www.achimbrueckner.de\/dxradio\/php\/wordpress\/?cat=5"},"img":{"alt_text":"","src":"","width":0,"height":0},"classes":[]},{"id":43579,"url":"https:\/\/www.achimbrueckner.de\/dxradio\/php\/wordpress\/?p=43579","url_meta":{"origin":29121,"position":3},"title":"DARC Umfrage Ham Radio","author":"Administrator","date":"August 15, 2025","format":false,"excerpt":"Der DARC m\u00f6chte die HAM RADIO, Europas f\u00fchrende Messe f\u00fcr Amateurfunk, weiterentwickeln und bittet um deine Meinung! Egal, ob du die Messe regelm\u00e4\u00dfig besuchst, fr\u00fcher dort warst oder sie noch nie besucht hast \u2013 deine Meinung ist uns wichtig. Nimm dir 5-10 Minuten Zeit und hilf uns, die Veranstaltung f\u00fcr\u2026","rel":"","context":"In &quot;Deutsch&quot;","block_context":{"text":"Deutsch","link":"https:\/\/www.achimbrueckner.de\/dxradio\/php\/wordpress\/?cat=1"},"img":{"alt_text":"","src":"","width":0,"height":0},"classes":[]},{"id":12508,"url":"https:\/\/www.achimbrueckner.de\/dxradio\/php\/wordpress\/?p=12508","url_meta":{"origin":29121,"position":4},"title":"Radio DARC On Air DF2NU dk2ndr Amateurfunk Conny Ferrin ORS Funkamateur OV- C18","author":"Administrator","date":"March 14, 2017","format":false,"excerpt":"https:\/\/www.youtube.com\/watch?v=dQPhLVU5YFo","rel":"","context":"In &quot;Deutsch&quot;","block_context":{"text":"Deutsch","link":"https:\/\/www.achimbrueckner.de\/dxradio\/php\/wordpress\/?cat=1"},"img":{"alt_text":"","src":"","width":0,"height":0},"classes":[]},{"id":14147,"url":"https:\/\/www.achimbrueckner.de\/dxradio\/php\/wordpress\/?p=14147","url_meta":{"origin":29121,"position":5},"title":"Amateurfunk Podcast zur Ham Radio 2017 ver\u00f6ffentlicht","author":"Administrator","date":"August 14, 2017","format":false,"excerpt":"https:\/\/www.hamspirit.de\/8352\/amateurfunk-podcast-zur-ham-radio-2017-veroeffentlicht\/","rel":"","context":"In &quot;Deutsch&quot;","block_context":{"text":"Deutsch","link":"https:\/\/www.achimbrueckner.de\/dxradio\/php\/wordpress\/?cat=1"},"img":{"alt_text":"","src":"","width":0,"height":0},"classes":[]}],"_links":{"self":[{"href":"https:\/\/www.achimbrueckner.de\/dxradio\/php\/wordpress\/index.php?rest_route=\/wp\/v2\/posts\/29121","targetHints":{"allow":["GET"]}}],"collection":[{"href":"https:\/\/www.achimbrueckner.de\/dxradio\/php\/wordpress\/index.php?rest_route=\/wp\/v2\/posts"}],"about":[{"href":"https:\/\/www.achimbrueckner.de\/dxradio\/php\/wordpress\/index.php?rest_route=\/wp\/v2\/types\/post"}],"author":[{"embeddable":true,"href":"https:\/\/www.achimbrueckner.de\/dxradio\/php\/wordpress\/index.php?rest_route=\/wp\/v2\/users\/1"}],"replies":[{"embeddable":true,"href":"https:\/\/www.achimbrueckner.de\/dxradio\/php\/wordpress\/index.php?rest_route=%2Fwp%2Fv2%2Fcomments&post=29121"}],"version-history":[{"count":0,"href":"https:\/\/www.achimbrueckner.de\/dxradio\/php\/wordpress\/index.php?rest_route=\/wp\/v2\/posts\/29121\/revisions"}],"wp:attachment":[{"href":"https:\/\/www.achimbrueckner.de\/dxradio\/php\/wordpress\/index.php?rest_route=%2Fwp%2Fv2%2Fmedia&parent=29121"}],"wp:term":[{"taxonomy":"category","embeddable":true,"href":"https:\/\/www.achimbrueckner.de\/dxradio\/php\/wordpress\/index.php?rest_route=%2Fwp%2Fv2%2Fcategories&post=29121"},{"taxonomy":"post_tag","embeddable":true,"href":"https:\/\/www.achimbrueckner.de\/dxradio\/php\/wordpress\/index.php?rest_route=%2Fwp%2Fv2%2Ftags&post=29121"}],"curies":[{"name":"wp","href":"https:\/\/api.w.org\/{rel}","templated":true}]}}