{"id":29245,"date":"2020-06-30T15:18:45","date_gmt":"2020-06-30T15:18:45","guid":{"rendered":"https:\/\/www.achimbrueckner.de\/dxradio\/php\/wordpress\/?p=29245"},"modified":"2020-06-30T15:18:45","modified_gmt":"2020-06-30T15:18:45","slug":"funf-jahre-apple-music-das-uneingeloste-versprechen","status":"publish","type":"post","link":"https:\/\/www.achimbrueckner.de\/dxradio\/php\/wordpress\/?p=29245","title":{"rendered":"F\u00fcnf Jahre Apple Music Das uneingel\u00f6ste Versprechen"},"content":{"rendered":"<p><a href=\"https:\/\/meedia.de\/2020\/06\/30\/5-jahre-apple-music-das-uneingeloeste-versprechen\/\" rel=\"noopener noreferrer\" target=\"_blank\">https:\/\/meedia.de\/2020\/06\/30\/5-jahre-apple-music-das-uneingeloeste-versprechen\/<\/a><\/p>\n","protected":false},"excerpt":{"rendered":"<p>https:\/\/meedia.de\/2020\/06\/30\/5-jahre-apple-music-das-uneingeloeste-versprechen\/<\/p>\n","protected":false},"author":1,"featured_media":0,"comment_status":"closed","ping_status":"open","sticky":false,"template":"","format":"standard","meta":{"_jetpack_memberships_contains_paid_content":false,"footnotes":"","jetpack_publicize_message":"","jetpack_publicize_feature_enabled":true,"jetpack_social_post_already_shared":true,"jetpack_social_options":{"image_generator_settings":{"template":"highway","default_image_id":0,"font":"","enabled":false},"version":2}},"categories":[1],"tags":[],"class_list":["post-29245","post","type-post","status-publish","format-standard","hentry","category-deutsch"],"jetpack_publicize_connections":[],"jetpack_featured_media_url":"","jetpack_sharing_enabled":true,"jetpack_shortlink":"https:\/\/wp.me\/p5CDmr-7BH","jetpack-related-posts":[{"id":29138,"url":"https:\/\/www.achimbrueckner.de\/dxradio\/php\/wordpress\/?p=29138","url_meta":{"origin":29245,"position":0},"title":"Apple Music startet erste deutschsprachige Radio-Show","author":"Administrator","date":"June 19, 2020","format":false,"excerpt":"https:\/\/meedia.de\/2020\/06\/18\/apple-music-startet-erste-deutschsprachige-radio-show\/","rel":"","context":"In &quot;Deutsch&quot;","block_context":{"text":"Deutsch","link":"https:\/\/www.achimbrueckner.de\/dxradio\/php\/wordpress\/?cat=1"},"img":{"alt_text":"","src":"","width":0,"height":0},"classes":[]},{"id":17997,"url":"https:\/\/www.achimbrueckner.de\/dxradio\/php\/wordpress\/?p=17997","url_meta":{"origin":29245,"position":1},"title":"NDR startet Radio- und Podcast-Serie \u201cDas Versprechen\u201d","author":"Administrator","date":"May 31, 2018","format":false,"excerpt":"https:\/\/www.radioszene.de\/122624\/ndr-das-versprechen.html","rel":"","context":"In &quot;Deutsch&quot;","block_context":{"text":"Deutsch","link":"https:\/\/www.achimbrueckner.de\/dxradio\/php\/wordpress\/?cat=1"},"img":{"alt_text":"","src":"","width":0,"height":0},"classes":[]},{"id":27745,"url":"https:\/\/www.achimbrueckner.de\/dxradio\/php\/wordpress\/?p=27745","url_meta":{"origin":29245,"position":2},"title":"Gastkommentar: \u201cViele \u00f6sterreichische Medien werden die n\u00e4chsten Jahre nicht \u00fcberleben\u201d","author":"Administrator","date":"March 25, 2020","format":false,"excerpt":"https:\/\/meedia.de\/2020\/03\/24\/gastkommentar-viele-oesterreichische-medien-werden-die-naechsten-jahre-nicht-ueberleben\/","rel":"","context":"In &quot;Deutsch&quot;","block_context":{"text":"Deutsch","link":"https:\/\/www.achimbrueckner.de\/dxradio\/php\/wordpress\/?cat=1"},"img":{"alt_text":"","src":"","width":0,"height":0},"classes":[]},{"id":36474,"url":"https:\/\/www.achimbrueckner.de\/dxradio\/php\/wordpress\/?p=36474","url_meta":{"origin":29245,"position":3},"title":"Das Gesch\u00e4ft von Spotify, Amazon und Apple Music: So wenig verdienen Newcomer beim Streaming | Doku","author":"Administrator","date":"June 6, 2022","format":false,"excerpt":"https:\/\/www.youtube.com\/watch?v=0qhuthv90_g","rel":"","context":"In &quot;Deutsch&quot;","block_context":{"text":"Deutsch","link":"https:\/\/www.achimbrueckner.de\/dxradio\/php\/wordpress\/?cat=1"},"img":{"alt_text":"","src":"","width":0,"height":0},"classes":[]},{"id":34272,"url":"https:\/\/www.achimbrueckner.de\/dxradio\/php\/wordpress\/?p=34272","url_meta":{"origin":29245,"position":4},"title":"R\u00fcckblick 2021: Das RTVS-Jubil\u00e4umsjahr 95 Jahre Rundfunk \/ 65 Jahre Fernsehen in der Slowakei","author":"Administrator","date":"December 28, 2021","format":false,"excerpt":"https:\/\/dersi.rtvs.sk\/clanky\/kultur\/277301\/ruckblick-2021-das-rtvs-jubilaumsjahr-95-jahre-rundfunk-65-jahre-fernsehen-in-der-slowakei","rel":"","context":"In &quot;Deutsch&quot;","block_context":{"text":"Deutsch","link":"https:\/\/www.achimbrueckner.de\/dxradio\/php\/wordpress\/?cat=1"},"img":{"alt_text":"","src":"","width":0,"height":0},"classes":[]},{"id":39488,"url":"https:\/\/www.achimbrueckner.de\/dxradio\/php\/wordpress\/?p=39488","url_meta":{"origin":29245,"position":5},"title":"100 Jahre &#8211; Das Radio spricht, das Radio swingt","author":"Administrator","date":"May 15, 2023","format":false,"excerpt":"https:\/\/www.hr2.de\/podcasts\/dokumentation-reportage\/100-jahre---das-radio-spricht-das-radio-swingt,podcast-episode-113302.html","rel":"","context":"In &quot;Deutsch&quot;","block_context":{"text":"Deutsch","link":"https:\/\/www.achimbrueckner.de\/dxradio\/php\/wordpress\/?cat=1"},"img":{"alt_text":"","src":"","width":0,"height":0},"classes":[]}],"_links":{"self":[{"href":"https:\/\/www.achimbrueckner.de\/dxradio\/php\/wordpress\/index.php?rest_route=\/wp\/v2\/posts\/29245","targetHints":{"allow":["GET"]}}],"collection":[{"href":"https:\/\/www.achimbrueckner.de\/dxradio\/php\/wordpress\/index.php?rest_route=\/wp\/v2\/posts"}],"about":[{"href":"https:\/\/www.achimbrueckner.de\/dxradio\/php\/wordpress\/index.php?rest_route=\/wp\/v2\/types\/post"}],"author":[{"embeddable":true,"href":"https:\/\/www.achimbrueckner.de\/dxradio\/php\/wordpress\/index.php?rest_route=\/wp\/v2\/users\/1"}],"replies":[{"embeddable":true,"href":"https:\/\/www.achimbrueckner.de\/dxradio\/php\/wordpress\/index.php?rest_route=%2Fwp%2Fv2%2Fcomments&post=29245"}],"version-history":[{"count":0,"href":"https:\/\/www.achimbrueckner.de\/dxradio\/php\/wordpress\/index.php?rest_route=\/wp\/v2\/posts\/29245\/revisions"}],"wp:attachment":[{"href":"https:\/\/www.achimbrueckner.de\/dxradio\/php\/wordpress\/index.php?rest_route=%2Fwp%2Fv2%2Fmedia&parent=29245"}],"wp:term":[{"taxonomy":"category","embeddable":true,"href":"https:\/\/www.achimbrueckner.de\/dxradio\/php\/wordpress\/index.php?rest_route=%2Fwp%2Fv2%2Fcategories&post=29245"},{"taxonomy":"post_tag","embeddable":true,"href":"https:\/\/www.achimbrueckner.de\/dxradio\/php\/wordpress\/index.php?rest_route=%2Fwp%2Fv2%2Ftags&post=29245"}],"curies":[{"name":"wp","href":"https:\/\/api.w.org\/{rel}","templated":true}]}}