{"id":29311,"date":"2020-07-04T12:38:28","date_gmt":"2020-07-04T12:38:28","guid":{"rendered":"https:\/\/www.achimbrueckner.de\/dxradio\/php\/wordpress\/?p=29311"},"modified":"2020-07-04T12:38:28","modified_gmt":"2020-07-04T12:38:28","slug":"grosbritannien-analog-abschaltung-nicht-vor-2032","status":"publish","type":"post","link":"https:\/\/www.achimbrueckner.de\/dxradio\/php\/wordpress\/?p=29311","title":{"rendered":"Gro\u00dfbritannien: Analog-Abschaltung nicht vor 2032"},"content":{"rendered":"<p><a href=\"https:\/\/www.radioszene.de\/145162\/grossbritannien-mittelwelle-analog-abschaltung.html\" rel=\"noopener noreferrer\" target=\"_blank\">https:\/\/www.radioszene.de\/145162\/grossbritannien-mittelwelle-analog-abschaltung.html<\/a><\/p>\n","protected":false},"excerpt":{"rendered":"<p>https:\/\/www.radioszene.de\/145162\/grossbritannien-mittelwelle-analog-abschaltung.html<\/p>\n","protected":false},"author":1,"featured_media":0,"comment_status":"closed","ping_status":"open","sticky":false,"template":"","format":"standard","meta":{"_jetpack_memberships_contains_paid_content":false,"footnotes":"","jetpack_publicize_message":"","jetpack_publicize_feature_enabled":true,"jetpack_social_post_already_shared":true,"jetpack_social_options":{"image_generator_settings":{"template":"highway","default_image_id":0,"font":"","enabled":false},"version":2}},"categories":[1,16],"tags":[41],"class_list":["post-29311","post","type-post","status-publish","format-standard","hentry","category-deutsch","category-radioszene","tag-radioszene"],"jetpack_publicize_connections":[],"jetpack_featured_media_url":"","jetpack_sharing_enabled":true,"jetpack_shortlink":"https:\/\/wp.me\/p5CDmr-7CL","jetpack-related-posts":[{"id":23203,"url":"https:\/\/www.achimbrueckner.de\/dxradio\/php\/wordpress\/?p=23203","url_meta":{"origin":29311,"position":0},"title":"DAB+ in Gro\u00dfbritannien: Steigende H\u00f6rerzahlen und Rekordwerte","author":"Administrator","date":"May 23, 2019","format":false,"excerpt":"https:\/\/www.radioszene.de\/133228\/dab-grossbritannien-hoererzahlen.html","rel":"","context":"In &quot;Deutsch&quot;","block_context":{"text":"Deutsch","link":"https:\/\/www.achimbrueckner.de\/dxradio\/php\/wordpress\/?cat=1"},"img":{"alt_text":"","src":"","width":0,"height":0},"classes":[]},{"id":7724,"url":"https:\/\/www.achimbrueckner.de\/dxradio\/php\/wordpress\/?p=7724","url_meta":{"origin":29311,"position":1},"title":"Digitalboom in Gro\u00dfbritannien \u2013 neuer Multiplex geht in Betrieb","author":"Administrator","date":"March 1, 2016","format":false,"excerpt":"http:\/\/www.radioszene.de\/88018\/digitalboom-grossbritannien-neuer-multiplex-geht-betrieb.html","rel":"","context":"In &quot;Deutsch&quot;","block_context":{"text":"Deutsch","link":"https:\/\/www.achimbrueckner.de\/dxradio\/php\/wordpress\/?cat=1"},"img":{"alt_text":"","src":"","width":0,"height":0},"classes":[]},{"id":27205,"url":"https:\/\/www.achimbrueckner.de\/dxradio\/php\/wordpress\/?p=27205","url_meta":{"origin":29311,"position":2},"title":"Gro\u00dfbritannien: Kommt nach dem Brexit auch der AM- und FMexit?","author":"Administrator","date":"February 19, 2020","format":false,"excerpt":"https:\/\/www.radioszene.de\/140774\/grossbritannien-brexit-amexit-fmexit.html","rel":"","context":"In &quot;Deutsch&quot;","block_context":{"text":"Deutsch","link":"https:\/\/www.achimbrueckner.de\/dxradio\/php\/wordpress\/?cat=1"},"img":{"alt_text":"","src":"","width":0,"height":0},"classes":[]},{"id":1732,"url":"https:\/\/www.achimbrueckner.de\/dxradio\/php\/wordpress\/?p=1732","url_meta":{"origin":29311,"position":3},"title":"Neue H\u00f6rerzahlen aus Gro\u00dfbritannien: erstaunlicher Zuwachs","author":"Administrator","date":"August 5, 2011","format":false,"excerpt":"Neue H\u00f6rerzahlen aus Gro\u00dfbritannien: erstaunlicher Zuwachs http:\/\/www.radioszene.de\/28332\/neue-hoererzahlen-aus-grossbritannien-erstaunlicher-zuwachs.html","rel":"","context":"In &quot;Deutsch&quot;","block_context":{"text":"Deutsch","link":"https:\/\/www.achimbrueckner.de\/dxradio\/php\/wordpress\/?cat=1"},"img":{"alt_text":"","src":"","width":0,"height":0},"classes":[]},{"id":1551,"url":"https:\/\/www.achimbrueckner.de\/dxradio\/php\/wordpress\/?p=1551","url_meta":{"origin":29311,"position":4},"title":"Neue H\u00f6rerzahlen aus Gro\u00dfbritannien","author":"Administrator","date":"May 16, 2011","format":false,"excerpt":"Neue H\u00f6rerzahlen aus Gro\u00dfbritannien http:\/\/www.radioszene.de\/24717\/neue-hoererzahlen-aus-grossbritannien.html","rel":"","context":"In &quot;Deutsch&quot;","block_context":{"text":"Deutsch","link":"https:\/\/www.achimbrueckner.de\/dxradio\/php\/wordpress\/?cat=1"},"img":{"alt_text":"","src":"","width":0,"height":0},"classes":[]},{"id":16492,"url":"https:\/\/www.achimbrueckner.de\/dxradio\/php\/wordpress\/?p=16492","url_meta":{"origin":29311,"position":5},"title":"Ist Gro\u00dfbritannien reif f\u00fcr UKW-Abschaltung?","author":"Administrator","date":"February 15, 2018","format":false,"excerpt":"http:\/\/www.radioszene.de\/118462\/ukw-abschaltung-grossbritannien.html","rel":"","context":"In &quot;Deutsch&quot;","block_context":{"text":"Deutsch","link":"https:\/\/www.achimbrueckner.de\/dxradio\/php\/wordpress\/?cat=1"},"img":{"alt_text":"","src":"","width":0,"height":0},"classes":[]}],"_links":{"self":[{"href":"https:\/\/www.achimbrueckner.de\/dxradio\/php\/wordpress\/index.php?rest_route=\/wp\/v2\/posts\/29311","targetHints":{"allow":["GET"]}}],"collection":[{"href":"https:\/\/www.achimbrueckner.de\/dxradio\/php\/wordpress\/index.php?rest_route=\/wp\/v2\/posts"}],"about":[{"href":"https:\/\/www.achimbrueckner.de\/dxradio\/php\/wordpress\/index.php?rest_route=\/wp\/v2\/types\/post"}],"author":[{"embeddable":true,"href":"https:\/\/www.achimbrueckner.de\/dxradio\/php\/wordpress\/index.php?rest_route=\/wp\/v2\/users\/1"}],"replies":[{"embeddable":true,"href":"https:\/\/www.achimbrueckner.de\/dxradio\/php\/wordpress\/index.php?rest_route=%2Fwp%2Fv2%2Fcomments&post=29311"}],"version-history":[{"count":0,"href":"https:\/\/www.achimbrueckner.de\/dxradio\/php\/wordpress\/index.php?rest_route=\/wp\/v2\/posts\/29311\/revisions"}],"wp:attachment":[{"href":"https:\/\/www.achimbrueckner.de\/dxradio\/php\/wordpress\/index.php?rest_route=%2Fwp%2Fv2%2Fmedia&parent=29311"}],"wp:term":[{"taxonomy":"category","embeddable":true,"href":"https:\/\/www.achimbrueckner.de\/dxradio\/php\/wordpress\/index.php?rest_route=%2Fwp%2Fv2%2Fcategories&post=29311"},{"taxonomy":"post_tag","embeddable":true,"href":"https:\/\/www.achimbrueckner.de\/dxradio\/php\/wordpress\/index.php?rest_route=%2Fwp%2Fv2%2Ftags&post=29311"}],"curies":[{"name":"wp","href":"https:\/\/api.w.org\/{rel}","templated":true}]}}