{"id":29328,"date":"2020-07-05T21:34:54","date_gmt":"2020-07-05T21:34:54","guid":{"rendered":"https:\/\/www.achimbrueckner.de\/dxradio\/php\/wordpress\/?p=29328"},"modified":"2020-07-05T21:34:54","modified_gmt":"2020-07-05T21:34:54","slug":"privatsender-verband-warnt-vor-digitalen-alleingangen-des-orf","status":"publish","type":"post","link":"https:\/\/www.achimbrueckner.de\/dxradio\/php\/wordpress\/?p=29328","title":{"rendered":"Privatsender-Verband warnt vor &#8220;digitalen Alleing\u00e4ngen&#8221; des ORF"},"content":{"rendered":"<p><a href=\"https:\/\/medianet.at\/news\/marketing-and-media\/privatsender-verband-warnt-vor-digitalen-alleingaengen-des-orf-34153.html\" rel=\"noopener noreferrer\" target=\"_blank\">https:\/\/medianet.at\/news\/marketing-and-media\/privatsender-verband-warnt-vor-digitalen-alleingaengen-des-orf-34153.html<\/a><\/p>\n","protected":false},"excerpt":{"rendered":"<p>https:\/\/medianet.at\/news\/marketing-and-media\/privatsender-verband-warnt-vor-digitalen-alleingaengen-des-orf-34153.html<\/p>\n","protected":false},"author":1,"featured_media":0,"comment_status":"closed","ping_status":"open","sticky":false,"template":"","format":"standard","meta":{"_jetpack_memberships_contains_paid_content":false,"footnotes":"","jetpack_publicize_message":"","jetpack_publicize_feature_enabled":true,"jetpack_social_post_already_shared":true,"jetpack_social_options":{"image_generator_settings":{"template":"highway","default_image_id":0,"font":"","enabled":false},"version":2}},"categories":[1,17],"tags":[46],"class_list":["post-29328","post","type-post","status-publish","format-standard","hentry","category-deutsch","category-media","tag-media"],"jetpack_publicize_connections":[],"jetpack_featured_media_url":"","jetpack_sharing_enabled":true,"jetpack_shortlink":"https:\/\/wp.me\/p5CDmr-7D2","jetpack-related-posts":[{"id":21916,"url":"https:\/\/www.achimbrueckner.de\/dxradio\/php\/wordpress\/?p=21916","url_meta":{"origin":29328,"position":0},"title":"ORF warnt vor Verstaatlichung des Rundfunks in \u00d6sterreich","author":"Administrator","date":"March 1, 2019","format":false,"excerpt":"https:\/\/www.handelsblatt.com\/unternehmen\/it-medien\/plaene-von-fpoe-und-oevp-orf-warnt-vor-verstaatlichung-des-rundfunks-in-oesterreich\/24051354.html?ticket=ST-1867898-fYsA74Q5n9MnqL9yaJ2Q-ap2","rel":"","context":"In &quot;Deutsch&quot;","block_context":{"text":"Deutsch","link":"https:\/\/www.achimbrueckner.de\/dxradio\/php\/wordpress\/?cat=1"},"img":{"alt_text":"","src":"","width":0,"height":0},"classes":[]},{"id":18004,"url":"https:\/\/www.achimbrueckner.de\/dxradio\/php\/wordpress\/?p=18004","url_meta":{"origin":29328,"position":1},"title":"Privatsender wollen &#8220;zumindest&#8221; einen ORF-Radiokanal, keine GIS","author":"Administrator","date":"June 1, 2018","format":false,"excerpt":"https:\/\/derstandard.at\/2000080740982\/Privatsender-wollen-zumindest-einen-ORF-Radiosender-GIS-abschaffen-mehr-Foerderung","rel":"","context":"In &quot;Deutsch&quot;","block_context":{"text":"Deutsch","link":"https:\/\/www.achimbrueckner.de\/dxradio\/php\/wordpress\/?cat=1"},"img":{"alt_text":"","src":"","width":0,"height":0},"classes":[]},{"id":31424,"url":"https:\/\/www.achimbrueckner.de\/dxradio\/php\/wordpress\/?p=31424","url_meta":{"origin":29328,"position":2},"title":"rC3: Cory Doctorow warnt vor &#8220;digitalen \u00c4quivalenten der Atombombe&#8221;","author":"Administrator","date":"December 29, 2020","format":false,"excerpt":"https:\/\/www.heise.de\/news\/rC3-Cory-Doctorow-warnt-vor-digitalen-Aequivalenten-der-Atombombe-5000317.html","rel":"","context":"In &quot;Deutsch&quot;","block_context":{"text":"Deutsch","link":"https:\/\/www.achimbrueckner.de\/dxradio\/php\/wordpress\/?cat=1"},"img":{"alt_text":"","src":"","width":0,"height":0},"classes":[]},{"id":22925,"url":"https:\/\/www.achimbrueckner.de\/dxradio\/php\/wordpress\/?p=22925","url_meta":{"origin":29328,"position":3},"title":"Aus ORF eins wird ORF 1, mehr Geld f\u00fcr Privatsender","author":"Administrator","date":"April 30, 2019","format":false,"excerpt":"https:\/\/www.dwdl.de\/nachrichten\/72104\/aus_orf_eins_wird_orf_1_mehr_geld_fuer_privatsender\/","rel":"","context":"In &quot;Deutsch&quot;","block_context":{"text":"Deutsch","link":"https:\/\/www.achimbrueckner.de\/dxradio\/php\/wordpress\/?cat=1"},"img":{"alt_text":"","src":"","width":0,"height":0},"classes":[]},{"id":24867,"url":"https:\/\/www.achimbrueckner.de\/dxradio\/php\/wordpress\/?p=24867","url_meta":{"origin":29328,"position":4},"title":"PRIVATSENDER W\u00fcnsche f\u00fcr den ORF: Von Aktiengesellschaft bis 40 Prozent \u00d6sterreich-Quote","author":"Administrator","date":"September 19, 2019","format":false,"excerpt":"https:\/\/www.derstandard.de\/story\/2000108794787\/wuensche-fuer-den-orf-von-aktiengesellschaft-bis-40-prozent-oesterreich","rel":"","context":"In &quot;Deutsch&quot;","block_context":{"text":"Deutsch","link":"https:\/\/www.achimbrueckner.de\/dxradio\/php\/wordpress\/?cat=1"},"img":{"alt_text":"","src":"","width":0,"height":0},"classes":[]},{"id":21852,"url":"https:\/\/www.achimbrueckner.de\/dxradio\/php\/wordpress\/?p=21852","url_meta":{"origin":29328,"position":5},"title":"\u00d6sterreich: ORF, ORS und Privatsender fordern 5G Broadcasting ohne SIM-Karte f\u00fcr Radio und TV","author":"Administrator","date":"February 27, 2019","format":false,"excerpt":"https:\/\/www.satellifax.de\/mlesen.php?id=92f65e0608541839eb9966dd1723324e","rel":"","context":"In &quot;Deutsch&quot;","block_context":{"text":"Deutsch","link":"https:\/\/www.achimbrueckner.de\/dxradio\/php\/wordpress\/?cat=1"},"img":{"alt_text":"","src":"","width":0,"height":0},"classes":[]}],"_links":{"self":[{"href":"https:\/\/www.achimbrueckner.de\/dxradio\/php\/wordpress\/index.php?rest_route=\/wp\/v2\/posts\/29328","targetHints":{"allow":["GET"]}}],"collection":[{"href":"https:\/\/www.achimbrueckner.de\/dxradio\/php\/wordpress\/index.php?rest_route=\/wp\/v2\/posts"}],"about":[{"href":"https:\/\/www.achimbrueckner.de\/dxradio\/php\/wordpress\/index.php?rest_route=\/wp\/v2\/types\/post"}],"author":[{"embeddable":true,"href":"https:\/\/www.achimbrueckner.de\/dxradio\/php\/wordpress\/index.php?rest_route=\/wp\/v2\/users\/1"}],"replies":[{"embeddable":true,"href":"https:\/\/www.achimbrueckner.de\/dxradio\/php\/wordpress\/index.php?rest_route=%2Fwp%2Fv2%2Fcomments&post=29328"}],"version-history":[{"count":0,"href":"https:\/\/www.achimbrueckner.de\/dxradio\/php\/wordpress\/index.php?rest_route=\/wp\/v2\/posts\/29328\/revisions"}],"wp:attachment":[{"href":"https:\/\/www.achimbrueckner.de\/dxradio\/php\/wordpress\/index.php?rest_route=%2Fwp%2Fv2%2Fmedia&parent=29328"}],"wp:term":[{"taxonomy":"category","embeddable":true,"href":"https:\/\/www.achimbrueckner.de\/dxradio\/php\/wordpress\/index.php?rest_route=%2Fwp%2Fv2%2Fcategories&post=29328"},{"taxonomy":"post_tag","embeddable":true,"href":"https:\/\/www.achimbrueckner.de\/dxradio\/php\/wordpress\/index.php?rest_route=%2Fwp%2Fv2%2Ftags&post=29328"}],"curies":[{"name":"wp","href":"https:\/\/api.w.org\/{rel}","templated":true}]}}