{"id":29343,"date":"2020-07-05T22:23:38","date_gmt":"2020-07-05T22:23:38","guid":{"rendered":"https:\/\/www.achimbrueckner.de\/dxradio\/php\/wordpress\/?p=29343"},"modified":"2020-07-05T22:23:38","modified_gmt":"2020-07-05T22:23:38","slug":"amateurfunk-das-umfassende-handbuch-autor-harald-zisler","status":"publish","type":"post","link":"https:\/\/www.achimbrueckner.de\/dxradio\/php\/wordpress\/?p=29343","title":{"rendered":"Amateurfunk Das umfassende Handbuch Autor: Harald Zisler"},"content":{"rendered":"<p><a href=\"https:\/\/www.weltbild.de\/artikel\/buch\/amateurfunk_27957656-1\" rel=\"noopener noreferrer\" target=\"_blank\">https:\/\/www.weltbild.de\/artikel\/buch\/amateurfunk_27957656-1<\/a><\/p>\n","protected":false},"excerpt":{"rendered":"<p>https:\/\/www.weltbild.de\/artikel\/buch\/amateurfunk_27957656-1<\/p>\n","protected":false},"author":1,"featured_media":0,"comment_status":"closed","ping_status":"open","sticky":false,"template":"","format":"standard","meta":{"_jetpack_memberships_contains_paid_content":false,"footnotes":"","jetpack_publicize_message":"","jetpack_publicize_feature_enabled":true,"jetpack_social_post_already_shared":true,"jetpack_social_options":{"image_generator_settings":{"template":"highway","default_image_id":0,"font":"","enabled":false},"version":2}},"categories":[1],"tags":[24],"class_list":["post-29343","post","type-post","status-publish","format-standard","hentry","category-deutsch","tag-am"],"jetpack_publicize_connections":[],"jetpack_featured_media_url":"","jetpack_sharing_enabled":true,"jetpack_shortlink":"https:\/\/wp.me\/p5CDmr-7Dh","jetpack-related-posts":[{"id":31989,"url":"https:\/\/www.achimbrueckner.de\/dxradio\/php\/wordpress\/?p=31989","url_meta":{"origin":29343,"position":0},"title":"Amateurfunk Das umfassende Handbuch","author":"Administrator","date":"February 15, 2021","format":false,"excerpt":"https:\/\/www.rheinwerk-verlag.de\/amateurfunk-das-umfassende-handbuch\/","rel":"","context":"In &quot;Deutsch&quot;","block_context":{"text":"Deutsch","link":"https:\/\/www.achimbrueckner.de\/dxradio\/php\/wordpress\/?cat=1"},"img":{"alt_text":"","src":"","width":0,"height":0},"classes":[]},{"id":38213,"url":"https:\/\/www.achimbrueckner.de\/dxradio\/php\/wordpress\/?p=38213","url_meta":{"origin":29343,"position":1},"title":"Neues zum WRTH 2023","author":"Administrator","date":"December 15, 2022","format":false,"excerpt":"Neues zum WRTH: (aber noch keine Bestellm\u00f6glichkeit) Mit der Ausgabe 2023 wird das World Radio TV Handbook zum ersten Mal auch in einer digitalen Version erh\u00e4ltlich sein. So k\u00f6nnen Sie entscheiden, ob Sie das klassische gedruckte Handbuch, die Web-App oder beides zusammen kaufen m\u00f6chten. Die Preise: Web App 24,90 \u20ac\u2026","rel":"","context":"In &quot;Deutsch&quot;","block_context":{"text":"Deutsch","link":"https:\/\/www.achimbrueckner.de\/dxradio\/php\/wordpress\/?cat=1"},"img":{"alt_text":"","src":"","width":0,"height":0},"classes":[]},{"id":26271,"url":"https:\/\/www.achimbrueckner.de\/dxradio\/php\/wordpress\/?p=26271","url_meta":{"origin":29343,"position":2},"title":"Kinder haben das Wort \u2013 Amateurfunk hautnah","author":"Administrator","date":"December 20, 2019","format":false,"excerpt":"https:\/\/www.vrm-lokal.de\/online\/kinder-haben-das-wort--amateurfunk-hautnah_20888691.htm","rel":"","context":"In &quot;Deutsch&quot;","block_context":{"text":"Deutsch","link":"https:\/\/www.achimbrueckner.de\/dxradio\/php\/wordpress\/?cat=1"},"img":{"alt_text":"","src":"","width":0,"height":0},"classes":[]},{"id":27945,"url":"https:\/\/www.achimbrueckner.de\/dxradio\/php\/wordpress\/?p=27945","url_meta":{"origin":29343,"position":3},"title":"Amateurfunk als das &#8220;Tor zur Welt&#8221;","author":"Administrator","date":"April 2, 2020","format":false,"excerpt":"https:\/\/www.donaukurier.de\/lokales\/pfaffenhofen\/Covid-19-Amateurfunk-als-das-Tor-zur-Welt;art600,4540320","rel":"","context":"In &quot;Deutsch&quot;","block_context":{"text":"Deutsch","link":"https:\/\/www.achimbrueckner.de\/dxradio\/php\/wordpress\/?cat=1"},"img":{"alt_text":"","src":"","width":0,"height":0},"classes":[]},{"id":31515,"url":"https:\/\/www.achimbrueckner.de\/dxradio\/php\/wordpress\/?p=31515","url_meta":{"origin":29343,"position":4},"title":"Amateurfunk: Wie ein Rollator das Tor zur Welt \u00f6ffnet","author":"Administrator","date":"January 5, 2021","format":false,"excerpt":"https:\/\/www.haz.de\/Hannover\/Aus-der-Stadt\/Amateurfunk-in-Hannover-Armin-Weidauer-baut-einen-Rollator-zum-mobilen-Funkgeraet-um","rel":"","context":"In &quot;Deutsch&quot;","block_context":{"text":"Deutsch","link":"https:\/\/www.achimbrueckner.de\/dxradio\/php\/wordpress\/?cat=1"},"img":{"alt_text":"","src":"","width":0,"height":0},"classes":[]},{"id":18080,"url":"https:\/\/www.achimbrueckner.de\/dxradio\/php\/wordpress\/?p=18080","url_meta":{"origin":29343,"position":5},"title":"Das Video zur Hamradio 2018","author":"Administrator","date":"June 6, 2018","format":false,"excerpt":"https:\/\/dl2ymr.de\/amateurfunk\/das-video-zur-hamradio\/","rel":"","context":"In &quot;Deutsch&quot;","block_context":{"text":"Deutsch","link":"https:\/\/www.achimbrueckner.de\/dxradio\/php\/wordpress\/?cat=1"},"img":{"alt_text":"","src":"","width":0,"height":0},"classes":[]}],"_links":{"self":[{"href":"https:\/\/www.achimbrueckner.de\/dxradio\/php\/wordpress\/index.php?rest_route=\/wp\/v2\/posts\/29343","targetHints":{"allow":["GET"]}}],"collection":[{"href":"https:\/\/www.achimbrueckner.de\/dxradio\/php\/wordpress\/index.php?rest_route=\/wp\/v2\/posts"}],"about":[{"href":"https:\/\/www.achimbrueckner.de\/dxradio\/php\/wordpress\/index.php?rest_route=\/wp\/v2\/types\/post"}],"author":[{"embeddable":true,"href":"https:\/\/www.achimbrueckner.de\/dxradio\/php\/wordpress\/index.php?rest_route=\/wp\/v2\/users\/1"}],"replies":[{"embeddable":true,"href":"https:\/\/www.achimbrueckner.de\/dxradio\/php\/wordpress\/index.php?rest_route=%2Fwp%2Fv2%2Fcomments&post=29343"}],"version-history":[{"count":0,"href":"https:\/\/www.achimbrueckner.de\/dxradio\/php\/wordpress\/index.php?rest_route=\/wp\/v2\/posts\/29343\/revisions"}],"wp:attachment":[{"href":"https:\/\/www.achimbrueckner.de\/dxradio\/php\/wordpress\/index.php?rest_route=%2Fwp%2Fv2%2Fmedia&parent=29343"}],"wp:term":[{"taxonomy":"category","embeddable":true,"href":"https:\/\/www.achimbrueckner.de\/dxradio\/php\/wordpress\/index.php?rest_route=%2Fwp%2Fv2%2Fcategories&post=29343"},{"taxonomy":"post_tag","embeddable":true,"href":"https:\/\/www.achimbrueckner.de\/dxradio\/php\/wordpress\/index.php?rest_route=%2Fwp%2Fv2%2Ftags&post=29343"}],"curies":[{"name":"wp","href":"https:\/\/api.w.org\/{rel}","templated":true}]}}